{"id":573441,"date":"2025-12-02T15:56:15","date_gmt":"2025-12-02T15:56:15","guid":{"rendered":"https:\/\/www.europesays.com\/fr\/573441\/"},"modified":"2025-12-02T15:56:15","modified_gmt":"2025-12-02T15:56:15","slug":"donald-trump-a-gracie-lex-president-du-honduras-mais-cette-decision-na-vraiment-aucun-sens","status":"publish","type":"post","link":"https:\/\/www.europesays.com\/fr\/573441\/","title":{"rendered":"Donald Trump a graci\u00e9 l\u2019ex-pr\u00e9sident du Honduras, mais cette d\u00e9cision n\u2019a vraiment aucun sens"},"content":{"rendered":"<p>        <img decoding=\"async\" loading=\"lazy\" src=\"https:\/\/www.europesays.com\/fr\/wp-content\/uploads\/2025\/11\/1a308d6_upload-1-yceitab9sefn-afp-20250722-2226494987-v4-highres-presidenttrumphostsphillipinespresi.jpeg\"  width=\"728\" height=\"409\" alt=\"Donald Trump (ici en juillet 2025) a graci\u00e9 l\u2019ex-pr\u00e9sident du Honduras, mais cette d\u00e9cision n\u2019a vraiment aucun sens.\"\/>  <\/p>\n<p>CHIP SOMODEVILLA \/ Getty Images via AFP<\/p>\n<p>Donald Trump (ici en juillet 2025) a graci\u00e9 l\u2019ex-pr\u00e9sident du Honduras, mais cette d\u00e9cision n\u2019a vraiment aucun sens.<\/p>\n<p>      <strong>EN BREF<\/strong> <strong>\u2022 <\/strong>Donald Trump a graci\u00e9 Juan Orlando Hern\u00e1ndez, ex-pr\u00e9sident du Honduras, condamn\u00e9 aux \u00c9tats-Unis \u00e0 45\u00a0ans de prison pour narcotrafic.<br \/><strong>\u2022 <\/strong>Cette gr\u00e2ce suscite la stupeur car elle contredit le discours de Trump sur la lutte contre le narcotrafic.<br \/><strong>\u2022 <\/strong>Donald Trump s\u2019est aussi immisc\u00e9 dans la politique locale hondurienne en soutenant le candidat d\u2019opposition \u00e0 la pr\u00e9sidentielle.                         <\/p>\n<p class=\"asset asset-text\">Une d\u00e9cision injustifi\u00e9e et injustifiable. Donald Trump a suscit\u00e9 la stupeur parmi la classe politique aux \u00c9tats-Unis et au Honduras en annon\u00e7ant vendredi 28\u00a0novembre son intention de <a href=\"https:\/\/www.huffingtonpost.fr\/international\/article\/benjamin-netanyahu-fait-officiellement-une-demande-de-grace-que-donald-trump-appelait-deja-de-ses-v-ux_257690.html\" target=\"_blank\" rel=\"noopener\">gracier<\/a> l\u2019ex-pr\u00e9sident Juan Orlando Hern\u00e1ndez \u2013 \u00ab\u00a0JOH\u00a0\u00bb pour les aficionados de la politique hondurienne. Ce dernier a donc bien \u00e9t\u00e9 graci\u00e9, et est m\u00eame d\u00e9j\u00e0 sorti de prison, a annonc\u00e9 son \u00e9pouse ce mardi 2\u00a0d\u00e9cembre.<\/p>\n<p class=\"asset asset-text\">Au pouvoir de 2014\u00a0\u00e0 2022, il avait \u00e9t\u00e9 condamn\u00e9 \u00e0 une peine de 45\u00a0ans de prison sur le sol am\u00e9ricain pour trafic international de drogue. Les faits reproch\u00e9s lors de son proc\u00e8s d\u00e9but 2024\u00a0\u00e9taient accablants, comme le rappelle l\u2019agence <a href=\"https:\/\/apnews.com\/article\/honduras-trump-hernandez-pardon-drugs-e858428426bcae1df8eef3341e2fcd20\" target=\"_blank\" rel=\"noopener\" title=\"Nouvelle fen\u00eatre\">Associated Press<\/a>. Le tribunal avait conclu que derri\u00e8re ses beaux discours de lutte contre les cartels et l\u2019ins\u00e9curit\u00e9, Juan Orlando Hern\u00e1ndez utilisait en r\u00e9alit\u00e9 l\u2019arm\u00e9e et la police honduriennes pour \u00ab\u00a0acheminer des cargaisons de drogue \u00e0 travers le pays\u00a0\u00bb.<\/p>\n<p class=\"asset asset-text\">Des t\u00e9moins lors du proc\u00e8s l\u2019ont d\u00e9crit comme un \u00ab\u00a0protecteur enthousiaste\u00a0\u00bb de grands trafiquants de coca\u00efne, dont le c\u00e9l\u00e8bre baron de la drogue mexicain <a href=\"https:\/\/www.huffingtonpost.fr\/international\/article\/joaquin-el-chapo-guzman-condamne-a-la-prison-a-perpetuite_148693.html\" target=\"_blank\" rel=\"noopener\">El Chapo<\/a>. Ce dernier a vers\u00e9 un pot-de-vin d\u2019un million de dollars au fr\u00e8re de \u00ab\u00a0JOH\u00a0\u00bb, ont d\u00e9clar\u00e9 les magistrats am\u00e9ricains.<\/p>\n<p class=\"asset asset-text\">Reconnu coupable d\u2019avoir aid\u00e9 \u00e0 exp\u00e9dier des centaines de tonnes de coca\u00efne aux \u00c9tats-Unis, Juan Orlando Hern\u00e1ndez n\u2019\u00e9tait pas tendre avec le pays de l\u2019Oncle Sam. Lors de son proc\u00e8s, un procureur cit\u00e9 par <a href=\"https:\/\/www.politico.com\/news\/2025\/11\/30\/trumps-pardon-honduras-president-cocaine-00671135\" target=\"_blank\" rel=\"noopener\" title=\"Nouvelle fen\u00eatre\">Politico<\/a> a rapport\u00e9 que l\u2019ex-pr\u00e9sident s\u2019\u00e9tait vant\u00e9 lors d\u2019une r\u00e9union avec des narcotrafiquants qu\u2019\u00ab\u00a0ensemble, ils allaient fourrer la drogue dans le nez des gringos\u00a0\u00bb \u2013 un terme hispanophone p\u00e9joratif pour d\u00e9signer les \u00e9trangers et notamment les Am\u00e9ricains.<\/p>\n<p>    Cette gr\u00e2ce contredit le discours trumpiste sur le narcotrafic    <\/p>\n<p class=\"asset asset-text\">Ce CV sauce scandale et poudre blanche n\u2019a visiblement pas g\u00ean\u00e9 Donald Trump, pourtant en <a href=\"https:\/\/www.huffingtonpost.fr\/international\/article\/un-crime-de-guerre-ces-revelations-sur-pete-hegseth-inquietent-meme-les-republicains_257701.html\" target=\"_blank\" rel=\"noopener\" title=\"Nouvelle fen\u00eatre\">lutte d\u00e9clar\u00e9e et brutale<\/a> contre les \u00ab\u00a0narcoterroristes\u00a0\u00bb latino-am\u00e9ricains. Dans un message post\u00e9 vendredi 28\u00a0novembre sur Truth Social, le pr\u00e9sident am\u00e9ricain a annonc\u00e9 son intention de sortir Juan Orlando Hern\u00e1ndez de prison. \u00ab\u00a0Je vais [lui] accorder une gr\u00e2ce totale et absolue, a-t-il \u00e9crit, d\u2019apr\u00e8s de nombreuses personnes que je respecte \u00e9norm\u00e9ment, [il] a \u00e9t\u00e9 trait\u00e9 de mani\u00e8re tr\u00e8s dure et injuste.\u00a0\u00bb Difficile de ne pas s\u2019\u00e9tonner face \u00e0 cette annonce, comme le rel\u00e8ve le <a href=\"https:\/\/www.nytimes.com\/2025\/11\/29\/us\/politics\/trump-honduras-venezuela.html\" target=\"_blank\" rel=\"noopener\" title=\"Nouvelle fen\u00eatre\">New York Times<\/a> qui estime que Donald Trump \u00ab\u00a0affiche\u00a0\u00bb ici ses \u00ab\u00a0contradictions\u00a0\u00bb.<\/p>\n<p class=\"asset asset-text\">Le locataire de la Maison Blanche est en pleine <a href=\"https:\/\/www.huffingtonpost.fr\/international\/article\/trump-est-accuse-par-le-venezuela-d-avoir-invente-une-nouvelle-guerre-apres-cette-derniere-escalade_256398.html\" target=\"_blank\" rel=\"noopener\">escalade militaire avec le Venezuela<\/a>, qu\u2019il accuse de soutenir le narcotrafic. Son administration \u00ab\u00a0a eu du mal \u00e0 justifier strat\u00e9giquement le d\u00e9ploiement massif de forces am\u00e9ricaines dans les Cara\u00efbes\u00a0\u00bb, souligne le quotidien am\u00e9ricain, selon qui \u00ab\u00a0l\u2019importance de ces forces laisse supposer des ambitions plus vastes\u00a0\u00bb. En priv\u00e9, les conseillers trumpistes semblent int\u00e9ress\u00e9s par les r\u00e9serves p\u00e9troli\u00e8res v\u00e9n\u00e9zu\u00e9liennes et parlent de destitution du pr\u00e9sident et autocrate Nicol\u00e1s Maduro.<\/p>\n<p class=\"asset asset-text\">Faut-il voir dans lutte du pr\u00e9sident am\u00e9ricain contre le narcotrafic un simple \u00e9cran de fum\u00e9e\u00a0? C\u2019est ce qu\u2019a affirm\u00e9 le s\u00e9nateur d\u00e9mocrate Tim Kaine, grand d\u00e9tracteur de Juan Orlando Hern\u00e1ndez lorsqu\u2019il \u00e9tait encore au pouvoir. Jugeant la situation \u00ab\u00a0choquante\u00a0\u00bb dans une interview dimanche sur <a href=\"https:\/\/www.cbsnews.com\/news\/tim-kaine-virginia-face-the-nation-transcript-11-30-2025\/\" target=\"_blank\" rel=\"noopener\" title=\"Nouvelle fen\u00eatre\">CBS<\/a>, il a affirm\u00e9 qu\u2019en proposant de lib\u00e9rer \u00ab\u00a0le chef de l\u2019une des plus grandes organisations criminelles jamais condamn\u00e9es par les tribunaux am\u00e9ricains\u00a0\u00bb, Donald Trump a prouv\u00e9 qu\u2019il \u00ab\u00a0se moque du trafic de drogue\u00a0\u00bb.<\/p>\n<p>    Trump accus\u00e9 d\u2019\u00ab\u00a0ing\u00e9rence\u00a0\u00bb dans la pr\u00e9sidentielle hondurienne    <\/p>\n<p class=\"asset asset-text\">Le pr\u00e9sident am\u00e9ricain continue pourtant d\u2019affirmer le contraire. Cit\u00e9e par le New York Times, l\u2019une des communicantes de la Maison Blanche (Anna Kelly) affirmait encore que Donald Trump \u00ab\u00a0a fait plus que quiconque pour lutter contre le fl\u00e9au des d\u00e9c\u00e8s li\u00e9s aux drogues illicites\u00a0\u00bb en \u00ab\u00a0s\u00e9curisant la fronti\u00e8re\u00a0\u00bb et \u00ab\u00a0<a href=\"https:\/\/www.huffingtonpost.fr\/international\/video\/ce-que-l-on-sait-de-cette-frappe-sur-un-narco-sous-marin-revendiquee-par-trump-dans-les-caraibes_256149.html\" target=\"_blank\" rel=\"noopener\">en frappant les narcoterroristes<\/a> d\u00e9sign\u00e9s\u00a0qui font passer clandestinement des drogues pour tuer des Am\u00e9ricains\u00a0\u00bb.<\/p>\n<p class=\"asset asset-text\">Alors que la pr\u00e9sidentielle se tenait dimanche au Honduras, la Maison Blanche a apport\u00e9 son soutien au candidat de droite Nasry Asfura. \u00ab\u00a0S\u2019il ne remporte pas les \u00e9lections, les \u00c9tats-Unis ne gaspilleront pas leur argent\u00a0\u00bb, a m\u00eame menac\u00e9 Donald Trump qui donne notamment comme argument\u2026 la lutte contre le trafic de drogue. Dans un message sur Truth Social \u00e9pingl\u00e9 par le <a href=\"https:\/\/www.thetimes.com\/world\/latin-america\/article\/honduras-president-pardon-trump-cocaine-v75gcs6lt\" target=\"_blank\" rel=\"noopener\" title=\"Nouvelle fen\u00eatre\">Times<\/a> et publi\u00e9 avant le scrutin, le pr\u00e9sident se demandait\u00a0: \u00ab\u00a0Maduro et ses narcoterroristes vont-ils s\u2019emparer d\u2019un autre pays comme ils l\u2019ont fait avec Cuba, le Nicaragua et le Venezuela\u00a0?\u00a0\u00bb D\u00e9nonc\u00e9e comme une \u00ab\u00a0communiste\u00a0\u00bb ind\u00e9sirable par la Maison Blanche, la candidate de la gauche au pouvoir Rixi Moncada a d\u00e9nonc\u00e9 les \u00ab\u00a0actions d\u2019ing\u00e9rence\u00a0\u00bb am\u00e9ricaines.<\/p>\n<p class=\"asset asset-text\">Ces alarmes et les incoh\u00e9rences flagrantes de Donald Trump n\u2019ont visiblement pas suffi \u00e0 convaincre les \u00e9lecteurs honduriens, qui semblent avoir suivi ses consignes et ploy\u00e9 face \u00e0 ses menaces. Selon les premi\u00e8res estimations du Conseil national \u00e9lectoral (CNE) parues lundi en d\u00e9but de matin\u00e9e, Nasry Asfura est arriv\u00e9 en t\u00eate du scrutin avec 40,6\u00a0% des voix \u2013 1,8\u00a0point devant son concurrent de droite Salvador Nasralla et 21\u00a0points devant Rixi Moncada.<\/p>\n","protected":false},"excerpt":{"rendered":"CHIP SOMODEVILLA \/ Getty Images via AFP Donald Trump (ici en juillet 2025) a graci\u00e9 l\u2019ex-pr\u00e9sident du Honduras,&hellip;\n","protected":false},"author":2,"featured_media":546690,"comment_status":"","ping_status":"","sticky":false,"template":"","format":"standard","meta":{"footnotes":""},"categories":[5],"tags":[11,75,1011,27,15099,14,12,887,28],"class_list":{"0":"post-573441","1":"post","2":"type-post","3":"status-publish","4":"format-standard","5":"has-post-thumbnail","7":"category-international","8":"tag-actualites","9":"tag-donald-trump","10":"tag-fr","11":"tag-france","12":"tag-honduras","13":"tag-international","14":"tag-news","15":"tag-trafic-de-drogue","16":"tag-world"},"share_on_mastodon":{"url":"https:\/\/pubeurope.com\/@fr\/115650795739199082","error":""},"_links":{"self":[{"href":"https:\/\/www.europesays.com\/fr\/wp-json\/wp\/v2\/posts\/573441","targetHints":{"allow":["GET"]}}],"collection":[{"href":"https:\/\/www.europesays.com\/fr\/wp-json\/wp\/v2\/posts"}],"about":[{"href":"https:\/\/www.europesays.com\/fr\/wp-json\/wp\/v2\/types\/post"}],"author":[{"embeddable":true,"href":"https:\/\/www.europesays.com\/fr\/wp-json\/wp\/v2\/users\/2"}],"replies":[{"embeddable":true,"href":"https:\/\/www.europesays.com\/fr\/wp-json\/wp\/v2\/comments?post=573441"}],"version-history":[{"count":0,"href":"https:\/\/www.europesays.com\/fr\/wp-json\/wp\/v2\/posts\/573441\/revisions"}],"wp:featuredmedia":[{"embeddable":true,"href":"https:\/\/www.europesays.com\/fr\/wp-json\/wp\/v2\/media\/546690"}],"wp:attachment":[{"href":"https:\/\/www.europesays.com\/fr\/wp-json\/wp\/v2\/media?parent=573441"}],"wp:term":[{"taxonomy":"category","embeddable":true,"href":"https:\/\/www.europesays.com\/fr\/wp-json\/wp\/v2\/categories?post=573441"},{"taxonomy":"post_tag","embeddable":true,"href":"https:\/\/www.europesays.com\/fr\/wp-json\/wp\/v2\/tags?post=573441"}],"curies":[{"name":"wp","href":"https:\/\/api.w.org\/{rel}","templated":true}]}}