{"id":573445,"date":"2025-12-02T15:59:13","date_gmt":"2025-12-02T15:59:13","guid":{"rendered":"https:\/\/www.europesays.com\/fr\/573445\/"},"modified":"2025-12-02T15:59:13","modified_gmt":"2025-12-02T15:59:13","slug":"rencontres-penales-le-deal-fonctionne-de-la-meme-maniere-quune-pme","status":"publish","type":"post","link":"https:\/\/www.europesays.com\/fr\/573445\/","title":{"rendered":"Rencontres p\u00e9nales\u00a0: \u00ab\u00a0Le deal fonctionne de la m\u00eame mani\u00e8re qu\u2019une PME\u00a0\u00bb"},"content":{"rendered":"<p class=\"is-style-chapo\">Jeudi 27 novembre se tenait la 5\u00e8me \u00e9dition des Rencontres p\u00e9nales st\u00e9phanoises, co-organis\u00e9es par le barreau de Saint-Etienne et la facult\u00e9 de droit. Cette ann\u00e9e encore, de nombreux professionnels du droit et \u00e9tudiants s\u2019\u00e9taient d\u00e9plac\u00e9s pour un \u00e9clairage sur la th\u00e9matique de \u00ab\u00a0La lutte contre le trafic de stup\u00e9fiants\u00a0\u00bb. Un sujet plus que jamais dans l\u2019actualit\u00e9.<\/p>\n<p><img fetchpriority=\"high\" decoding=\"async\" width=\"1024\" height=\"576\" src=\"https:\/\/www.europesays.com\/fr\/wp-content\/uploads\/2025\/12\/IMG_9587-1024x576.jpg\" alt=\"Fac de droit\" class=\"wp-image-75557\"  \/>Jeudi 27 novembre se tenait la 5\u00e8me \u00e9dition des Rencontres p\u00e9nales st\u00e9phanoises. \u00a9JT\/ If Saint-Etienne <\/p>\n<p>\u00ab\u00a0On ne pouvait pas mieux faire l\u2019actualit\u00e9, a d\u00e9clar\u00e9 en pr\u00e9ambule Me Philippe Cizeron, avocat au barreau de Saint-Etienne, charg\u00e9 de la pr\u00e9sentation et de la mod\u00e9ration de la premi\u00e8re table ronde. C\u2019est peut-\u00eatre la loi de l\u2019ann\u00e9e en mati\u00e8re p\u00e9nale, puis il y a r\u00e9cemment eu l\u2019assassinat de Mehdi Kessaci, et une permission de sortie d\u2019un d\u00e9tenu narcotrafiquant de Vendin-le-Vieil qui a beaucoup fait parler\u00a0\u00bb. <\/p>\n<p>Jeudi 27 novembre, \u00e0 la facult\u00e9 de droit de Saint-Etienne, se tenait la 5\u00e8me \u00e9dition des <a href=\"https:\/\/www.if-saint-etienne.fr\/immobilier-vie-juridique\/rencontres-penales-les-montants-des-saisies-et-confiscations-vont-encore-saccroitre\" target=\"_blank\" rel=\"noreferrer noopener\">Rencontres p\u00e9nales<\/a>, co-organis\u00e9es avec le <a href=\"https:\/\/avocat-saint-etienne.com\/annuaire\/?upage=11&amp;mode=grid\" target=\"_blank\" rel=\"noreferrer noopener\">barreau st\u00e9phanois<\/a>. Cette ann\u00e9e, les d\u00e9bats \u00e9taient concentr\u00e9s autour de la lutte contre le trafic de stup\u00e9fiants et l\u2019amphith\u00e9\u00e2tre a fait le plein d\u2019\u00e9tudiants et de professionnels du droit, sur ce sujet terriblement d\u2019actualit\u00e9.<\/p>\n<p>Ma petite entreprise\u2026<\/p>\n<p>\u00ab\u00a0C\u2019est un ph\u00e9nom\u00e8ne complexe avec des niveaux et degr\u00e9s d\u2019organisation tr\u00e8s diff\u00e9rents les uns des autres, a indiqu\u00e9 Thomas Bujon, ma\u00eetre de conf\u00e9rences en sociologie \u00e0 l\u2019Universit\u00e9 Jean Monnet. En France, le chiffre d\u2019affaires du trafic de stup\u00e9fiants repr\u00e9sente sept milliards d\u2019euros selon le rapport de l\u2019Ofast (l\u2019Office antistup\u00e9fiants, Ndlr)\u00a0\u00bb. Et au fil des d\u00e9cennies, le business de la drogue s\u2019est professionnalis\u00e9, avec d\u2019abord le fameux \u00ab\u00a0Ubershit\u00a0\u00bb qui livre \u00e0 domicile, mais aussi des graphistes, des charg\u00e9s de marketing, des vendeurs, des fournisseurs, etc. <\/p>\n<p>\u00ab\u00a0Le deal fonctionne de la m\u00eame mani\u00e8re qu\u2019une PME\u00a0\u00bb. Ainsi, les r\u00e9seaux ont non seulement fini par se d\u00e9multiplier, mais aussi par int\u00e9grer les sph\u00e8res l\u00e9gales et s\u2019immiscer sur l\u2019ensemble des territoires, y compris dans les petites villes et en milieu rural. \u00ab\u00a0Si on ne cesse de parler de menace pour la soci\u00e9t\u00e9, le narcobanditisme n\u2019offre plus seulement d\u2019opportunit\u00e9s aux exclus du monde aujourd\u2019hui\u00a0\u00bb.<\/p>\n<p>Une nouvelle loi<\/p>\n<p>Pour Elise Letouzey, ma\u00eetresse de conf\u00e9rences \u00e0 la facult\u00e9 de droit de Saint-Etienne, \u00ab\u00a0L\u2019Etat est en train de perdre cette guerre\u00a0\u00bb. C\u2019est dans l\u2019espoir de renforcer les dispositions g\u00e9n\u00e9rales et de repenser la lutte contre un syst\u00e8me criminel organis\u00e9, que la loi contre le narcotrafic, a \u00e9t\u00e9 promulgu\u00e9e en juin 2025.Elle pr\u00e9voir la cr\u00e9ation d\u2019un parquet sp\u00e9cialis\u00e9, un renforcement de la lutte contre le blanchiment d\u2019argent, une r\u00e9forme du statut des repentis, l\u2019exclusion de la r\u00e8gle de non-cumul des peines dans certains cas, ou encore une r\u00e9pression accrue du recrutement de mineurs. <\/p>\n<p>Mais l\u2019ampleur de la t\u00e2che est colossale. \u00ab\u00a0On peut regretter que cette incrimination ne permette pas d\u2019atteindre le haut du spectre et de se retrouver avec encore plus de petites mains au sein des tribunaux\u00a0\u00bb, a point\u00e9 Djoheur Zerouki, ma\u00eetresse de conf\u00e9rences HDR \u00e0 l\u2019universit\u00e9 Jean Monnet. Les rencontres se sont poursuivies avec un second temps consacr\u00e9 aux techniques d\u2019enqu\u00eates au prisme de la loi narcotrafic, puis achev\u00e9es par un \u00e9change avec la salle.<\/p>\n","protected":false},"excerpt":{"rendered":"Jeudi 27 novembre se tenait la 5\u00e8me \u00e9dition des Rencontres p\u00e9nales st\u00e9phanoises, co-organis\u00e9es par le barreau de Saint-Etienne&hellip;\n","protected":false},"author":2,"featured_media":573446,"comment_status":"","ping_status":"","sticky":false,"template":"","format":"standard","meta":{"footnotes":""},"categories":[9653],"tags":[1111,11,2430,14447,1777,674,68783,1011,27,37817,12,68784,68785,25,4001],"class_list":{"0":"post-573445","1":"post","2":"type-post","3":"status-publish","4":"format-standard","5":"has-post-thumbnail","7":"category-saint-etienne","8":"tag-actu","9":"tag-actualites","10":"tag-auvergne-rhone-alpes","11":"tag-barreau-de-saint-etienne","12":"tag-eu","13":"tag-europe","14":"tag-fac-de-droit-saint-etienne","15":"tag-fr","16":"tag-france","17":"tag-informatif","18":"tag-news","19":"tag-rencontres-penales","20":"tag-rencontres-penales-stephanoises","21":"tag-republique-francaise","22":"tag-saint-etienne"},"share_on_mastodon":{"url":"https:\/\/pubeurope.com\/@fr\/115650807413979106","error":""},"_links":{"self":[{"href":"https:\/\/www.europesays.com\/fr\/wp-json\/wp\/v2\/posts\/573445","targetHints":{"allow":["GET"]}}],"collection":[{"href":"https:\/\/www.europesays.com\/fr\/wp-json\/wp\/v2\/posts"}],"about":[{"href":"https:\/\/www.europesays.com\/fr\/wp-json\/wp\/v2\/types\/post"}],"author":[{"embeddable":true,"href":"https:\/\/www.europesays.com\/fr\/wp-json\/wp\/v2\/users\/2"}],"replies":[{"embeddable":true,"href":"https:\/\/www.europesays.com\/fr\/wp-json\/wp\/v2\/comments?post=573445"}],"version-history":[{"count":0,"href":"https:\/\/www.europesays.com\/fr\/wp-json\/wp\/v2\/posts\/573445\/revisions"}],"wp:featuredmedia":[{"embeddable":true,"href":"https:\/\/www.europesays.com\/fr\/wp-json\/wp\/v2\/media\/573446"}],"wp:attachment":[{"href":"https:\/\/www.europesays.com\/fr\/wp-json\/wp\/v2\/media?parent=573445"}],"wp:term":[{"taxonomy":"category","embeddable":true,"href":"https:\/\/www.europesays.com\/fr\/wp-json\/wp\/v2\/categories?post=573445"},{"taxonomy":"post_tag","embeddable":true,"href":"https:\/\/www.europesays.com\/fr\/wp-json\/wp\/v2\/tags?post=573445"}],"curies":[{"name":"wp","href":"https:\/\/api.w.org\/{rel}","templated":true}]}}