{"id":573453,"date":"2025-12-02T16:03:14","date_gmt":"2025-12-02T16:03:14","guid":{"rendered":"https:\/\/www.europesays.com\/fr\/573453\/"},"modified":"2025-12-02T16:03:14","modified_gmt":"2025-12-02T16:03:14","slug":"a-six-fours-les-plages-un-centre-medical-au-coeur-de-la-cite","status":"publish","type":"post","link":"https:\/\/www.europesays.com\/fr\/573453\/","title":{"rendered":"\u00c0 Six-Fours-les-Plages, un centre m\u00e9dical au c\u0153ur de la cit\u00e9"},"content":{"rendered":"<p>                    <img loading=\"lazy\" decoding=\"async\" src=\"https:\/\/www.europesays.com\/fr\/wp-content\/uploads\/2025\/12\/430c3f70dbffc0de2ae4caabb48026.jpg\" class=\"img-responsive post-image\" width=\"680\" height=\"510\" alt=\"\u00c0 Six-Fours-les-Plages,\" title=\"\u00c0 Six-Fours-les-Plages, un centre m\u00e9dical au c\u0153ur de la cit\u00e9\"\/><\/p>\n<p class=\"chapo\">En octobre, la Ville de Six-Fours-les-Plages a officialis\u00e9 la vente des anciens locaux de la Police municipale \u00e0 un groupement de cinq m\u00e9decins g\u00e9n\u00e9ralistes.<\/p>\n<p><strong>La signature de l\u2019acte et la remise symbolique des cl\u00e9s se sont tenues \u00e0 l\u2019H\u00f4tel de Ville, en pr\u00e9sence du maire de Six-Fours-les-Plages et de son adjointe \u00e0 la sant\u00e9. <\/strong> Cette \u00e9tape a marqu\u00e9 l\u2019aboutissement d\u2019un processus engag\u00e9 depuis plus d\u2019un an, concr\u00e9tis\u00e9 par trois d\u00e9lib\u00e9rations successives du Conseil municipal, toutes vot\u00e9es \u00e0 l\u2019unanimit\u00e9.<\/p>\n<p>Situ\u00e9 avenue du 8-Mai-1945, le b\u00e2timent de 372 m\u00b2, r\u00e9cemment r\u00e9habilit\u00e9 par la Municipalit\u00e9, accueillera, d\u00e8s janvier 2026, un nouveau p\u00f4le m\u00e9dical de proximit\u00e9. Ce centre r\u00e9unira les cinq praticiens autour d\u2019une offre de soins compl\u00e8te, comprenant un espace d\u2019accueil, plusieurs cabinets et un parking attenant.<br class=\"texte\"\/><br \/>\n\u00ab\u00a0Nous sommes actuellement install\u00e9s \u00e0 l\u2019Espace Sant\u00e9, \u00e0 La Seyne. Ce nouveau site repr\u00e9sente un investissement, mais surtout une opportunit\u00e9 d\u2019am\u00e9liorer le confort de nos patients et de renforcer l\u2019acc\u00e8s aux soins en centre-ville \u00a0\u00bb, ont expliqu\u00e9 les m\u00e9decins lors de la signature.<br class=\"autobr\"\/><br \/>\nLes praticiens pr\u00e9cisent que la majorit\u00e9 de leur patient\u00e8le les suivra dans ces nouveaux locaux &#8211; parmi lesquels de nombreux Six-Fournais ravis d\u2019avoir moins de route \u00e0 faire &#8211; mais que des cr\u00e9neaux resteront ouverts \u00e0 de nouveaux patients, notamment gr\u00e2ce \u00e0 la pr\u00e9sence d\u2019internes qui les accompagneront au quotidien.<\/p>\n<p>En c\u00e9dant ce bien communal \u00e0 un projet m\u00e9dical, la Ville de Six-Fours-les-Plages confirme son engagement en faveur d\u2019une<strong> offre de sant\u00e9 locale renforc\u00e9e,<\/strong> tout en poursuivant la r<strong>evalorisation de son patrimoine.<\/strong><\/p>\n<p>Le maire a salu\u00e9 \u00ab\u00a0une initiative exemplaire qui r\u00e9pond \u00e0 un vrai besoin de proximit\u00e9 et pr\u00e9pare l\u2019avenir\u00a0\u00bb.<br class=\"autobr\"\/><br \/>\nL\u2019\u00e9lu a soulign\u00e9\u00a0: \u00ab\u00a0Des espaces compl\u00e9mentaires restent disponibles, permettant d\u2019accueillir \u00e0 terme d\u2019autres professionnels de sant\u00e9 ou sp\u00e9cialit\u00e9s param\u00e9dicales\u00a0\u00bb.<br class=\"autobr\"\/><br \/>\nIl a lanc\u00e9 un appel aux sp\u00e9cialit\u00e9s les plus rares et recherch\u00e9es\u00a0: dermatologie et gyn\u00e9cologie.<\/p>\n<p>Photo de Une \u00a9 PRESSE AGENCE<\/p>\n","protected":false},"excerpt":{"rendered":"En octobre, la Ville de Six-Fours-les-Plages a officialis\u00e9 la vente des anciens locaux de la Police municipale \u00e0&hellip;\n","protected":false},"author":2,"featured_media":573454,"comment_status":"","ping_status":"","sticky":false,"template":"","format":"standard","meta":{"footnotes":""},"categories":[9619],"tags":[1111,11,2408,1777,674,1011,27,12,882,25,2310],"class_list":{"0":"post-573453","1":"post","2":"type-post","3":"status-publish","4":"format-standard","5":"has-post-thumbnail","7":"category-toulon","8":"tag-actu","9":"tag-actualites","10":"tag-appels-d","11":"tag-eu","12":"tag-europe","13":"tag-fr","14":"tag-france","15":"tag-news","16":"tag-provence-alpes-cote-dazur","17":"tag-republique-francaise","18":"tag-toulon"},"share_on_mastodon":{"url":"https:\/\/pubeurope.com\/@fr\/115650823396334395","error":""},"_links":{"self":[{"href":"https:\/\/www.europesays.com\/fr\/wp-json\/wp\/v2\/posts\/573453","targetHints":{"allow":["GET"]}}],"collection":[{"href":"https:\/\/www.europesays.com\/fr\/wp-json\/wp\/v2\/posts"}],"about":[{"href":"https:\/\/www.europesays.com\/fr\/wp-json\/wp\/v2\/types\/post"}],"author":[{"embeddable":true,"href":"https:\/\/www.europesays.com\/fr\/wp-json\/wp\/v2\/users\/2"}],"replies":[{"embeddable":true,"href":"https:\/\/www.europesays.com\/fr\/wp-json\/wp\/v2\/comments?post=573453"}],"version-history":[{"count":0,"href":"https:\/\/www.europesays.com\/fr\/wp-json\/wp\/v2\/posts\/573453\/revisions"}],"wp:featuredmedia":[{"embeddable":true,"href":"https:\/\/www.europesays.com\/fr\/wp-json\/wp\/v2\/media\/573454"}],"wp:attachment":[{"href":"https:\/\/www.europesays.com\/fr\/wp-json\/wp\/v2\/media?parent=573453"}],"wp:term":[{"taxonomy":"category","embeddable":true,"href":"https:\/\/www.europesays.com\/fr\/wp-json\/wp\/v2\/categories?post=573453"},{"taxonomy":"post_tag","embeddable":true,"href":"https:\/\/www.europesays.com\/fr\/wp-json\/wp\/v2\/tags?post=573453"}],"curies":[{"name":"wp","href":"https:\/\/api.w.org\/{rel}","templated":true}]}}