{"id":573455,"date":"2025-12-02T16:04:11","date_gmt":"2025-12-02T16:04:11","guid":{"rendered":"https:\/\/www.europesays.com\/fr\/573455\/"},"modified":"2025-12-02T16:04:11","modified_gmt":"2025-12-02T16:04:11","slug":"judicael-cancoriet-sengage-avec-toulon","status":"publish","type":"post","link":"https:\/\/www.europesays.com\/fr\/573455\/","title":{"rendered":"Judica\u00ebl Cancoriet s\u2019engage avec Toulon"},"content":{"rendered":"<p>Judica\u00ebl Cancoriet, troisi\u00e8me-ligne du Stade Rochelais actuellement bless\u00e9, se trouve au c\u0153ur de l\u2019actualit\u00e9 du Top 14 avec son accord pour rejoindre Toulon d\u00e8s la saison prochaine, tout en ayant peu jou\u00e9 depuis le d\u00e9but de l\u2019exercice.Un troisi\u00e8me-ligne en manque de temps de jeu<\/p>\n<p>Selon les informations de L\u2019\u00c9quipe, le club varois a recrut\u00e9 le troisi\u00e8me-ligne international rochelais Judica\u00ebl Cancoriet, en fin de contrat \u00e0 La Rochelle. Un accord a \u00e9t\u00e9 trouv\u00e9 entre les deux parties et il rejoindra Toulon cet \u00e9t\u00e9. Depuis le d\u00e9but de saison, le joueur est bless\u00e9 et n\u2019a disput\u00e9 que cinq matchs. Ainsi, malgr\u00e9 ce temps de jeu limit\u00e9, il reste pr\u00e9sent\u00e9 comme \u00ab un renfort de poids pour le RCT \u00bb.<\/p>\n<p class=\"lien-interne-conseil\"><strong>\u00c0 lire aussi<\/strong> | <a href=\"https:\/\/vibrez-rugby.com\/brouillon-automatique-touche-a-lepaule-gauche-contre-la-rochelle-emilien-gailleton-absent-pendant-deux-a-quatre-mois\/\" target=\"_blank\" rel=\"noopener\">Section Paloise : \u00c9milien Gailleton absent plusieurs semaines<\/a><\/p>\n<p>Arriv\u00e9 chez les Maritimes en 2023 apr\u00e8s avoir port\u00e9 les couleurs de Massy et Clermont, Judica\u00ebl Cancoriet \u00e9volue au Stade Rochelais depuis la saison derni\u00e8re. Il avait commenc\u00e9 difficilement son aventure chez les Maritimes mais \u00e9tait mont\u00e9 en r\u00e9gime au fil des rencontres. Il a termin\u00e9 la saison 2024-2025 avec 23 matchs disput\u00e9s, dont 16 en tant que titulaire. Cependant, cette nouvelle saison est marqu\u00e9e par sa blessure et par un nombre r\u00e9duit d\u2019apparitions.<\/p>\n<p>Judica\u00ebl Cancoriet et son choix de rejoindre Toulon<\/p>\n<p>Les n\u00e9gociations autour d\u2019une prolongation de Judica\u00ebl Cancoriet \u00e0 La Rochelle \u00e9taient \u00e0 l\u2019\u00e9tude depuis plusieurs semaines. Cependant, elles n\u2019avan\u00e7aient pas. De plus, une prolongation n\u2019\u00e9tait pas \u00e0 exclure du c\u00f4t\u00e9 de La Rochelle, mais les discussions tra\u00eenaient. Le troisi\u00e8me-ligne a donc choisi de s\u2019engager avec Toulon \u00e0 partir de la saison prochaine. Selon nos confr\u00e8res de L\u2019\u00c9quipe, Judica\u00ebl Cancoriet devrait prendre la direction de la Rade et renforcer l\u2019effectif toulonnais pour le prochain exercice.<\/p>\n<p class=\"lien-interne-conseil\"><strong>\u00c0 lire aussi<\/strong> | <a href=\"https:\/\/vibrez-rugby.com\/top-14-toulouse-solide-clermont-renversant-toulon-en-demonstration-pau-confirme\/\" target=\"_blank\" rel=\"noopener\">Top 14 : Toulouse solide, Clermont renversant, Toulon en d\u00e9monstration, Pau confirme<\/a><\/p>\n<p>Toulon commence ainsi \u00e0 se renforcer pour la saison prochaine avec ce recrutement au poste de troisi\u00e8me-ligne. C\u2019est donc un renfort de qualit\u00e9 qu\u2019enregistrerait le staff varois. Par ailleurs, c\u00f4t\u00e9 rochelais, les dirigeants cherchent surtout activement des renforts en deuxi\u00e8me-ligne. L\u2019Anglais Junior Kpoku, qui \u00e9volue au Racing 92, est notamment courtis\u00e9.<\/p>\n<p>Une situation contractuelle d\u00e9sormais clarifi\u00e9e<\/p>\n<p>Judica\u00ebl Cancoriet, form\u00e9 \u00e0 Massy et pass\u00e9 par Clermont avant de rejoindre La Rochelle en 2023, \u00e9tait en fin de contrat du c\u00f4t\u00e9 de Marcel-Deflandre. Sa prolongation tardait, et son choix de rejoindre Toulon clarifie d\u00e9sormais sa situation. Ainsi, malgr\u00e9 sa blessure actuelle et ses cinq matchs jou\u00e9s cette saison, son avenir imm\u00e9diat se dessine d\u00e9j\u00e0 sur la Rade.<\/p>\n<p class=\"lien-interne-conseil\"><strong>\u00c0 lire aussi<\/strong> | <a href=\"https:\/\/vibrez-rugby.com\/ronan-ogara-cest-difficile-a-digerer\/\" target=\"_blank\" rel=\"noopener\">Ronan O\u2019Gara : \u00ab C\u2019est difficile \u00e0 dig\u00e9rer \u00bb<\/a><\/p>\n<p><strong>Pour r\u00e9sumer :<\/strong> actuellement bless\u00e9 et peu utilis\u00e9 cette saison, Judica\u00ebl Cancoriet quittera La Rochelle en fin de contrat pour rejoindre Toulon, o\u00f9 il est annonc\u00e9 comme un renfort important.<\/p>\n","protected":false},"excerpt":{"rendered":"Judica\u00ebl Cancoriet, troisi\u00e8me-ligne du Stade Rochelais actuellement bless\u00e9, se trouve au c\u0153ur de l\u2019actualit\u00e9 du Top 14 avec&hellip;\n","protected":false},"author":2,"featured_media":573456,"comment_status":"","ping_status":"","sticky":false,"template":"","format":"standard","meta":{"footnotes":""},"categories":[9619],"tags":[1111,11,1777,674,1011,27,12,882,25,2310],"class_list":{"0":"post-573455","1":"post","2":"type-post","3":"status-publish","4":"format-standard","5":"has-post-thumbnail","7":"category-toulon","8":"tag-actu","9":"tag-actualites","10":"tag-eu","11":"tag-europe","12":"tag-fr","13":"tag-france","14":"tag-news","15":"tag-provence-alpes-cote-dazur","16":"tag-republique-francaise","17":"tag-toulon"},"share_on_mastodon":{"url":"https:\/\/pubeurope.com\/@fr\/115650826326177154","error":""},"_links":{"self":[{"href":"https:\/\/www.europesays.com\/fr\/wp-json\/wp\/v2\/posts\/573455","targetHints":{"allow":["GET"]}}],"collection":[{"href":"https:\/\/www.europesays.com\/fr\/wp-json\/wp\/v2\/posts"}],"about":[{"href":"https:\/\/www.europesays.com\/fr\/wp-json\/wp\/v2\/types\/post"}],"author":[{"embeddable":true,"href":"https:\/\/www.europesays.com\/fr\/wp-json\/wp\/v2\/users\/2"}],"replies":[{"embeddable":true,"href":"https:\/\/www.europesays.com\/fr\/wp-json\/wp\/v2\/comments?post=573455"}],"version-history":[{"count":0,"href":"https:\/\/www.europesays.com\/fr\/wp-json\/wp\/v2\/posts\/573455\/revisions"}],"wp:featuredmedia":[{"embeddable":true,"href":"https:\/\/www.europesays.com\/fr\/wp-json\/wp\/v2\/media\/573456"}],"wp:attachment":[{"href":"https:\/\/www.europesays.com\/fr\/wp-json\/wp\/v2\/media?parent=573455"}],"wp:term":[{"taxonomy":"category","embeddable":true,"href":"https:\/\/www.europesays.com\/fr\/wp-json\/wp\/v2\/categories?post=573455"},{"taxonomy":"post_tag","embeddable":true,"href":"https:\/\/www.europesays.com\/fr\/wp-json\/wp\/v2\/tags?post=573455"}],"curies":[{"name":"wp","href":"https:\/\/api.w.org\/{rel}","templated":true}]}}