{"id":573458,"date":"2025-12-02T16:06:22","date_gmt":"2025-12-02T16:06:22","guid":{"rendered":"https:\/\/www.europesays.com\/fr\/573458\/"},"modified":"2025-12-02T16:06:22","modified_gmt":"2025-12-02T16:06:22","slug":"depose-au-chu-par-un-inconnu-il-est-blesse-par-balle-ou-au-couteau","status":"publish","type":"post","link":"https:\/\/www.europesays.com\/fr\/573458\/","title":{"rendered":"D\u00e9pos\u00e9 au CHU par un inconnu, il est bless\u00e9 par balle ou au couteau"},"content":{"rendered":"<p>Dans la nuit du samedi\u00a029 au dimanche 30\u00a0novembre, un homme a \u00e9t\u00e9 d\u00e9pos\u00e9 par un inconnu au <a href=\"https:\/\/www.20minutes.fr\/dossier\/chu\" class=\"c-link c-link--is-underlined\" target=\"_blank\" rel=\"noopener\">CHU<\/a> de <a href=\"https:\/\/www.20minutes.fr\/montpellier\/\" class=\"c-link c-link--is-underlined\" target=\"_blank\" rel=\"noopener\">Montpellier<\/a> (<a href=\"https:\/\/www.20minutes.fr\/societe\/herault\/\" class=\"c-link c-link--is-underlined\" target=\"_blank\" rel=\"noopener\">H\u00e9rault<\/a>). Selon <a href=\"https:\/\/actu.fr\/occitanie\/montpellier_34172\/blesse-par-balle-ou-au-couteau-a-montpellier-qui-est-l-homme-depose-au-chu-par-un-inconnu_63509836.html\" target=\"_blank\" class=\"c-link c-link--is-underlined\" rel=\"noopener\">Actu.fr<\/a>, il \u00e9tait bless\u00e9 par balle, ou au couteau. La personne qui l\u2019a accompagn\u00e9 a rapidement pris la fuite. La police a ouvert une enqu\u00eate afin de faire la lumi\u00e8re sur cette affaire.<\/p>\n<p>L\u2019accompagnant a expliqu\u00e9 \u00e0 l\u2019accueil qu\u2019il conduisait un bless\u00e9 grave, qui devait \u00eatre rapidement pris en charge. Les m\u00e9decins ont alors d\u00e9couvert deux plaies sur son corps, dans le dos et sur le flanc gauche.<\/p>\n<p>Le conducteur repart dans la foul\u00e9e, les policiers enqu\u00eatent<\/p>\n<p>M\u00eame si l\u2019homme qui a accompagn\u00e9 le bless\u00e9 au CHU a donn\u00e9 une identit\u00e9, les enqu\u00eateurs tentent d\u2019\u00e9tablir s\u2019il s\u2019agit de la bonne. Les agents du Service local de police judiciaire du commissariat central de Montpellier tentent de le retrouver afin de l\u2019interroger.<\/p>\n<\/p>\n<p>Ils pourraient alors savoir o\u00f9 a \u00e9t\u00e9 retrouv\u00e9e la personne bless\u00e9e, s\u2019il a \u00e9t\u00e9 t\u00e9moin de l\u2019agression et s\u2019il s\u2019agit d\u2019un r\u00e8glement de compte. On ignore si le conducteur \u00e9tait un ami de la victime.<\/p>\n<p>Deux petits orifices ont \u00e9t\u00e9 d\u00e9couverts dans le dos et sur le flanc gauche du bless\u00e9. Les policiers ont tent\u00e9 de l\u2019interroger, mais l\u2019acc\u00e8s leur a \u00e9t\u00e9 refus\u00e9 par le personnel en raison du secret m\u00e9dical. Les enqu\u00eateurs ont pu proc\u00e9der aux investigations par la suite, en interrogeant la victime.<\/p>\n","protected":false},"excerpt":{"rendered":"Dans la nuit du samedi\u00a029 au dimanche 30\u00a0novembre, un homme a \u00e9t\u00e9 d\u00e9pos\u00e9 par un inconnu au CHU&hellip;\n","protected":false},"author":2,"featured_media":573459,"comment_status":"","ping_status":"","sticky":false,"template":"","format":"standard","meta":{"footnotes":""},"categories":[9599],"tags":[1111,47,11,4309,1777,674,118,1011,27,7089,2681,2208,12,2680,25],"class_list":{"0":"post-573458","1":"post","2":"type-post","3":"status-publish","4":"format-standard","5":"has-post-thumbnail","7":"category-montpellier","8":"tag-actu","9":"tag-actualite","10":"tag-actualites","11":"tag-chu","12":"tag-eu","13":"tag-europe","14":"tag-faits-divers","15":"tag-fr","16":"tag-france","17":"tag-herault","18":"tag-languedoc-roussillon","19":"tag-montpellier","20":"tag-news","21":"tag-occitanie","22":"tag-republique-francaise"},"share_on_mastodon":{"url":"https:\/\/pubeurope.com\/@fr\/115650834236270276","error":""},"_links":{"self":[{"href":"https:\/\/www.europesays.com\/fr\/wp-json\/wp\/v2\/posts\/573458","targetHints":{"allow":["GET"]}}],"collection":[{"href":"https:\/\/www.europesays.com\/fr\/wp-json\/wp\/v2\/posts"}],"about":[{"href":"https:\/\/www.europesays.com\/fr\/wp-json\/wp\/v2\/types\/post"}],"author":[{"embeddable":true,"href":"https:\/\/www.europesays.com\/fr\/wp-json\/wp\/v2\/users\/2"}],"replies":[{"embeddable":true,"href":"https:\/\/www.europesays.com\/fr\/wp-json\/wp\/v2\/comments?post=573458"}],"version-history":[{"count":0,"href":"https:\/\/www.europesays.com\/fr\/wp-json\/wp\/v2\/posts\/573458\/revisions"}],"wp:featuredmedia":[{"embeddable":true,"href":"https:\/\/www.europesays.com\/fr\/wp-json\/wp\/v2\/media\/573459"}],"wp:attachment":[{"href":"https:\/\/www.europesays.com\/fr\/wp-json\/wp\/v2\/media?parent=573458"}],"wp:term":[{"taxonomy":"category","embeddable":true,"href":"https:\/\/www.europesays.com\/fr\/wp-json\/wp\/v2\/categories?post=573458"},{"taxonomy":"post_tag","embeddable":true,"href":"https:\/\/www.europesays.com\/fr\/wp-json\/wp\/v2\/tags?post=573458"}],"curies":[{"name":"wp","href":"https:\/\/api.w.org\/{rel}","templated":true}]}}