{"id":573464,"date":"2025-12-02T16:10:41","date_gmt":"2025-12-02T16:10:41","guid":{"rendered":"https:\/\/www.europesays.com\/fr\/573464\/"},"modified":"2025-12-02T16:10:41","modified_gmt":"2025-12-02T16:10:41","slug":"sassenage-patrik-cottet-moine-nous-invite-chez-lui-au-theatre-en-rond-samedi-6-decembre","status":"publish","type":"post","link":"https:\/\/www.europesays.com\/fr\/573464\/","title":{"rendered":"Sassenage. Patrik Cottet-Moine nous invite Chez lui , au Th\u00e9\u00e2tre en rond samedi 6\u00a0d\u00e9cembre"},"content":{"rendered":"<p>Si un humoriste peut se vanter de faire rire tout le monde, c\u2019est bien lui. Depuis 25 ans, Patrik Cottet-Moine s\u2019est sp\u00e9cialis\u00e9 dans l\u2019art du mime bruyant emportant l\u2019adh\u00e9sion des plus jeunes comme des adultes, qu\u2019ils soient francophones ou non. Car chez lui, pas de texte\u00a0: c\u2019est le corps qui raconte, anime les objets et le d\u00e9cor, les habille de sons et de borborygmes dans un imaginaire entre mime, clown et cartoon. Au Th\u00e9\u00e2tre en rond samedi 6\u00a0d\u00e9cembre, il nous invite donc Chez lui , un spectacle \u00e9labor\u00e9 avec Michel Courtemanche et Marc Andr\u00e9ini, deux pointures de la sc\u00e8ne humoristique, pour suivre les p\u00e9rip\u00e9ties de son personnage aussi sympathique qu\u2019\u00e9lastique dans lequel tout le monde se retrouve. Dr\u00f4le et th\u00e9\u00e2tral \u00e0 la fois, l\u2019univers de Patrik Cottet-Moine est celui de l\u2019\u00e9ternel enfant turbulent et fac\u00e9tieux qu\u2019il n\u2019a jamais cess\u00e9 d\u2019\u00eatre, et qu\u2019il aime r\u00e9veiller chez tous les spectateurs.<\/p>\n<p class=\"note\">Chez lui , samedi 6\u00a0d\u00e9cembre \u00e0 17\u00a0h\u00a030 au Th\u00e9\u00e2tre en rond. R\u00e9servations\u00a0: theatre-en-rond.fr<\/p>\n","protected":false},"excerpt":{"rendered":"Si un humoriste peut se vanter de faire rire tout le monde, c\u2019est bien lui. Depuis 25 ans,&hellip;\n","protected":false},"author":2,"featured_media":573465,"comment_status":"","ping_status":"","sticky":false,"template":"","format":"standard","meta":{"footnotes":""},"categories":[9566],"tags":[1111,11,2430,1687,112,1777,674,1011,27,2731,12278,12,25,16668,3140],"class_list":{"0":"post-573464","1":"post","2":"type-post","3":"status-publish","4":"format-standard","5":"has-post-thumbnail","7":"category-grenoble","8":"tag-actu","9":"tag-actualites","10":"tag-auvergne-rhone-alpes","11":"tag-culture-loisirs","12":"tag-edition-grenoble-agglomeration","13":"tag-eu","14":"tag-europe","15":"tag-fr","16":"tag-france","17":"tag-grenoble","18":"tag-lagglomeration-et-le-vercors","19":"tag-news","20":"tag-republique-francaise","21":"tag-sassenage","22":"tag-spectacle"},"share_on_mastodon":{"url":"https:\/\/pubeurope.com\/@fr\/115650849868203464","error":""},"_links":{"self":[{"href":"https:\/\/www.europesays.com\/fr\/wp-json\/wp\/v2\/posts\/573464","targetHints":{"allow":["GET"]}}],"collection":[{"href":"https:\/\/www.europesays.com\/fr\/wp-json\/wp\/v2\/posts"}],"about":[{"href":"https:\/\/www.europesays.com\/fr\/wp-json\/wp\/v2\/types\/post"}],"author":[{"embeddable":true,"href":"https:\/\/www.europesays.com\/fr\/wp-json\/wp\/v2\/users\/2"}],"replies":[{"embeddable":true,"href":"https:\/\/www.europesays.com\/fr\/wp-json\/wp\/v2\/comments?post=573464"}],"version-history":[{"count":0,"href":"https:\/\/www.europesays.com\/fr\/wp-json\/wp\/v2\/posts\/573464\/revisions"}],"wp:featuredmedia":[{"embeddable":true,"href":"https:\/\/www.europesays.com\/fr\/wp-json\/wp\/v2\/media\/573465"}],"wp:attachment":[{"href":"https:\/\/www.europesays.com\/fr\/wp-json\/wp\/v2\/media?parent=573464"}],"wp:term":[{"taxonomy":"category","embeddable":true,"href":"https:\/\/www.europesays.com\/fr\/wp-json\/wp\/v2\/categories?post=573464"},{"taxonomy":"post_tag","embeddable":true,"href":"https:\/\/www.europesays.com\/fr\/wp-json\/wp\/v2\/tags?post=573464"}],"curies":[{"name":"wp","href":"https:\/\/api.w.org\/{rel}","templated":true}]}}