{"id":573466,"date":"2025-12-02T16:12:25","date_gmt":"2025-12-02T16:12:25","guid":{"rendered":"https:\/\/www.europesays.com\/fr\/573466\/"},"modified":"2025-12-02T16:12:25","modified_gmt":"2025-12-02T16:12:25","slug":"d-c-m-r-une-nouvelle-methode-de-gestion-des-risques-anena","status":"publish","type":"post","link":"https:\/\/www.europesays.com\/fr\/573466\/","title":{"rendered":"D.C.M.R, une nouvelle m\u00e9thode de gestion des risques &#8211; ANENA"},"content":{"rendered":"<p>Originaire d\u2019Allemagne, Benjamin Reuter a conduit des recherches sur la stabilit\u00e9 du manteau neigeux en Europe mais \u00e9galement aux Etats-Unis et occupe aujourd&rsquo;hui des fonctions au sein de la Direction des Op\u00e9rations pour la Pr\u00e9vision de M\u00e9t\u00e9o-France. Guide de haute montagne et cr\u00e9ateur de la m\u00e9thode D.C.M.R., il pr\u00e9sentera cette nouvelle m\u00e9thode permettant d&rsquo;identifier et d&rsquo;estimer les dangers, d&rsquo;\u00e9valuer les cons\u00e9quences, d&rsquo;envisager des mesures et d&rsquo;\u00e9valuer le risque avalancheux.<\/p>\n<p>En partenariat avec l&rsquo;ANENA.<img decoding=\"async\" src=\"https:\/\/www.europesays.com\/fr\/wp-content\/uploads\/2025\/12\/53066_960_logo-anena.jpg\" alt=\"\" class=\"\" width=\"200\" height=\"200\" loading=\"lazy\"\/><\/p>\n","protected":false},"excerpt":{"rendered":"Originaire d\u2019Allemagne, Benjamin Reuter a conduit des recherches sur la stabilit\u00e9 du manteau neigeux en Europe mais \u00e9galement&hellip;\n","protected":false},"author":2,"featured_media":573467,"comment_status":"","ping_status":"","sticky":false,"template":"","format":"standard","meta":{"footnotes":""},"categories":[9566],"tags":[1111,11,2430,1777,674,1011,27,2731,12,25],"class_list":{"0":"post-573466","1":"post","2":"type-post","3":"status-publish","4":"format-standard","5":"has-post-thumbnail","7":"category-grenoble","8":"tag-actu","9":"tag-actualites","10":"tag-auvergne-rhone-alpes","11":"tag-eu","12":"tag-europe","13":"tag-fr","14":"tag-france","15":"tag-grenoble","16":"tag-news","17":"tag-republique-francaise"},"share_on_mastodon":{"url":"https:\/\/pubeurope.com\/@fr\/115650859096728562","error":""},"_links":{"self":[{"href":"https:\/\/www.europesays.com\/fr\/wp-json\/wp\/v2\/posts\/573466","targetHints":{"allow":["GET"]}}],"collection":[{"href":"https:\/\/www.europesays.com\/fr\/wp-json\/wp\/v2\/posts"}],"about":[{"href":"https:\/\/www.europesays.com\/fr\/wp-json\/wp\/v2\/types\/post"}],"author":[{"embeddable":true,"href":"https:\/\/www.europesays.com\/fr\/wp-json\/wp\/v2\/users\/2"}],"replies":[{"embeddable":true,"href":"https:\/\/www.europesays.com\/fr\/wp-json\/wp\/v2\/comments?post=573466"}],"version-history":[{"count":0,"href":"https:\/\/www.europesays.com\/fr\/wp-json\/wp\/v2\/posts\/573466\/revisions"}],"wp:featuredmedia":[{"embeddable":true,"href":"https:\/\/www.europesays.com\/fr\/wp-json\/wp\/v2\/media\/573467"}],"wp:attachment":[{"href":"https:\/\/www.europesays.com\/fr\/wp-json\/wp\/v2\/media?parent=573466"}],"wp:term":[{"taxonomy":"category","embeddable":true,"href":"https:\/\/www.europesays.com\/fr\/wp-json\/wp\/v2\/categories?post=573466"},{"taxonomy":"post_tag","embeddable":true,"href":"https:\/\/www.europesays.com\/fr\/wp-json\/wp\/v2\/tags?post=573466"}],"curies":[{"name":"wp","href":"https:\/\/api.w.org\/{rel}","templated":true}]}}