{"id":573468,"date":"2025-12-02T16:13:13","date_gmt":"2025-12-02T16:13:13","guid":{"rendered":"https:\/\/www.europesays.com\/fr\/573468\/"},"modified":"2025-12-02T16:13:13","modified_gmt":"2025-12-02T16:13:13","slug":"on-teste-les-mobilites-de-demain-a-rennes-ces-etranges-vehicules-a-pedales-serviront-a-deplacer-les-artistes-des-trans-musicales","status":"publish","type":"post","link":"https:\/\/www.europesays.com\/fr\/573468\/","title":{"rendered":"\u00ab\u00a0On teste les mobilit\u00e9s de demain\u00a0\u00bb\u00a0: \u00e0 Rennes, ces \u00e9tranges v\u00e9hicules \u00e0 p\u00e9dales serviront \u00e0 d\u00e9placer les artistes des Trans Musicales"},"content":{"rendered":"<p>Depuis plus de 30 ans, les Trans Musicales est connu pour sa capacit\u00e9 \u00e0 faire \u00e9merger les talents de demain. Et d\u00e9sormais, il esp\u00e8re aussi \u00ab participer \u00e0 la d\u00e9couverte des mobilit\u00e9s de demain \u00bb. Ce jeudi 5 d\u00e9cembre, le Hall 5 du Parc expo n\u2019accueillera pas de concerts, mais des v\u00e9hicules V\u00c9LIs, des prototypes \u00e0 mi-chemin entre un v\u00e9lo-cargo et une voiture \u00e9lectrique.<\/p>\n<p>En partenariat avec l\u2019Ademe (Agence de l\u2019environnement et de la ma\u00eetrise de l\u2019\u00e9nergie) et le Collectif des festivals, les Trans permettront au public de venir tester des dr\u00f4les de v\u00e9hicules jeudi soir (de 19 h 30 \u00e0 23 h) dans la plus grande salle du Parc expo, puis samedi (de 14 h \u00e0 18 h) aux Halles en Commun. \u00ab Cela fait plusieurs ann\u00e9es qu\u2019on utilise ce type de v\u00e9hicules pour nos d\u00e9placements logistiques entre les sc\u00e8nes, raconte Xavier Paillat, responsable actions de transition \u00e9cologique au sein des Trans Musicales. L\u00e0, l\u2019Ademe veut se servir des Trans comme d\u2019un laboratoire, qu\u2019on puisse tester et faire un retour sur ce qui marche et ce qui fonctionne moins. Les V\u00c9LIs peuvent \u00eatre le second v\u00e9hicule d\u2019une famille ou celui d\u2019un resto pour les courses, par exemple \u00bb.<\/p>\n<p>\u00ab Le bon endroit pour faire passer des messages \u00bb<\/p>\n<p>Les Trans vont aussi proposer aux artistes de les conduire par ce moyen de transport. \u00ab Auparavant, on les emmenait \u00e0 leurs divers rendez-vous, notamment avec les m\u00e9dias ou de leur h\u00f4tel au Parc expo \u00bb, en voiture thermique, observe Xavier Paillat. Ce nouveau moyen de transport pour les artistes ne sera cependant propos\u00e9 qu\u2019aux DJ, les V\u00c9LIs pr\u00e9sents aux Trans ne comptant que trois places maximum. Difficile donc de les utiliser pour tout un groupe.<\/p>\n<p>\u00ab On avait test\u00e9 les gobelets r\u00e9utilisables aux Trans il y a 20 ans et il avait fallu faire beaucoup de p\u00e9dagogie. Aujourd\u2019hui, il y en a partout. On se dit qu\u2019un festival est comme une petite ville qui se monte de fa\u00e7on \u00e9ph\u00e9m\u00e8re, c\u2019est le bon endroit pour faire passer des messages \u00bb.<\/p>\n","protected":false},"excerpt":{"rendered":"Depuis plus de 30 ans, les Trans Musicales est connu pour sa capacit\u00e9 \u00e0 faire \u00e9merger les talents&hellip;\n","protected":false},"author":2,"featured_media":573469,"comment_status":"","ping_status":"","sticky":false,"template":"","format":"standard","meta":{"footnotes":""},"categories":[2821],"tags":[1111,11,829,3173,872,1777,674,1011,27,848,12,584,25,67953,68558],"class_list":{"0":"post-573468","1":"post","2":"type-post","3":"status-publish","4":"format-standard","5":"has-post-thumbnail","7":"category-rennes","8":"tag-actu","9":"tag-actualites","10":"tag-bretagne","11":"tag-culture-a-rennes","12":"tag-culture-et-loisirs","13":"tag-eu","14":"tag-europe","15":"tag-fr","16":"tag-france","17":"tag-ille-et-vilaine","18":"tag-news","19":"tag-rennes","20":"tag-republique-francaise","21":"tag-trans-musicales","22":"tag-trans-musicales-de-rennes"},"share_on_mastodon":{"url":"https:\/\/pubeurope.com\/@fr\/115650861783324052","error":""},"_links":{"self":[{"href":"https:\/\/www.europesays.com\/fr\/wp-json\/wp\/v2\/posts\/573468","targetHints":{"allow":["GET"]}}],"collection":[{"href":"https:\/\/www.europesays.com\/fr\/wp-json\/wp\/v2\/posts"}],"about":[{"href":"https:\/\/www.europesays.com\/fr\/wp-json\/wp\/v2\/types\/post"}],"author":[{"embeddable":true,"href":"https:\/\/www.europesays.com\/fr\/wp-json\/wp\/v2\/users\/2"}],"replies":[{"embeddable":true,"href":"https:\/\/www.europesays.com\/fr\/wp-json\/wp\/v2\/comments?post=573468"}],"version-history":[{"count":0,"href":"https:\/\/www.europesays.com\/fr\/wp-json\/wp\/v2\/posts\/573468\/revisions"}],"wp:featuredmedia":[{"embeddable":true,"href":"https:\/\/www.europesays.com\/fr\/wp-json\/wp\/v2\/media\/573469"}],"wp:attachment":[{"href":"https:\/\/www.europesays.com\/fr\/wp-json\/wp\/v2\/media?parent=573468"}],"wp:term":[{"taxonomy":"category","embeddable":true,"href":"https:\/\/www.europesays.com\/fr\/wp-json\/wp\/v2\/categories?post=573468"},{"taxonomy":"post_tag","embeddable":true,"href":"https:\/\/www.europesays.com\/fr\/wp-json\/wp\/v2\/tags?post=573468"}],"curies":[{"name":"wp","href":"https:\/\/api.w.org\/{rel}","templated":true}]}}