{"id":573470,"date":"2025-12-02T16:14:17","date_gmt":"2025-12-02T16:14:17","guid":{"rendered":"https:\/\/www.europesays.com\/fr\/573470\/"},"modified":"2025-12-02T16:14:17","modified_gmt":"2025-12-02T16:14:17","slug":"incendies-criminels-peine-de-30-mois-de-prison-pour-levade-de-rennes-actualites","status":"publish","type":"post","link":"https:\/\/www.europesays.com\/fr\/573470\/","title":{"rendered":"Incendies criminels: peine de 30 mois de prison pour l&rsquo;\u00e9vad\u00e9 de Rennes : Actualit\u00e9s"},"content":{"rendered":"<p class=\"lead \">L&rsquo;\u00e9vad\u00e9 de Rennes restera un peu plus derri\u00e8re les barreaux: il a \u00e9t\u00e9 condamn\u00e9 \u00e0 30 mois de prison mardi pour son r\u00f4le dans l&rsquo;organisation d&rsquo;une s\u00e9rie d&rsquo;incendies ayant vis\u00e9 une cha\u00eene de magasins de chemin\u00e9es dans l&rsquo;ouest de la France \u00e0 partir de la fin 2022.<\/p>\n<p class=\"lead \">Furieux de cette condamnation plus lourde que les 24 mois demand\u00e9s par le parquet, Emile Siegler a quitt\u00e9 avec fracas son box du tribunal correctionnel de Rennes en criant qu&rsquo;il allait faire appel.<\/p>\n<p class=\"lead \">Son avocat avait plaid\u00e9 la relaxe.<\/p>\n<p class=\"lead \">Le pr\u00e9venu de 37 ans a r\u00e9cemment fait les gros titres lorsqu&rsquo;il s&rsquo;est \u00e9vad\u00e9 lors d&rsquo;une sortie au plan\u00e9tarium de Rennes le 14 novembre, avant d&rsquo;\u00eatre repris treize jours plus tard \u00e0 Nantes, sur son terrain au sein de la communaut\u00e9 des gens du voyage.<\/p>\n<p class=\"lead \">Il sera jug\u00e9 pour cette \u00e9vasion le 22 janvier devant le tribunal correctionnel de Rennes.<\/p>\n<p class=\"lead \">Mardi, c&rsquo;est d'\u00a0\u00bbassociation de malfaiteurs\u00a0\u00bb qu&rsquo;il devait r\u00e9pondre devant la m\u00eame juridiction: la justice lui reproche d&rsquo;avoir, depuis sa cellule, organis\u00e9 une s\u00e9rie d&rsquo;incendies et d&rsquo;actes de vandalisme contre des magasins Po\u00eales &amp; Cie pour le compte d&rsquo;un cod\u00e9tenu qui souhaitait se venger apr\u00e8s un litige commercial avec cette cha\u00eene. La voiture des g\u00e9rants de l&rsquo;enseigne avait \u00e9galement \u00e9t\u00e9 vis\u00e9e en mai 2023 devant leur domicile.<\/p>\n<p class=\"lead \">Au total, 24 personnes ont \u00e9t\u00e9 mises en examen dans ce dossier, dont le pr\u00e9judice a \u00e9t\u00e9 estim\u00e9 \u00e0 quelque cinq millions d&rsquo;euros.<\/p>\n<p class=\"lead \">Bon nombre d&rsquo;entre elles, des ex\u00e9cutants et hommes de main qui auraient \u00e9t\u00e9 recrut\u00e9s par Emile Siegler parmi des proches et d&rsquo;anciens cod\u00e9tenus, ont reconnu leur participation et ont \u00e9t\u00e9 condamn\u00e9es dans le cadre d&rsquo;une comparution sur reconnaissance pr\u00e9alable de culpabilit\u00e9 (CRPC).<\/p>\n<p class=\"lead \">Le commanditaire pr\u00e9sum\u00e9, \u00ab\u00a0principal protagoniste et grand absent de ce proc\u00e8s\u00a0\u00bb, a regrett\u00e9 le minist\u00e8re public, sera jug\u00e9 ult\u00e9rieurement, en correctionnelle mais aussi par une cour d&rsquo;assises pour une partie des faits les plus graves. <\/p>\n<p class=\"lead \">Emile Siegler \u00e9tait donc le seul pr\u00e9venu jug\u00e9 mardi.<\/p>\n<p class=\"lead \">\u00ab\u00a0Je n&rsquo;ai rien \u00e0 voir l\u00e0-dedans\u00a0\u00bb, a-t-il martel\u00e9, rejetant toute responsabilit\u00e9 sur le commanditaire, soulignant la dangerosit\u00e9 et le caract\u00e8re vindicatif de celui dont il a partag\u00e9 la cellule.<\/p>\n<p class=\"lead \">\u00ab\u00a0Pour une fois dans ma vie, je suis innocent\u00a0\u00bb, a protest\u00e9 le multir\u00e9cidiviste qui a pass\u00e9 15 ans de sa vie en prison et affiche 27 mentions \u00e0 son casier judiciaire, dont trois pour des \u00e9vasions pr\u00e9c\u00e9dentes.<\/p>\n<p class=\"lead \">Au coeur du dossier figurent les \u00e9coutes des \u00e9changes entre Emile Siegler et le commanditaire, aux longues et \u00e9tranges discussions concernant des \u00ab\u00a0paires de basket\u00a0\u00bb, qui \u00ab\u00a0n&rsquo;ont aucun sens si on parle bien de chaussures\u00a0\u00bb, rel\u00e8ve la pr\u00e9sidente.<\/p>\n<p class=\"lead \">Pour la justice, il s&rsquo;agit d&rsquo;un code utilis\u00e9 par les deux hommes pour d\u00e9signer les incendies criminels mais le pr\u00e9venu r\u00e9p\u00e8te qu&rsquo;il ne s&rsquo;agit que de \u00ab\u00a0baskets Dior super ch\u00e8res, 5.000 euros\u00a0\u00bb, que son cod\u00e9tenu voulait qu&rsquo;il lui ach\u00e8te dans un grand magasin de Nantes.<\/p>\n<p class=\"lead \">Pourquoi discuter de chaussures en pleine nuit, alors qu&rsquo;un nouvel incendie vient juste d&rsquo;\u00eatre commis, et surtout pourquoi ces baskets sont-elles qualifi\u00e9es de \u00ab\u00a0violentes\u00a0\u00bb dans la conversation, interroge le minist\u00e8re public.<\/p>\n<p class=\"lead \">\u00ab\u00a0C&rsquo;est du langage de jeunes\u00a0\u00bb, r\u00e9torque avec aplomb le pr\u00e9venu de 37 ans.<\/p>\n<p class=\"small font-weight-bold text-gray3 \"> publi\u00e9 le 2 d\u00e9cembre \u00e0 17h01, AFP<\/p>\n<p>                             Partager<\/p>\n","protected":false},"excerpt":{"rendered":"L&rsquo;\u00e9vad\u00e9 de Rennes restera un peu plus derri\u00e8re les barreaux: il a \u00e9t\u00e9 condamn\u00e9 \u00e0 30 mois de&hellip;\n","protected":false},"author":2,"featured_media":573471,"comment_status":"","ping_status":"","sticky":false,"template":"","format":"standard","meta":{"footnotes":""},"categories":[2821],"tags":[1111,11,829,1777,674,1011,27,1310,12,806,807,4780,584,25],"class_list":{"0":"post-573470","1":"post","2":"type-post","3":"status-publish","4":"format-standard","5":"has-post-thumbnail","7":"category-rennes","8":"tag-actu","9":"tag-actualites","10":"tag-bretagne","11":"tag-eu","12":"tag-europe","13":"tag-fr","14":"tag-france","15":"tag-incendie","16":"tag-news","17":"tag-prison","18":"tag-prisonniers","19":"tag-procs","20":"tag-rennes","21":"tag-republique-francaise"},"share_on_mastodon":{"url":"https:\/\/pubeurope.com\/@fr\/115650865665301754","error":""},"_links":{"self":[{"href":"https:\/\/www.europesays.com\/fr\/wp-json\/wp\/v2\/posts\/573470","targetHints":{"allow":["GET"]}}],"collection":[{"href":"https:\/\/www.europesays.com\/fr\/wp-json\/wp\/v2\/posts"}],"about":[{"href":"https:\/\/www.europesays.com\/fr\/wp-json\/wp\/v2\/types\/post"}],"author":[{"embeddable":true,"href":"https:\/\/www.europesays.com\/fr\/wp-json\/wp\/v2\/users\/2"}],"replies":[{"embeddable":true,"href":"https:\/\/www.europesays.com\/fr\/wp-json\/wp\/v2\/comments?post=573470"}],"version-history":[{"count":0,"href":"https:\/\/www.europesays.com\/fr\/wp-json\/wp\/v2\/posts\/573470\/revisions"}],"wp:featuredmedia":[{"embeddable":true,"href":"https:\/\/www.europesays.com\/fr\/wp-json\/wp\/v2\/media\/573471"}],"wp:attachment":[{"href":"https:\/\/www.europesays.com\/fr\/wp-json\/wp\/v2\/media?parent=573470"}],"wp:term":[{"taxonomy":"category","embeddable":true,"href":"https:\/\/www.europesays.com\/fr\/wp-json\/wp\/v2\/categories?post=573470"},{"taxonomy":"post_tag","embeddable":true,"href":"https:\/\/www.europesays.com\/fr\/wp-json\/wp\/v2\/tags?post=573470"}],"curies":[{"name":"wp","href":"https:\/\/api.w.org\/{rel}","templated":true}]}}