{"id":573474,"date":"2025-12-02T16:17:10","date_gmt":"2025-12-02T16:17:10","guid":{"rendered":"https:\/\/www.europesays.com\/fr\/573474\/"},"modified":"2025-12-02T16:17:10","modified_gmt":"2025-12-02T16:17:10","slug":"altkirch-lorchestre-symphonique-des-jeunes-de-strasbourg-ouvre-la-foret-enchantee","status":"publish","type":"post","link":"https:\/\/www.europesays.com\/fr\/573474\/","title":{"rendered":"Altkirch. L\u2019Orchestre symphonique des jeunes de Strasbourg ouvre la For\u00eat enchant\u00e9e"},"content":{"rendered":"<p>La For\u00eat enchant\u00e9e d\u2019Altkirch, temps fort des festivit\u00e9s de fin d\u2019ann\u00e9e dans le Sundgau, propose chaque ann\u00e9e plusieurs concerts de grande qualit\u00e9, \u00e0 l\u2019initiative de l\u2019\u00c9cole de musique, de th\u00e9\u00e2tre et de danse du Sundgau.<\/p>\n<p>L\u2019 <a href=\"https:\/\/www.dna.fr\/culture-loisirs\/2025\/07\/01\/le-rafraichissant-programme-de-l-orchestre-des-jeunes-de-strasbourg\" target=\"_parent\" rel=\"nofollow noopener\">Orchestre symphonique des jeunes de Strasbourg<\/a> se produira ce dimanche et invite les auditeurs \u00e0 d\u00e9couvrir un programme \u00e9clectique et captivant, mettant \u00e0 l\u2019honneur des \u0153uvres majeures du r\u00e9pertoire classique et des musiques de films incontournables. Pour ce concert, les musiciens interpr\u00e9teront\u00a0 La Marche troyenne d\u2019Hector Berlioz, une ouverture puissante et \u00e9vocatrice, l\u2019ouverture  Zampa de Ferdinand Herold, pleine de vivacit\u00e9 et de couleurs, Le Bal  et la Marche au supplice,  extraits de la Symphonie fantastique  de Berlioz, pour une immersion dans l\u2019univers romantique, le premier mouvement de la premi\u00e8re symphonie de Robert Schumann, symbole de renouveau et d\u2019\u00e9nergie.<\/p>\n<p>\u00c9galement au programme, Le Souvenir d\u2019un lieu cher de Piotr Ilitch Tcha\u00efkovski, pi\u00e8ce empreinte de nostalgie et de d\u00e9licatesse, Le Bossu de Notre-Dame, une \u00e9vocation musicale du c\u00e9l\u00e8bre conte, et Pirates des Cara\u00efbes 3 , pour une touche cin\u00e9matographique pleine d\u2019aventure.<\/p>\n<p>  Les Cuivres de No\u00ebl sur le parvis de l\u2019\u00e9glise<\/p>\n<p>Ce programme refl\u00e8te la diversit\u00e9 et l\u2019excellence de l\u2019orchestre. Celui-ci r\u00e9unit entre 50 et 60 jeunes musiciens, \u00e2g\u00e9s de 15 \u00e0 30 ans, sous la direction inspir\u00e9e de Gustave Winkler, clarinettiste de formation, depuis l\u2019\u00e9t\u00e9 2016. L\u2019orchestre s\u2019est forg\u00e9 une r\u00e9putation d\u2019excellence musicale, port\u00e9e par une \u00e9nergie communicative et une spontan\u00e9it\u00e9 qui s\u00e9duisent le public.<\/p>\n<p>Le concert sera pr\u00e9c\u00e9d\u00e9 \u00e0 16\u00a0h\u00a030 sur le parvis de l\u2019\u00e9glise par la prestation traditionnelle des cuivres de No\u00ebl sous la direction de <a href=\"https:\/\/www.dna.fr\/culture-loisirs\/2024\/10\/13\/avec-le-depart-de-philippe-wendling-une-page-se-tourne-pour-la-batterie-fanfare\" target=\"_parent\" rel=\"nofollow noopener\">Philippe Wendling<\/a> , une rencontre chaleureuse avec les musiciens des harmonies environnantes, venus de tout le Sud Alsace. Les musiciens joueront dans les rues du centre-ville d\u00e8s 16\u00a0h.<\/p>\n<p class=\"note\">Dimanche 7\u00a0d\u00e9cembre, concert de l\u2019OSJ \u00e0 17\u00a0h, \u00e9glise Notre-Dame, rue du Ch\u00e2teau \u00e0 Altkirch. Entr\u00e9e libre. Collecte au profit de la Croix-Rouge, Caritas et le conseil de fabrique.<\/p>\n","protected":false},"excerpt":{"rendered":"La For\u00eat enchant\u00e9e d\u2019Altkirch, temps fort des festivit\u00e9s de fin d\u2019ann\u00e9e dans le Sundgau, propose chaque ann\u00e9e plusieurs&hellip;\n","protected":false},"author":2,"featured_media":573475,"comment_status":"","ping_status":"","sticky":false,"template":"","format":"standard","meta":{"footnotes":""},"categories":[2820],"tags":[1111,11,68790,1687,13971,1777,674,107,1011,27,775,873,12,25,54971,640],"class_list":{"0":"post-573474","1":"post","2":"type-post","3":"status-publish","4":"format-standard","5":"has-post-thumbnail","7":"category-strasbourg","8":"tag-actu","9":"tag-actualites","10":"tag-altkirch","11":"tag-culture-loisirs","12":"tag-edition-sundgau-trois-frontieres","13":"tag-eu","14":"tag-europe","15":"tag-fil-info","16":"tag-fr","17":"tag-france","18":"tag-grand-est","19":"tag-musique","20":"tag-news","21":"tag-republique-francaise","22":"tag-secteur-daltkirch","23":"tag-strasbourg"},"share_on_mastodon":{"url":"https:\/\/pubeurope.com\/@fr\/115650877445157038","error":""},"_links":{"self":[{"href":"https:\/\/www.europesays.com\/fr\/wp-json\/wp\/v2\/posts\/573474","targetHints":{"allow":["GET"]}}],"collection":[{"href":"https:\/\/www.europesays.com\/fr\/wp-json\/wp\/v2\/posts"}],"about":[{"href":"https:\/\/www.europesays.com\/fr\/wp-json\/wp\/v2\/types\/post"}],"author":[{"embeddable":true,"href":"https:\/\/www.europesays.com\/fr\/wp-json\/wp\/v2\/users\/2"}],"replies":[{"embeddable":true,"href":"https:\/\/www.europesays.com\/fr\/wp-json\/wp\/v2\/comments?post=573474"}],"version-history":[{"count":0,"href":"https:\/\/www.europesays.com\/fr\/wp-json\/wp\/v2\/posts\/573474\/revisions"}],"wp:featuredmedia":[{"embeddable":true,"href":"https:\/\/www.europesays.com\/fr\/wp-json\/wp\/v2\/media\/573475"}],"wp:attachment":[{"href":"https:\/\/www.europesays.com\/fr\/wp-json\/wp\/v2\/media?parent=573474"}],"wp:term":[{"taxonomy":"category","embeddable":true,"href":"https:\/\/www.europesays.com\/fr\/wp-json\/wp\/v2\/categories?post=573474"},{"taxonomy":"post_tag","embeddable":true,"href":"https:\/\/www.europesays.com\/fr\/wp-json\/wp\/v2\/tags?post=573474"}],"curies":[{"name":"wp","href":"https:\/\/api.w.org\/{rel}","templated":true}]}}