{"id":573478,"date":"2025-12-02T16:19:21","date_gmt":"2025-12-02T16:19:21","guid":{"rendered":"https:\/\/www.europesays.com\/fr\/573478\/"},"modified":"2025-12-02T16:19:21","modified_gmt":"2025-12-02T16:19:21","slug":"enquete-ouverte-apres-les-violences-commises-sur-boga-et-moffi","status":"publish","type":"post","link":"https:\/\/www.europesays.com\/fr\/573478\/","title":{"rendered":"enqu\u00eate ouverte apr\u00e8s les violences commises sur Boga et Moffi"},"content":{"rendered":"<p>Le parquet de Nice a annonc\u00e9 ce mardi l\u2019ouverture d\u2019une enqu\u00eate apr\u00e8s les violences commises \u00e0 l\u2019encontre des joueurs de l\u2019OGC Nice, <a href=\"https:\/\/www.footmercato.net\/joueur\/jeremie-boga\/\" target=\"_blank\" rel=\"noopener\">J\u00e9r\u00e9mie Boga<\/a> et <a href=\"https:\/\/www.footmercato.net\/joueur\/terem-igobor-moffi\/\" target=\"_blank\" rel=\"noopener\">Terem Moffi<\/a>, pris \u00e0 partie par pr\u00e8s de 200 ultras lors de leur retour au centre d\u2019entra\u00eenement le 30 novembre, <a href=\"https:\/\/www.footmercato.net\/a4421112928469161470-coups-crachats-insultes-les-coulisses-de-la-confrontation-violente-entre-les-joueurs-de-nice-et-leurs-supporters\" target=\"_blank\" rel=\"noopener\">comme nous vous l\u2019avons r\u00e9v\u00e9l\u00e9 en exclusivit\u00e9 lundi<\/a>. Les deux joueurs, qui ont d\u00e9pos\u00e9 plainte d\u00e8s le lendemain, affirment avoir \u00e9t\u00e9 contraints de descendre du bus avant de recevoir coups, crachats et insultes entra\u00eenant des rapports d\u2019ITT de la part d\u2019individus parfois masqu\u00e9s, avant de parvenir \u00e0 se r\u00e9fugier dans l\u2019enceinte du club.<\/p>\n<p>            La suite apr\u00e8s cette publicit\u00e9<\/p>\n<p>L\u2019affaire est d\u00e9sormais confi\u00e9e au SLPJ de <a href=\"https:\/\/www.footmercato.net\/club\/ogc-nice\/\" target=\"_blank\" rel=\"noopener\">Nice<\/a> pour des faits de violences aggrav\u00e9es, participation \u00e0 un groupement en vue de commettre des violences ou des d\u00e9gradations, ainsi que non-emp\u00eachement d\u2019un d\u00e9lit portant atteinte \u00e0 l\u2019int\u00e9grit\u00e9 corporelle. Le procureur de la R\u00e9publique, Damien Martinelli, pr\u00e9cise que de nombreuses auditions sont d\u00e9j\u00e0 en cours. Pour rappel, <a href=\"https:\/\/www.footmercato.net\/a7726621080965438124-jeremie-boga-et-terem-moffi-ne-veulent-plus-jouer-pour-logc-nice\" target=\"_blank\" rel=\"noopener\">Terem Moffi et J\u00e9r\u00e9mie Boga ont pris la d\u00e9cision de ne plus jouer pour l\u2019OGC Nice<\/a>.<\/p>\n<p>\n    Pub. le 02\/12\/2025 16:06<br \/>\n            &#8211; MAJ le 02\/12\/2025 16:43\n    <\/p>\n","protected":false},"excerpt":{"rendered":"Le parquet de Nice a annonc\u00e9 ce mardi l\u2019ouverture d\u2019une enqu\u00eate apr\u00e8s les violences commises \u00e0 l\u2019encontre des&hellip;\n","protected":false},"author":2,"featured_media":572892,"comment_status":"","ping_status":"","sticky":false,"template":"","format":"standard","meta":{"footnotes":""},"categories":[2819],"tags":[1111,11,1777,674,1011,27,12,2401,882,25],"class_list":{"0":"post-573478","1":"post","2":"type-post","3":"status-publish","4":"format-standard","5":"has-post-thumbnail","7":"category-nice","8":"tag-actu","9":"tag-actualites","10":"tag-eu","11":"tag-europe","12":"tag-fr","13":"tag-france","14":"tag-news","15":"tag-nice","16":"tag-provence-alpes-cote-dazur","17":"tag-republique-francaise"},"share_on_mastodon":{"url":"https:\/\/pubeurope.com\/@fr\/115650885386318869","error":""},"_links":{"self":[{"href":"https:\/\/www.europesays.com\/fr\/wp-json\/wp\/v2\/posts\/573478","targetHints":{"allow":["GET"]}}],"collection":[{"href":"https:\/\/www.europesays.com\/fr\/wp-json\/wp\/v2\/posts"}],"about":[{"href":"https:\/\/www.europesays.com\/fr\/wp-json\/wp\/v2\/types\/post"}],"author":[{"embeddable":true,"href":"https:\/\/www.europesays.com\/fr\/wp-json\/wp\/v2\/users\/2"}],"replies":[{"embeddable":true,"href":"https:\/\/www.europesays.com\/fr\/wp-json\/wp\/v2\/comments?post=573478"}],"version-history":[{"count":0,"href":"https:\/\/www.europesays.com\/fr\/wp-json\/wp\/v2\/posts\/573478\/revisions"}],"wp:featuredmedia":[{"embeddable":true,"href":"https:\/\/www.europesays.com\/fr\/wp-json\/wp\/v2\/media\/572892"}],"wp:attachment":[{"href":"https:\/\/www.europesays.com\/fr\/wp-json\/wp\/v2\/media?parent=573478"}],"wp:term":[{"taxonomy":"category","embeddable":true,"href":"https:\/\/www.europesays.com\/fr\/wp-json\/wp\/v2\/categories?post=573478"},{"taxonomy":"post_tag","embeddable":true,"href":"https:\/\/www.europesays.com\/fr\/wp-json\/wp\/v2\/tags?post=573478"}],"curies":[{"name":"wp","href":"https:\/\/api.w.org\/{rel}","templated":true}]}}