{"id":573479,"date":"2025-12-02T16:20:59","date_gmt":"2025-12-02T16:20:59","guid":{"rendered":"https:\/\/www.europesays.com\/fr\/573479\/"},"modified":"2025-12-02T16:20:59","modified_gmt":"2025-12-02T16:20:59","slug":"grievement-blesse-dans-un-accident-de-scooter-en-vendee-un-homme-de-42-ans-a-du-etre","status":"publish","type":"post","link":"https:\/\/www.europesays.com\/fr\/573479\/","title":{"rendered":"Gri\u00e8vement bless\u00e9 dans un accident de scooter en Vend\u00e9e, un homme de 42\u00a0ans a d\u00fb \u00eatre"},"content":{"rendered":"<tr wp_automatic_readability=\"6.8894736842105\">\n<td valign=\"middle\" align=\"center\" class=\"col-logo\" wp_automatic_readability=\"5\">\n    <img decoding=\"async\" src=\"https:\/\/maville.com\/design\/images\/logo-of-monetise.svg?version=20130627\" alt=\"logo Ouest-France\" height=\"66\"\/><\/p>\n<p>Contenu r\u00e9serv\u00e9 aux abonn\u00e9s<\/p>\n<\/td>\n<td class=\"col-titre\">\n\t\t\tLundi 01 d\u00e9cembre 2025 09:22<br \/>\n\t\t\t<a class=\"icon-bulle sizeL count\" href=\"#ancreAvis\"><br \/>\n\t&#8230;<br \/>\n<\/a><\/td>\n<\/tr>\n<p>\t\t<a class=\"mavillebox2 elmt-photo\" href=\"https:\/\/maville.com\/photosmvi\/2025\/12\/01\/P35612420D7088262G.jpg\" title=\" Un homme de 42\u00a0ans qui circulait \u00e0 scooter a \u00e9t\u00e9 gri\u00e8vement bless\u00e9 en Vend\u00e9e, ce dimanche 30\u00a0novembre, dans un accident de la route. Il a \u00e9t\u00e9 h\u00e9liport\u00e9 vers le CHU de Nantes (Loire \u2013 Atlantique).  \u00a9  Franck Dubray \/ Archives Ouest-France  \" rel=\"galerie_actu noopener\" target=\"_blank\"><br \/>\n\t<img decoding=\"async\" src=\"https:\/\/www.europesays.com\/fr\/wp-content\/uploads\/2025\/12\/P35612420D7088262G_crop_640-330_.jpg\" alt=\"photo  un homme de 42\u00a0ans qui circulait \u00e0 scooter a \u00e9t\u00e9 gri\u00e8vement bless\u00e9 en vend\u00e9e, ce dimanche 30\u00a0novembre, dans un accident de la route. il a \u00e9t\u00e9 h\u00e9liport\u00e9 vers le chu de nantes (loire \u2013 atlantique).  \u00a9  franck dubray \/ archives ouest-france \"\/><br \/>\n\t1<br \/>\n<\/a><\/p>\n<p class=\"elmt-legende\"> Un homme de 42\u00a0ans qui circulait \u00e0 scooter a \u00e9t\u00e9 gri\u00e8vement bless\u00e9 en Vend\u00e9e, ce dimanche 30\u00a0novembre, dans un accident de la route. Il a \u00e9t\u00e9 h\u00e9liport\u00e9 vers le CHU de Nantes (Loire \u2013 Atlantique).  \u00a9  Franck Dubray \/ Archives Ouest-France  <\/p>\n<p>\t\tUn homme de 42\u00a0ans, qui circulait \u00e0 scooter au niveau de la commune de Montreuil (Vend\u00e9e) a \u00e9t\u00e9 gri\u00e8vement\u00a0bless\u00e9, ce dimanche 30\u00a0novembre, dans un accident de la route. Il a \u00e9t\u00e9 h\u00e9liport\u00e9, m\u00e9dicalis\u00e9, vers le CHU de Nantes (Loire \u2013 Atlantique).<\/p>\n<p><b>Cet article est r\u00e9serv\u00e9 aux abonn\u00e9s<\/b><\/p>\n<p>Pour un acc\u00e8s imm\u00e9diat, abonnez-vous<\/p>\n<p><b>1\u00e8re semaine offerte<\/b><\/p>\n<p>\t\t Mathieu GRUEL. \u00a0\u00a0<br \/>\n\t\tOuest-France<\/p>\n<p>Retrouvez d&rsquo;autres actus sur les communes de :<\/p>\n<p>\t\t&#13;<\/p>\n","protected":false},"excerpt":{"rendered":"Contenu r\u00e9serv\u00e9 aux abonn\u00e9s Lundi 01 d\u00e9cembre 2025 09:22 &#8230; 1 Un homme de 42\u00a0ans qui circulait \u00e0&hellip;\n","protected":false},"author":2,"featured_media":573480,"comment_status":"","ping_status":"","sticky":false,"template":"","format":"standard","meta":{"footnotes":""},"categories":[2818],"tags":[68791,119,1111,11,1764,3916,4309,3029,1777,674,1011,27,3915,4308,4933,766,12,2636,25,6689,6291,2546,9693],"class_list":{"0":"post-573479","1":"post","2":"type-post","3":"status-publish","4":"format-standard","5":"has-post-thumbnail","7":"category-nantes","8":"tag-68791","9":"tag-accident","10":"tag-actu","11":"tag-actualites","12":"tag-ans","13":"tag-blesse","14":"tag-chu","15":"tag-du","16":"tag-eu","17":"tag-europe","18":"tag-fr","19":"tag-france","20":"tag-grievement","21":"tag-heliporte","22":"tag-homme","23":"tag-nantes","24":"tag-news","25":"tag-pays-de-la-loire","26":"tag-republique-francaise","27":"tag-roche","28":"tag-scooter","29":"tag-vendee","30":"tag-yon"},"share_on_mastodon":{"url":"https:\/\/pubeurope.com\/@fr\/115650894196924961","error":""},"_links":{"self":[{"href":"https:\/\/www.europesays.com\/fr\/wp-json\/wp\/v2\/posts\/573479","targetHints":{"allow":["GET"]}}],"collection":[{"href":"https:\/\/www.europesays.com\/fr\/wp-json\/wp\/v2\/posts"}],"about":[{"href":"https:\/\/www.europesays.com\/fr\/wp-json\/wp\/v2\/types\/post"}],"author":[{"embeddable":true,"href":"https:\/\/www.europesays.com\/fr\/wp-json\/wp\/v2\/users\/2"}],"replies":[{"embeddable":true,"href":"https:\/\/www.europesays.com\/fr\/wp-json\/wp\/v2\/comments?post=573479"}],"version-history":[{"count":0,"href":"https:\/\/www.europesays.com\/fr\/wp-json\/wp\/v2\/posts\/573479\/revisions"}],"wp:featuredmedia":[{"embeddable":true,"href":"https:\/\/www.europesays.com\/fr\/wp-json\/wp\/v2\/media\/573480"}],"wp:attachment":[{"href":"https:\/\/www.europesays.com\/fr\/wp-json\/wp\/v2\/media?parent=573479"}],"wp:term":[{"taxonomy":"category","embeddable":true,"href":"https:\/\/www.europesays.com\/fr\/wp-json\/wp\/v2\/categories?post=573479"},{"taxonomy":"post_tag","embeddable":true,"href":"https:\/\/www.europesays.com\/fr\/wp-json\/wp\/v2\/tags?post=573479"}],"curies":[{"name":"wp","href":"https:\/\/api.w.org\/{rel}","templated":true}]}}