{"id":573487,"date":"2025-12-02T16:25:19","date_gmt":"2025-12-02T16:25:19","guid":{"rendered":"https:\/\/www.europesays.com\/fr\/573487\/"},"modified":"2025-12-02T16:25:19","modified_gmt":"2025-12-02T16:25:19","slug":"pourquoi-des-milliers-de-places-de-stationnement-vont-etre-supprimees-dans-la-metropole-de-toulouse","status":"publish","type":"post","link":"https:\/\/www.europesays.com\/fr\/573487\/","title":{"rendered":"Pourquoi des milliers de places de stationnement vont \u00eatre supprim\u00e9es dans la M\u00e9tropole de Toulouse"},"content":{"rendered":"<p>                    Par<br \/>\n        <strong><br \/>\n            <a href=\"https:\/\/actu.fr\/auteur\/guillaume-laurens\" title=\"Consulter tous les articles de Guillaume Laurens\" target=\"_blank\" rel=\"noopener\">Guillaume Laurens<\/a><br \/>\n                    <\/strong><\/p>\n<p>        Publi\u00e9 le<\/p>\n<p>            2 d\u00e9c. 2025 \u00e0 17h15        <\/p>\n<p>Des <strong>centaines<\/strong>, voire des <strong>milliers de places de stationnement<\/strong> vont dispara\u00eetre d\u2019ici \u00e0 un an dans la m\u00e9tropole de <a href=\"https:\/\/actu.fr\/toulouse\/\" target=\"_blank\" rel=\"noopener\"><strong>Toulouse<\/strong><\/a>. En cause\u2009? L\u2019entr\u00e9e en vigueur de la <a href=\"https:\/\/www.legifrance.gouv.fr\/jorf\/article_jo\/JORFARTI000039666625\" target=\"_blank\" rel=\"noopener\">Loi d\u2019orientation des mobilit\u00e9s<\/a> (dite loi LOM), vot\u00e9e fin 2019, qui va contraindre toutes les collectivit\u00e9s de l\u2019hexagone \u00e0 supprimer d\u2019ici <strong>fin 2026 au plus tard<\/strong> les emplacements situ\u00e9s autour des <strong>passages pi\u00e9tons<\/strong>. Et cela risque d\u2019avoir de grosses cons\u00e9quences dans la Ville rose et son agglom\u00e9ration.<\/p>\n<p>Que dit cette nouvelle loi\u2009?<\/p>\n<p class=\" wall-content\">Les collectivit\u00e9s ont en effet \u00e9t\u00e9 somm\u00e9es de supprimer toutes les places de stationnement situ\u00e9es \u00e0 <strong>moins de cinq m\u00e8tres<\/strong> des passages pi\u00e9tons. Ce que dit le l\u00e9gislateur, pr\u00e9cis\u00e9ment\u2009? \u00ab\u2009Afin d\u2019assurer la s\u00e9curit\u00e9 des cheminements des pi\u00e9tons en \u00e9tablissant une <strong>meilleure visibilit\u00e9 mutuelle<\/strong> entre ces derniers et les v\u00e9hicules circulant sur la chauss\u00e9e\u2009\u00bb, stipule l\u2019article L. 118-5-1 de ladite loi, \u00ab\u2009aucun emplacement de stationnement ne peut \u00eatre am\u00e9nag\u00e9 sur la chauss\u00e9e <strong>cinq m\u00e8tres en amont des passages pi\u00e9tons<\/strong>, sauf si cet emplacement est r\u00e9serv\u00e9 aux cycles et cycles \u00e0 p\u00e9dalage assist\u00e9 ou aux engins de d\u00e9placement personnel\u2009\u00bb.<\/p>\n<p class=\" wall-content\">Ce m\u00eame article pr\u00e9cise que<strong> \u00ab\u2009les travaux<\/strong> d\u2019am\u00e9nagement, de r\u00e9habilitation et de r\u00e9fection des chauss\u00e9es\u2009\u00bb doivent avoir \u00e9t\u00e9 <strong>r\u00e9alis\u00e9s \u00ab\u2009au plus tard le 31\u00a0d\u00e9cembre 2026\u2009\u00bb.<\/strong><\/p>\n<p>L\u2019inventaire est en cours dans la M\u00e9tropole<\/p>\n<p class=\" wall-content\">Un travail d\u2019Hercule se profile pour les services de Toulouse M\u00e9tropole, qui g\u00e8rent la voirie des <strong>37\u00a0communes<\/strong> du territoire\u2026 et vont devoir faire <strong>l\u2019inventaire<\/strong> puis la <strong>mise aux normes<\/strong> de tous les emplacements concern\u00e9s sur ce vaste territoire. \u00ab\u2009Pour l\u2019heure, nous ne savons pas <strong>combien de places<\/strong> cela repr\u00e9sentera\u2009\u00bb, souffle <strong>Maxime Boyer<\/strong>, le vice-pr\u00e9sident de la M\u00e9tropole en charge des mobilit\u00e9s et de la voirie, interrog\u00e9 par Actu Toulouse.<\/p>\n<blockquote class=\"ac-article-quote wall-content\">\n<p>Le plus long, c&rsquo;est d&rsquo;identifier les places qui posent probl\u00e8me \u00e0 l&rsquo;\u00e9chelle des 37 communes. Nous avons lanc\u00e9 une \u00e9tude \u00e0 ce propos, confi\u00e9e \u00e0 un prestataire ext\u00e9rieur. L&rsquo;enjeu, c&rsquo;est de rep\u00e9rer les places, mais aussi d&rsquo;analyser pr\u00e9cis\u00e9ment ce qu&rsquo;il faut faire, car il peut y avoir des interpr\u00e9tations juridiques.<\/p>\n<p>    <strong>Maxime Boyer<\/strong><br \/>\n        Vice-pr\u00e9sident de Toulouse M\u00e9tropole en charge des mobilit\u00e9s et de la voirie    <\/p><\/blockquote>\n<p>    <img   decoding=\"async\" loading=\"lazy\" src=\"https:\/\/www.europesays.com\/fr\/wp-content\/uploads\/2025\/12\/suppression-places-stationnement-toulouse-gl-960x640.jpg\" alt=\"Les places qui ne respectent pas la distance r\u00e8glementaire des passages pi\u00e9tons, comme celle-ci sur les all\u00e9es Fran\u00e7ois Verdier, seront supprim\u00e9es\" width=\"960\" height=\"640\"\/><br \/>\n    Les places qui ne respectent pas la distance r\u00e9glementaire des passages pi\u00e9tons, comme celle-ci sur les all\u00e9es Fran\u00e7ois Verdier, seront supprim\u00e9es (\u00a9G.L. \/ Actu Toulouse)<\/p>\n<p class=\" wall-content\">Combien d\u2019emplacements vont dispara\u00eetre du paysage dans la Ville rose\u2009? C\u2019est toute la question, sachant qu\u2019on d\u00e9nombre \u00e0 ce jour, tout confondu,<strong>\u200990 000 places de stationnement<\/strong> en surface sur la seule commune de Toulouse\u2026<\/p>\n<p class=\" wall-content\">Dans d\u2019autres grandes villes, ce m\u00eame type d\u2019inventaire a \u00e9t\u00e9 r\u00e9alis\u00e9 et les r\u00e9sultats sont \u00e9difiants. En 2021, le <a href=\"https:\/\/www.cerema.fr\/fr\/actualites\/obligation-neutraliser-places-stationnement-motorise-5-m\" target=\"_blank\" rel=\"noopener\">Cerema (Centre d\u2019\u00e9tudes et d\u2019expertise sur les risques, l\u2019environnement, la mobilit\u00e9 et l\u2019am\u00e9nagement) <\/a>d\u00e9taillait que pr\u00e8s de <strong>1\u2009000 places<\/strong> devaient \u00eatre supprim\u00e9es \u00e0 <strong>Bordeaux<\/strong>. Plus de <strong>3\u2009300<\/strong> \u00e0 <strong>Lyon<\/strong>, et m\u00eame <strong>4\u2009500<\/strong> \u00e0 <strong>Lille.<\/strong><\/p>\n<p>Votre r\u00e9gion, votre actu !<\/p>\n<p>Recevez chaque jour les infos qui comptent pour vous.<\/p>\n<p>\t<a href=\"https:\/\/actu.fr\/newsletter\" class=\"ac-btn ac-btn--corner ac-btn--medium ac-btn--blue800\" target=\"_blank\" rel=\"noopener\">S&rsquo;incrire<\/a><\/p>\n<p class=\" wall-content\">Quant \u00e0 Paris, d\u2019apr\u00e8s <a href=\"https:\/\/mesinfos.fr\/75000-paris\/a-paris-22-000-places-de-stationnements-vont-disparaitre-d-ici-fin-2026-234664.html#:~:text=2026%20%2D%20Affiches%20Parisiennes-,A%20Paris%2C%2022%20000%20places%20de%20stationnements%20vont%20dispara%C3%AEtre%20d,cinq%20m%C3%A8tres%20des%20passages%20pi%C3%A9tons.\" target=\"_blank\" rel=\"noopener\">Les Affiches Parisiennes,<\/a> la capitale devrait perdre 22\u2009000 places, dont<strong> 7\u2009000<\/strong> en raison de cette seule mesure. Une nouvelle donne qui aura in\u00e9luctablement, \u00e0 <strong>Toulouse<\/strong>, des cons\u00e9quences pour <strong>les riverains<\/strong> qui se garent en surface via le fameux dispositif de stationnement r\u00e9sident.<\/p>\n<p>10 pi\u00e9tons tu\u00e9s en Haute-Garonne l\u2019an dernier<\/p>\n<p class=\" wall-content\">D\u2019apr\u00e8s <a href=\"https:\/\/www.onisr.securite-routiere.gouv.fr\/etat-de-linsecurite-routiere\/bilans-annuels-de-la-securite-routiere\/bilan-2024-de-la-securite-routiere\" target=\"_blank\" rel=\"noopener\">la S\u00e9curit\u00e9 routi\u00e8re<\/a>, sur toute l\u2019ann\u00e9e 2024,<strong> 456 pi\u00e9tons<\/strong> sont d\u00e9c\u00e9d\u00e9s en France, soit <strong>26\u2009% des morts<\/strong> sur la route. Les trois quarts d\u2019entre eux ont \u00e9t\u00e9 tu\u00e9s en ville, une centaine sur un passage pi\u00e9ton.<\/p>\n<p class=\" wall-content\">Selon la pr\u00e9fecture de la <strong>Haute-Garonne<\/strong>, <a href=\"https:\/\/actu.fr\/occitanie\/toulouse_31555\/haute-garonne-le-nombre-de-morts-sur-les-routes-en-hausse-en-2024-les-terribles-chiffres_62163143.html\" target=\"_blank\" rel=\"noopener\">sur cette m\u00eame ann\u00e9e 2024<\/a>, parmi les <strong>54 morts<\/strong> recens\u00e9s sur les routes du d\u00e9partement, <strong>10 \u00e9taient des pi\u00e9tons<\/strong>, soit 19\u2009% du total. C\u2019\u00e9tait davantage qu\u2019en 2023 (9) et en 2022 (8).<\/p>\n<p class=\" wall-content\">La situation va de mal en pis dans le d\u00e9partement, puisque <strong>fin octobre\u00a02025, <\/strong>d\u00e9j\u00e0, <strong>huit pi\u00e9tons<\/strong> avaient \u00e9t\u00e9 tu\u00e9s sur nos routes.<\/p>\n<p class=\" wall-content\">Personnalisez votre actualit\u00e9 en ajoutant vos villes et m\u00e9dias en favori avec <a href=\"https:\/\/moncompte.actu.fr\" title=\"D\u00e9couvez Mon Actu\" rel=\"nofollow noopener\" data-trk=\"{&quot;cta&quot;:{&quot;action&quot;:&quot;https:\\\/\\\/moncompte.actu.fr&quot;,&quot;category&quot;:&quot;mon compte&quot;,&quot;from&quot;:&quot;article footer&quot;,&quot;name&quot;:&quot;Mon actu&quot;,&quot;type&quot;:&quot;cta&quot;}}\" target=\"_blank\">Mon Actu<\/a>.<\/p>\n","protected":false},"excerpt":{"rendered":"Par Guillaume Laurens Publi\u00e9 le 2 d\u00e9c. 2025 \u00e0 17h15 Des centaines, voire des milliers de places de&hellip;\n","protected":false},"author":2,"featured_media":573488,"comment_status":"","ping_status":"","sticky":false,"template":"","format":"standard","meta":{"footnotes":""},"categories":[2816],"tags":[1111,11,1777,674,1011,27,12,2680,25,5009,104,6173,2312,1090],"class_list":{"0":"post-573487","1":"post","2":"type-post","3":"status-publish","4":"format-standard","5":"has-post-thumbnail","7":"category-toulouse","8":"tag-actu","9":"tag-actualites","10":"tag-eu","11":"tag-europe","12":"tag-fr","13":"tag-france","14":"tag-news","15":"tag-occitanie","16":"tag-republique-francaise","17":"tag-securite-routiere","18":"tag-societe","19":"tag-stationnement","20":"tag-toulouse","21":"tag-toulouse-metropole"},"share_on_mastodon":{"url":"https:\/\/pubeurope.com\/@fr\/115650909798013377","error":""},"_links":{"self":[{"href":"https:\/\/www.europesays.com\/fr\/wp-json\/wp\/v2\/posts\/573487","targetHints":{"allow":["GET"]}}],"collection":[{"href":"https:\/\/www.europesays.com\/fr\/wp-json\/wp\/v2\/posts"}],"about":[{"href":"https:\/\/www.europesays.com\/fr\/wp-json\/wp\/v2\/types\/post"}],"author":[{"embeddable":true,"href":"https:\/\/www.europesays.com\/fr\/wp-json\/wp\/v2\/users\/2"}],"replies":[{"embeddable":true,"href":"https:\/\/www.europesays.com\/fr\/wp-json\/wp\/v2\/comments?post=573487"}],"version-history":[{"count":0,"href":"https:\/\/www.europesays.com\/fr\/wp-json\/wp\/v2\/posts\/573487\/revisions"}],"wp:featuredmedia":[{"embeddable":true,"href":"https:\/\/www.europesays.com\/fr\/wp-json\/wp\/v2\/media\/573488"}],"wp:attachment":[{"href":"https:\/\/www.europesays.com\/fr\/wp-json\/wp\/v2\/media?parent=573487"}],"wp:term":[{"taxonomy":"category","embeddable":true,"href":"https:\/\/www.europesays.com\/fr\/wp-json\/wp\/v2\/categories?post=573487"},{"taxonomy":"post_tag","embeddable":true,"href":"https:\/\/www.europesays.com\/fr\/wp-json\/wp\/v2\/tags?post=573487"}],"curies":[{"name":"wp","href":"https:\/\/api.w.org\/{rel}","templated":true}]}}