{"id":573493,"date":"2025-12-02T16:28:15","date_gmt":"2025-12-02T16:28:15","guid":{"rendered":"https:\/\/www.europesays.com\/fr\/573493\/"},"modified":"2025-12-02T16:28:15","modified_gmt":"2025-12-02T16:28:15","slug":"lille-lentreprise-livrado-recompensee-pour-son-engagement-social-et-societal","status":"publish","type":"post","link":"https:\/\/www.europesays.com\/fr\/573493\/","title":{"rendered":"Lille : l&rsquo;entreprise Livr\u00e0do r\u00e9compens\u00e9e pour son engagement social et soci\u00e9tal"},"content":{"rendered":"<p>Cr\u00e9\u00e9e&#13;<br \/>\nen 2020 par Alexis Lorent et Maxance Valande, l&rsquo;entreprise Livr\u00e0do&#13;<br \/>\npropose un service \u00e9cologique de livraison de courses \u00e0 domicile&#13;<br \/>\nvia une flotte 100% d\u00e9carbon\u00e9e et en mutualisant les commandes.&#13;<br \/>\nApr\u00e8s un d\u00e9marrage \u00e0 Lille puis dans plusieurs villes de France,&#13;<br \/>\nLivr\u00e0do&#13;<br \/>\nd\u00e9ploie son mod\u00e8le en franchise. Gr\u00e2ce \u00e0 la dotation de 1 500\u20ac,&#13;<br \/>\nl&rsquo;entreprise pr\u00e9voit de renforcer ses actions en faveur d&rsquo;une&#13;<br \/>\nlogistique plus humaine, plus locale et plus durable. Actuellement,&#13;<br \/>\nl&rsquo;entreprise propose un rythme de travail all\u00e9g\u00e9 pour les livreurs,&#13;<br \/>\nbas\u00e9 sur des semaines de 3 \u00e0 4 jours, mais aussi un management&#13;<br \/>\n\u00abterrain,&#13;<br \/>\nparticipatif et responsabilisant\u00bb.<br \/>&#13;<\/p>\n","protected":false},"excerpt":{"rendered":"Cr\u00e9\u00e9e&#13; en 2020 par Alexis Lorent et Maxance Valande, l&rsquo;entreprise Livr\u00e0do&#13; propose un service \u00e9cologique de livraison de&hellip;\n","protected":false},"author":2,"featured_media":573494,"comment_status":"","ping_status":"","sticky":false,"template":"","format":"standard","meta":{"footnotes":""},"categories":[2815],"tags":[1111,11,1777,674,1011,27,811,1307,12,25],"class_list":{"0":"post-573493","1":"post","2":"type-post","3":"status-publish","4":"format-standard","5":"has-post-thumbnail","7":"category-lille","8":"tag-actu","9":"tag-actualites","10":"tag-eu","11":"tag-europe","12":"tag-fr","13":"tag-france","14":"tag-hauts-de-france","15":"tag-lille","16":"tag-news","17":"tag-republique-francaise"},"share_on_mastodon":{"url":"https:\/\/pubeurope.com\/@fr\/115650920861753148","error":""},"_links":{"self":[{"href":"https:\/\/www.europesays.com\/fr\/wp-json\/wp\/v2\/posts\/573493","targetHints":{"allow":["GET"]}}],"collection":[{"href":"https:\/\/www.europesays.com\/fr\/wp-json\/wp\/v2\/posts"}],"about":[{"href":"https:\/\/www.europesays.com\/fr\/wp-json\/wp\/v2\/types\/post"}],"author":[{"embeddable":true,"href":"https:\/\/www.europesays.com\/fr\/wp-json\/wp\/v2\/users\/2"}],"replies":[{"embeddable":true,"href":"https:\/\/www.europesays.com\/fr\/wp-json\/wp\/v2\/comments?post=573493"}],"version-history":[{"count":0,"href":"https:\/\/www.europesays.com\/fr\/wp-json\/wp\/v2\/posts\/573493\/revisions"}],"wp:featuredmedia":[{"embeddable":true,"href":"https:\/\/www.europesays.com\/fr\/wp-json\/wp\/v2\/media\/573494"}],"wp:attachment":[{"href":"https:\/\/www.europesays.com\/fr\/wp-json\/wp\/v2\/media?parent=573493"}],"wp:term":[{"taxonomy":"category","embeddable":true,"href":"https:\/\/www.europesays.com\/fr\/wp-json\/wp\/v2\/categories?post=573493"},{"taxonomy":"post_tag","embeddable":true,"href":"https:\/\/www.europesays.com\/fr\/wp-json\/wp\/v2\/tags?post=573493"}],"curies":[{"name":"wp","href":"https:\/\/api.w.org\/{rel}","templated":true}]}}