{"id":573495,"date":"2025-12-02T16:29:14","date_gmt":"2025-12-02T16:29:14","guid":{"rendered":"https:\/\/www.europesays.com\/fr\/573495\/"},"modified":"2025-12-02T16:29:14","modified_gmt":"2025-12-02T16:29:14","slug":"un-dernier-salon-de-lorientation-avant-louverture-de-parcoursup-a-marseille","status":"publish","type":"post","link":"https:\/\/www.europesays.com\/fr\/573495\/","title":{"rendered":"un dernier salon de l&rsquo;orientation avant l&rsquo;ouverture de Parcoursup, \u00e0 Marseille"},"content":{"rendered":"<p>Pass, L.AS, pr\u00e9pas, \u00e9coles de commerce\u2026 Facile de se perdre dans la jungle des \u00e9tudes sup\u00e9rieures surtout lorsqu\u2019on n\u2019est pas encore sorti du lyc\u00e9e. \u00c0 quelques semaines de l\u2019ouverture de la <a href=\"https:\/\/www.laprovence.com\/article\/societe\/13115789356802\/parcoursup-le-grand-business-de-l-orientation\" target=\"_blank\" rel=\"noopener\">plateforme Parcoursup<\/a>, le site web Studyrama annonce le retour de son salon des \u00e9tudes sup\u00e9rieures, \u00e0 Marseille, ce samedi 6 d\u00e9cembre. L\u2019occasion pour les jeunes, et pour leurs parents, d\u2019y voir un peu plus clair avant de remplir les listes de v\u0153ux.<\/p>\n<p>\u00ab\u00a0On n\u2019est pas assez inform\u00e9s, d\u00e9plore Momo, 18\u00a0ans, \u00e9l\u00e8ve en terminale STMG. Nous sommes lanc\u00e9s sur la plateforme avec tr\u00e8s peu d\u2019explications. On ne comprend m\u00eame pas comment elle fonctionne.\u00a0\u00bb Comme plusieurs de ses camarades, celui qui voudrait travailler dans la direction de grandes entreprises craint de ne pas trouver d\u2019\u00e9cole. \u00ab\u00a0C\u2019est arriv\u00e9 \u00e0 l\u2019un de mes amis l\u2019ann\u00e9e derni\u00e8re, raconte le jeune homme. Aujourd\u2019hui, il gal\u00e8re de petit boulot en petit boulot sans pouvoir \u00e9tudier.\u00a0\u00bb Cinq conf\u00e9rences auront lieu au cours du salon, dont une sur le fonctionnement de Parcoursup, afin d\u2019aider les familles dans leurs d\u00e9marches.<\/p>\n<p>\u00ab\u00a0C\u2019est un peu stressant\u00a0\u00bb<\/p>\n<p>Des sp\u00e9cialistes des \u00e9tudes sup\u00e9rieures, des professeurs et des \u00e9tudiants seront pr\u00e9sents, au parc Chanot, pour guider les futurs candidats \u00e0 travers une offre de plus de 800 formations. Les futurs bacheliers pourront profiter d\u2019un village universitaire regroupant les diff\u00e9rents cursus de l\u2019<a href=\"https:\/\/www.laprovence.com\/article\/societe\/1988374790854414\/academie-aix-marseille-pour-bien-s-orienter-avec-parcoursup-il-faut-deja-dedramatiser-l-enjeu\" target=\"_blank\" rel=\"noopener\">universit\u00e9 Aix-Marseille<\/a> : l\u2019IUT, Polytech et les nombreuses fili\u00e8res des facult\u00e9s.<\/p>\n<p>La plateforme, elle, ouvrira mercredi 17\u00a0d\u00e9cembre. L\u2019int\u00e9gralit\u00e9 du catalogue de formations sera alors consultable par les candidats. \u00c0 compter du 19\u00a0janvier, les jeunes gens auront jusqu\u2019au jeudi 12\u00a0mars pour s\u2019inscrire et formuler leurs v\u0153ux, puis jusqu\u2019au mercredi 1er\u00a0avril pour les confirmer. \u00ab\u00a0J\u2019ai d\u00e9j\u00e0 fait mon CV et je vais bient\u00f4t r\u00e9diger mes lettres de motivation, d\u00e9taille Alyssa, 17\u00a0ans, \u00e9l\u00e8ve en terminale <a href=\"https:\/\/www.laprovence.com\/article\/region\/24953263013757\/un-blocus-dans-le-calme-au-lycee-montgrand-a-marseille-une-cinquantaine-de-lyceens-mobilises\" target=\"_blank\" rel=\"noopener\">au lyc\u00e9e Montgrand<\/a>. C\u2019est un peu stressant mais ma classe a la chance d\u2019\u00eatre bien encadr\u00e9e par notre professeure principale.\u00a0\u00bb<\/p>\n<p>\u00ab\u00a0\u00c7a g\u00e9n\u00e8re beaucoup d\u2019angoisses\u00a0\u00bb<\/p>\n<p>\u00ab\u00a0Il est essentiel de participer \u00e0 ce genre de salons et de faire des recherches bien en amont, sinon on se perd sur la plateforme\u00a0\u00bb, reconna\u00eet Laure Boselli, 50\u00a0ans. Sa fille Rose, en terminale l\u2019ann\u00e9e derni\u00e8re, fait des \u00e9tudes d\u2019arts appliqu\u00e9s. \u00ab\u00a0\u00c7a g\u00e9n\u00e8re beaucoup d\u2019angoisses. Est-ce qu\u2019elle fait les bons choix\u00a0? Est-ce que les \u00e9tablissements vont bien recevoir son dossier\u00a0?, ajoute la m\u00e8re. Et selon les lyc\u00e9es, les \u00e9l\u00e8ves ne sont pas toujours suffisamment encadr\u00e9s sur cette question.\u00a0\u00bb<\/p>\n<p>Samedi 6\u00a0d\u00e9cembre 2025, de 10h \u00e0 17h, au parc Chanot. Gratuit, sur inscription\u00a0: studyrama.com.<\/p>\n","protected":false},"excerpt":{"rendered":"Pass, L.AS, pr\u00e9pas, \u00e9coles de commerce\u2026 Facile de se perdre dans la jungle des \u00e9tudes sup\u00e9rieures surtout lorsqu\u2019on&hellip;\n","protected":false},"author":2,"featured_media":573496,"comment_status":"","ping_status":"","sticky":false,"template":"","format":"standard","meta":{"footnotes":""},"categories":[2814],"tags":[17,1111,11,3917,2511,1777,674,1011,27,5741,63763,884,12,27233,882,16,25,6290,68792],"class_list":{"0":"post-573495","1":"post","2":"type-post","3":"status-publish","4":"format-standard","5":"has-post-thumbnail","7":"category-marseille","8":"tag-17","9":"tag-actu","10":"tag-actualites","11":"tag-avant","12":"tag-cest","13":"tag-eu","14":"tag-europe","15":"tag-fr","16":"tag-france","17":"tag-louverture","18":"tag-lorientation","19":"tag-marseille","20":"tag-news","21":"tag-peu","22":"tag-provence-alpes-cote-dazur","23":"tag-region","24":"tag-republique-francaise","25":"tag-salon","26":"tag-stressant"},"share_on_mastodon":{"url":"https:\/\/pubeurope.com\/@fr\/115650924931075772","error":""},"_links":{"self":[{"href":"https:\/\/www.europesays.com\/fr\/wp-json\/wp\/v2\/posts\/573495","targetHints":{"allow":["GET"]}}],"collection":[{"href":"https:\/\/www.europesays.com\/fr\/wp-json\/wp\/v2\/posts"}],"about":[{"href":"https:\/\/www.europesays.com\/fr\/wp-json\/wp\/v2\/types\/post"}],"author":[{"embeddable":true,"href":"https:\/\/www.europesays.com\/fr\/wp-json\/wp\/v2\/users\/2"}],"replies":[{"embeddable":true,"href":"https:\/\/www.europesays.com\/fr\/wp-json\/wp\/v2\/comments?post=573495"}],"version-history":[{"count":0,"href":"https:\/\/www.europesays.com\/fr\/wp-json\/wp\/v2\/posts\/573495\/revisions"}],"wp:featuredmedia":[{"embeddable":true,"href":"https:\/\/www.europesays.com\/fr\/wp-json\/wp\/v2\/media\/573496"}],"wp:attachment":[{"href":"https:\/\/www.europesays.com\/fr\/wp-json\/wp\/v2\/media?parent=573495"}],"wp:term":[{"taxonomy":"category","embeddable":true,"href":"https:\/\/www.europesays.com\/fr\/wp-json\/wp\/v2\/categories?post=573495"},{"taxonomy":"post_tag","embeddable":true,"href":"https:\/\/www.europesays.com\/fr\/wp-json\/wp\/v2\/tags?post=573495"}],"curies":[{"name":"wp","href":"https:\/\/api.w.org\/{rel}","templated":true}]}}