{"id":573497,"date":"2025-12-02T16:30:29","date_gmt":"2025-12-02T16:30:29","guid":{"rendered":"https:\/\/www.europesays.com\/fr\/573497\/"},"modified":"2025-12-02T16:30:29","modified_gmt":"2025-12-02T16:30:29","slug":"lombre-de-la-dz-mafia-plane-sur-la-mort-dun-homme-de-20-ans","status":"publish","type":"post","link":"https:\/\/www.europesays.com\/fr\/573497\/","title":{"rendered":"L\u2019ombre de la DZ Mafia plane sur la mort d\u2019un homme de 20 ans"},"content":{"rendered":"<p>La <a href=\"https:\/\/www.20minutes.fr\/justice\/4164029-20250717-prison-narcos-mohamed-amra-dz-mafia-yoda-pensionnaires-vendin-viel\" class=\"c-link c-link--is-underlined\" target=\"_blank\" rel=\"noopener\">DZ Mafia<\/a> s\u2019implante-t-elle \u00e0 l\u2019<a href=\"https:\/\/www.20minutes.fr\/dossier\/auvergne\" class=\"c-link c-link--is-underlined\" target=\"_blank\" rel=\"noopener\">Auvergne<\/a>\u00a0? Ce mardi, le parquet de <a href=\"https:\/\/www.20minutes.fr\/societe\/clermont-ferrand\/\" class=\"c-link c-link--is-underlined\" target=\"_blank\" rel=\"noopener\">Clermont-Ferrand <\/a>a indiqu\u00e9 qu\u2019un jeune homme soup\u00e7onn\u00e9 d\u2019en avoir tu\u00e9 un autre fin octobre dans le chef-lieu du Puy-de-D\u00f4me lors d\u2019un r\u00e8glement de compte a \u00e9t\u00e9 interpell\u00e9 \u00e0 <a href=\"https:\/\/www.20minutes.fr\/marseille\/\" class=\"c-link c-link--is-underlined\" target=\"_blank\" rel=\"noopener\">Marseille<\/a> et mis en examen notamment pour \u00ab\u00a0meurtre en bande organis\u00e9e\u00a0\u00bb.<\/p>\n<p>Plac\u00e9 en d\u00e9tention provisoire, le suspect \u00e2g\u00e9 de 18 ans a \u00e9galement \u00e9t\u00e9 mis en examen pour \u00ab\u00a0<a href=\"https:\/\/www.20minutes.fr\/dossier\/meurtre\" class=\"c-link c-link--is-underlined\" target=\"_blank\" rel=\"noopener\">tentative de meurtre en bande organis\u00e9e<\/a>\u00a0\u00bb, \u00ab\u00a0d\u00e9tention non autoris\u00e9e en r\u00e9union de mat\u00e9riel de guerre\u00a0\u00bb, et \u00ab\u00a0participation \u00e0 une association de malfaiteurs en vue de la pr\u00e9paration d\u2019un crime en bande organis\u00e9e\u00a0\u00bb, a pr\u00e9cis\u00e9 le procureur de Clermont-Ferrand Eric Serfass, confirmant une information du quotidien <a href=\"https:\/\/www.laprovence.com\/article\/faits-divers-justice\/2306344843625714\/narcotrafic-la-dz-mafia-setend-a-clermont-ferrand-avec-des-reglements-de-comptes-au-pied-des-volcans\" rel=\"nofollow noopener\" target=\"_blank\" class=\"c-link c-link--is-underlined\">La Provence<\/a>. L\u2019homme avait \u00e9t\u00e9 interpell\u00e9 d\u00e9but novembre \u00e0 Marseille. Le parquet de Clermont-Ferrand a \u00e9t\u00e9 dessaisi de l\u2019affaire au profit de la JIRS (juridiction inter-r\u00e9gionale sp\u00e9cialis\u00e9e) de Marseille.<\/p>\n<p>Un mort et un bless\u00e9 dans un r\u00e8glement de compte<\/p>\n<p>Le 31 octobre, un homme \u00e2g\u00e9 de 20 ans avait \u00e9t\u00e9 tu\u00e9 par balle \u00e0 Clermont-Ferrand et un autre de 53 ans avait \u00e9t\u00e9 bless\u00e9 lors d\u2019un r\u00e8glement de compte, dans un quartier connu pour le trafic de stup\u00e9fiants.<\/p>\n<\/p>\n<p>La capitale auvergnate, relativement \u00e9pargn\u00e9e par le ph\u00e9nom\u00e8ne pr\u00e9c\u00e9demment, fait face depuis plus d\u2019un an \u00e0 une flamb\u00e9e de violences li\u00e9es au narcotrafic. Depuis le d\u00e9but de l\u2019ann\u00e9e, au moins cinq personnes ont \u00e9t\u00e9 tu\u00e9es et une gri\u00e8vement bless\u00e9e en lien avec le trafic de stup\u00e9fiants.<\/p>\n<p>Selon La Provence, l\u2019homme interpell\u00e9 est soup\u00e7onn\u00e9 d\u2019\u0153uvrer pour la DZ Mafia, principale n\u00e9buleuse du narcotrafic marseillais. \u00ab\u00a0Des \u00e9l\u00e9ments des investigations permettent de le suspecter\u00a0\u00bb, a indiqu\u00e9 une source proche du dossier.<\/p>\n<p>La DZ Mafia semble s\u2019\u00e9tendre<\/p>\n<p>Lors d\u2019un \u00e9change avec l\u2019AFP fin novembre sur la pr\u00e9sence de la n\u00e9buleuse, le criminologue Jean-Baptiste Perrier, de l\u2019universit\u00e9 d\u2019Aix-Marseille, se disait \u00ab\u00a0\u00e9tonn\u00e9 de voir la DZ Mafia \u00e0 Clermont-Ferrand\u00a0\u00bb. \u00ab\u00a0Mais ce n\u2019est pas la DZ Mafia marseillaise, ils n\u2019ont pas pris la voiture pour venir. Ce sont des Clermontois, qui sont devenus des succursales de la DZ Mafia, qui s\u2019en revendiquent\u00a0\u00bb, expliquait-il.<\/p>\n<p><a href=\"https:\/\/www.20minutes.fr\/dossier\/narcotrafiquants\" class=\"c-link c-btn c-btn--primary\" target=\"_blank\" rel=\"noopener\">Retrouvez ici notre dossier consacr\u00e9 au narcotrafic<\/a><\/p>\n<p>\u00ab\u00a0Dans la r\u00e9gion marseillaise, on avait l\u2019affrontement de deux grands groupes\u00a0: l\u00e0, on est dans des petites villes, donc il y a des micro-affrontements entre plus petits groupes\u00a0\u00bb, selon lui.<\/p>\n<p>En d\u00e9placement \u00e0 Clermont-Ferrand d\u00e9but septembre, l\u2019ex-ministre de l\u2019Int\u00e9rieur Bruno Retailleau avait \u00e9voqu\u00e9 une \u00ab\u00a0guerre territoriale\u00a0\u00bb entre narcotrafiquants, affirmant que \u00ab\u00a0des sommets de barbarie\u00a0\u00bb avaient \u00e9t\u00e9 atteints.<\/p>\n","protected":false},"excerpt":{"rendered":"La DZ Mafia s\u2019implante-t-elle \u00e0 l\u2019Auvergne\u00a0? Ce mardi, le parquet de Clermont-Ferrand a indiqu\u00e9 qu\u2019un jeune homme soup\u00e7onn\u00e9&hellip;\n","protected":false},"author":2,"featured_media":573498,"comment_status":"","ping_status":"","sticky":false,"template":"","format":"standard","meta":{"footnotes":""},"categories":[2814],"tags":[1111,47,11,6733,2430,885,1013,9050,1777,674,118,1011,27,3642,884,813,12,883,882,38353,25,887],"class_list":{"0":"post-573497","1":"post","2":"type-post","3":"status-publish","4":"format-standard","5":"has-post-thumbnail","7":"category-marseille","8":"tag-actu","9":"tag-actualite","10":"tag-actualites","11":"tag-auvergne","12":"tag-auvergne-rhone-alpes","13":"tag-bouches-du-rhone","14":"tag-bruno-retailleau","15":"tag-clermont-ferrand","16":"tag-eu","17":"tag-europe","18":"tag-faits-divers","19":"tag-fr","20":"tag-france","21":"tag-mafia","22":"tag-marseille","23":"tag-narcotrafiquants","24":"tag-news","25":"tag-paca","26":"tag-provence-alpes-cote-dazur","27":"tag-puy-de-dome","28":"tag-republique-francaise","29":"tag-trafic-de-drogue"},"share_on_mastodon":{"url":"https:\/\/pubeurope.com\/@fr\/115650928541550288","error":""},"_links":{"self":[{"href":"https:\/\/www.europesays.com\/fr\/wp-json\/wp\/v2\/posts\/573497","targetHints":{"allow":["GET"]}}],"collection":[{"href":"https:\/\/www.europesays.com\/fr\/wp-json\/wp\/v2\/posts"}],"about":[{"href":"https:\/\/www.europesays.com\/fr\/wp-json\/wp\/v2\/types\/post"}],"author":[{"embeddable":true,"href":"https:\/\/www.europesays.com\/fr\/wp-json\/wp\/v2\/users\/2"}],"replies":[{"embeddable":true,"href":"https:\/\/www.europesays.com\/fr\/wp-json\/wp\/v2\/comments?post=573497"}],"version-history":[{"count":0,"href":"https:\/\/www.europesays.com\/fr\/wp-json\/wp\/v2\/posts\/573497\/revisions"}],"wp:featuredmedia":[{"embeddable":true,"href":"https:\/\/www.europesays.com\/fr\/wp-json\/wp\/v2\/media\/573498"}],"wp:attachment":[{"href":"https:\/\/www.europesays.com\/fr\/wp-json\/wp\/v2\/media?parent=573497"}],"wp:term":[{"taxonomy":"category","embeddable":true,"href":"https:\/\/www.europesays.com\/fr\/wp-json\/wp\/v2\/categories?post=573497"},{"taxonomy":"post_tag","embeddable":true,"href":"https:\/\/www.europesays.com\/fr\/wp-json\/wp\/v2\/tags?post=573497"}],"curies":[{"name":"wp","href":"https:\/\/api.w.org\/{rel}","templated":true}]}}