{"id":573503,"date":"2025-12-02T16:35:13","date_gmt":"2025-12-02T16:35:13","guid":{"rendered":"https:\/\/www.europesays.com\/fr\/573503\/"},"modified":"2025-12-02T16:35:13","modified_gmt":"2025-12-02T16:35:13","slug":"velos-voles-trafic-de-batteries-comment-veligo-est-parvenu-a-resorber-la-fraude","status":"publish","type":"post","link":"https:\/\/www.europesays.com\/fr\/573503\/","title":{"rendered":"V\u00e9los vol\u00e9s, trafic de batteries\u2026 Comment V\u00e9ligo est parvenu \u00e0 r\u00e9sorber la fraude"},"content":{"rendered":"<p class=\"paragraph text_align_left lp-f-body-02\">V\u00e9ligo a longtemps \u00e9t\u00e9 <a href=\"https:\/\/www.leparisien.fr\/paris-75\/vols-de-velos-en-ile-de-france-acheter-un-veligo-revendu-illegalement-sur-internet-rien-de-plus-facile-25-09-2023-LG66VXYV3NATBDHJTNZKUY3XXI.php\" target=\"_blank\" rel=\"noreferrer noopener\">le v\u00e9lo pr\u00e9f\u00e9r\u00e9 des livreurs \u00e0 domicile<\/a>. Robustes, tout \u00e9quip\u00e9s et bon march\u00e9 (20 \u00e0 40 euros par mois), les engins \u00e0 assistance \u00e9lectriques en location propos\u00e9s par \u00cele-de-France Mobilit\u00e9s (IDFM) ont \u00e9t\u00e9 massivement adopt\u00e9s par ces travailleurs pr\u00e9caires. Probl\u00e8me : leur usage professionnel est formellement interdit.<\/p>\n<p class=\"paragraph text_align_left lp-f-body-02\">Entre 2020 et 2024, les V\u00e9ligo ont fait l\u2019objet d\u2019un \u00ab d\u00e9tournement \u00bb, regrette <a href=\"https:\/\/www.leparisien.fr\/politique\/valerie-pecresse\/\" target=\"_blank\" rel=\"noreferrer noopener\">Val\u00e9rie P\u00e9cresse<\/a>, la pr\u00e9sidente (<a href=\"https:\/\/www.leparisien.fr\/politique\/lr\/\" target=\"_blank\" rel=\"noreferrer noopener\">LR<\/a>) d\u2019IDFM. Ce succ\u00e8s a aliment\u00e9 <a href=\"https:\/\/www.leparisien.fr\/info-paris-ile-de-france-oise\/transports\/vols-de-velos-electriques-comme-tout-le-secteur-veligo-nest-pas-epargne-25-09-2023-QUB3TVMHCBBEHDHHFP2DLFYVBY.php\" target=\"_self\" rel=\"noopener\">le vol de v\u00e9los <\/a>et le trafic de batteries d\u00e9rob\u00e9es, puis revendues en ligne\u2026<\/p>\n<p>Une offre pour les professionnels<\/p>\n<p class=\"paragraph text_align_left lp-f-body-02\">Malgr\u00e9 leur syst\u00e8me de g\u00e9olocalisation, V\u00e9ligo et l\u2019op\u00e9rateur Fluow (remplac\u00e9 par Cyclonova \u00e0 partir de 2026) ont mis du temps \u00e0 trouver la parade. \u00ab D\u00e9sormais, nous avons r\u00e9ussi \u00e0 r\u00e9sorber le ph\u00e9nom\u00e8ne, confie-t-on chez IDFM. Nous d\u00e9plorons 15 v\u00e9los vol\u00e9s par mois, contre 300 en 2022. Le trafic a cess\u00e9 depuis qu\u2019il est n\u00e9cessaire d\u2019appairer la batterie avec le v\u00e9lo, et que nous pouvons d\u00e9sactiver l\u2019assistance \u00e9lectrique \u00e0 distance. \u00bb<\/p>\n<p class=\"paragraph text_align_left lp-f-body-02\">La nouvelle gamme de V\u00e9ligo, disponible \u00e0 partir de 2026, disposera de certains \u00e9l\u00e9ments renforc\u00e9s pour emp\u00eacher le vol. Mais la prudence reste de mise : V\u00e9ligo multiplie les messages pour rappeler aux abonn\u00e9s de bien attacher leur monture. Et de bien penser \u00e0 retirer la batterie lors d\u2019un stationnement prolong\u00e9. Quant aux professionnels, ils auront acc\u00e8s \u00e0 toute une panoplie de v\u00e9hicules d\u00e9di\u00e9s \u00e0 la livraison, \u00e0 partir de 100 euros par mois.<\/p>\n","protected":false},"excerpt":{"rendered":"V\u00e9ligo a longtemps \u00e9t\u00e9 le v\u00e9lo pr\u00e9f\u00e9r\u00e9 des livreurs \u00e0 domicile. Robustes, tout \u00e9quip\u00e9s et bon march\u00e9 (20&hellip;\n","protected":false},"author":2,"featured_media":573504,"comment_status":"","ping_status":"","sticky":false,"template":"","format":"standard","meta":{"footnotes":""},"categories":[1592],"tags":[1111,11,1777,674,1011,27,662,1944,12,626,25,2382],"class_list":{"0":"post-573503","1":"post","2":"type-post","3":"status-publish","4":"format-standard","5":"has-post-thumbnail","7":"category-ile-de-france","8":"tag-actu","9":"tag-actualites","10":"tag-eu","11":"tag-europe","12":"tag-fr","13":"tag-france","14":"tag-ile-de-france","15":"tag-ma-ville","16":"tag-news","17":"tag-paris","18":"tag-republique-francaise","19":"tag-transport-idf-oise"},"share_on_mastodon":{"url":"https:\/\/pubeurope.com\/@fr\/115650948268234872","error":""},"_links":{"self":[{"href":"https:\/\/www.europesays.com\/fr\/wp-json\/wp\/v2\/posts\/573503","targetHints":{"allow":["GET"]}}],"collection":[{"href":"https:\/\/www.europesays.com\/fr\/wp-json\/wp\/v2\/posts"}],"about":[{"href":"https:\/\/www.europesays.com\/fr\/wp-json\/wp\/v2\/types\/post"}],"author":[{"embeddable":true,"href":"https:\/\/www.europesays.com\/fr\/wp-json\/wp\/v2\/users\/2"}],"replies":[{"embeddable":true,"href":"https:\/\/www.europesays.com\/fr\/wp-json\/wp\/v2\/comments?post=573503"}],"version-history":[{"count":0,"href":"https:\/\/www.europesays.com\/fr\/wp-json\/wp\/v2\/posts\/573503\/revisions"}],"wp:featuredmedia":[{"embeddable":true,"href":"https:\/\/www.europesays.com\/fr\/wp-json\/wp\/v2\/media\/573504"}],"wp:attachment":[{"href":"https:\/\/www.europesays.com\/fr\/wp-json\/wp\/v2\/media?parent=573503"}],"wp:term":[{"taxonomy":"category","embeddable":true,"href":"https:\/\/www.europesays.com\/fr\/wp-json\/wp\/v2\/categories?post=573503"},{"taxonomy":"post_tag","embeddable":true,"href":"https:\/\/www.europesays.com\/fr\/wp-json\/wp\/v2\/tags?post=573503"}],"curies":[{"name":"wp","href":"https:\/\/api.w.org\/{rel}","templated":true}]}}