{"id":573505,"date":"2025-12-02T16:36:20","date_gmt":"2025-12-02T16:36:20","guid":{"rendered":"https:\/\/www.europesays.com\/fr\/573505\/"},"modified":"2025-12-02T16:36:20","modified_gmt":"2025-12-02T16:36:20","slug":"30-nuits-maximum-par-an-ce-candidat-a-la-mairie-de-paris-veut-sattaquer-aux-locations-touristiques","status":"publish","type":"post","link":"https:\/\/www.europesays.com\/fr\/573505\/","title":{"rendered":"30 nuits maximum par an : ce candidat \u00e0 la mairie de Paris veut s&rsquo;attaquer aux locations touristiques"},"content":{"rendered":"<p>        <img decoding=\"async\" src=\"https:\/\/www.europesays.com\/fr\/wp-content\/uploads\/2025\/12\/3dc9c765e5522b8a0e40f4e11497eb1e-760x538.jpg\" alt=\"Pierre-Yves Bournazel, candidat\u00a0\u00e0 la mairie de Paris en\u00a02026, veut les locations Airbnb \u00e0 30 nuit\u00e9es par an. (illustration) (edmondlafoto \/ Pixabay)\" loading=\"eager\" fetchpriority=\"high\" width=\"760\" height=\"538\" style=\"max-width: 100%!important; height: auto;\"\/><\/p>\n<p class=\"c-image-news__legend\">Pierre-Yves Bournazel, candidat\u00a0\u00e0 la mairie de Paris en\u00a02026, veut les locations Airbnb \u00e0 30 nuit\u00e9es par an. (illustration) (edmondlafoto \/ Pixabay)<\/p>\n<p><strong><br \/>\n Les meubl\u00e9s touristiques lou\u00e9s sur des plateformes de type Airbnb sont dans le viseur de Pierre-Yves Bournazel, candidat Horizons \u00e0 la mairie de Paris. L&rsquo;\u00e9lu veut limiter le nombre de nuit\u00e9es \u00e0 30 par an.<br \/>\n<\/strong><\/p>\n<p>\n Pierre-Yves Bournazel, candidat Horizons \u00e0 la mairie de Paris en 2026, risque de se mettre \u00e0 dos les propri\u00e9taires de meubl\u00e9s touristiques dans la capitale. Dans une interview accord\u00e9e \u00e0<br \/>\n <a href=\"https:\/\/www.latribune.fr\/article\/la-tribune-dimanche\/municipales\/46143025738828\/je-ne-veux-pas-que-paris-devienne-un-musee-a-ciel-ouvert-bournazel-veut-reduire-les-locations-airbnb-a-30-nuits-par-an\" rel=\"nofollow noopener noreferrer\" target=\"_blank\"><\/p>\n<p>   La Tribune Dimanche<\/p>\n<p> <\/a><br \/>\n , l&rsquo;\u00e9lu propose de limiter les locations Airbnb \u00e0 30 nuit\u00e9es par an, contre 90 actuellement, pour remettre 60 000 biens sur le march\u00e9 de la location longue dur\u00e9e.\n<\/p>\n<p> Un fonds de garantie et de caution pour rassurer les propri\u00e9taires<\/p>\n<p>  \u00ab Une famille avec deux enfants doit payer quasiment deux Smics pour se loger \u00e0 Paris \u00bb<\/p>\n<p> , d\u00e9plore celui qui esp\u00e8re succ\u00e9der \u00e0 Anne Hidalgo. 10% du parc immobilier parisien serait concern\u00e9 par une telle mesure.\n<\/p>\n<p>\n Pierre-Yves Bournazel veut aussi s&rsquo;attaquer au probl\u00e8me des logements vacants. Pour y parvenir, il a imagin\u00e9 un<\/p>\n<p>  \u00ab pacte de confiance \u00bb<\/p>\n<p> pour rassurer les propri\u00e9taires frileux \u00e0 l&rsquo;id\u00e9e de louer leur bien. Comment ? En cr\u00e9ant un fonds de garantie et de caution solidaire d\u00e9di\u00e9 aux travailleurs, jeunes actifs et aux \u00e9tudiants. Il estime que cette mesure peut permettre le retour d&rsquo;environ 20 000 logements sur le march\u00e9 locatif.<\/p>\n","protected":false},"excerpt":{"rendered":"Pierre-Yves Bournazel, candidat\u00a0\u00e0 la mairie de Paris en\u00a02026, veut les locations Airbnb \u00e0 30 nuit\u00e9es par an. (illustration)&hellip;\n","protected":false},"author":2,"featured_media":573506,"comment_status":"","ping_status":"","sticky":false,"template":"","format":"standard","meta":{"footnotes":""},"categories":[1888],"tags":[400,1111,1928,11,1927,398,408,405,1777,674,1011,27,403,402,399,404,12,1926,626,1925,25,401,406,407],"class_list":{"0":"post-573505","1":"post","2":"type-post","3":"status-publish","4":"format-standard","5":"has-post-thumbnail","7":"category-paris","8":"tag-action-cac-40","9":"tag-actu","10":"tag-actu-paris","11":"tag-actualites","12":"tag-actualites-paris","13":"tag-bourse-de-paris","14":"tag-boursorama","15":"tag-cotations","16":"tag-eu","17":"tag-europe","18":"tag-fr","19":"tag-france","20":"tag-indices-devises","21":"tag-investir","22":"tag-investissement","23":"tag-marche-boursier","24":"tag-news","25":"tag-news-paris","26":"tag-paris","27":"tag-paris-news","28":"tag-republique-francaise","29":"tag-sicav","30":"tag-trackers","31":"tag-warrants"},"share_on_mastodon":{"url":"https:\/\/pubeurope.com\/@fr\/115650952943292611","error":""},"_links":{"self":[{"href":"https:\/\/www.europesays.com\/fr\/wp-json\/wp\/v2\/posts\/573505","targetHints":{"allow":["GET"]}}],"collection":[{"href":"https:\/\/www.europesays.com\/fr\/wp-json\/wp\/v2\/posts"}],"about":[{"href":"https:\/\/www.europesays.com\/fr\/wp-json\/wp\/v2\/types\/post"}],"author":[{"embeddable":true,"href":"https:\/\/www.europesays.com\/fr\/wp-json\/wp\/v2\/users\/2"}],"replies":[{"embeddable":true,"href":"https:\/\/www.europesays.com\/fr\/wp-json\/wp\/v2\/comments?post=573505"}],"version-history":[{"count":0,"href":"https:\/\/www.europesays.com\/fr\/wp-json\/wp\/v2\/posts\/573505\/revisions"}],"wp:featuredmedia":[{"embeddable":true,"href":"https:\/\/www.europesays.com\/fr\/wp-json\/wp\/v2\/media\/573506"}],"wp:attachment":[{"href":"https:\/\/www.europesays.com\/fr\/wp-json\/wp\/v2\/media?parent=573505"}],"wp:term":[{"taxonomy":"category","embeddable":true,"href":"https:\/\/www.europesays.com\/fr\/wp-json\/wp\/v2\/categories?post=573505"},{"taxonomy":"post_tag","embeddable":true,"href":"https:\/\/www.europesays.com\/fr\/wp-json\/wp\/v2\/tags?post=573505"}],"curies":[{"name":"wp","href":"https:\/\/api.w.org\/{rel}","templated":true}]}}