{"id":573507,"date":"2025-12-02T16:37:11","date_gmt":"2025-12-02T16:37:11","guid":{"rendered":"https:\/\/www.europesays.com\/fr\/573507\/"},"modified":"2025-12-02T16:37:11","modified_gmt":"2025-12-02T16:37:11","slug":"paris-quatre-hommes-interpelles-pour-le-viol-dune-adolescente-dans-les-wc-dun-kfc","status":"publish","type":"post","link":"https:\/\/www.europesays.com\/fr\/573507\/","title":{"rendered":"Paris: quatre hommes interpell\u00e9s pour le viol d&rsquo;une adolescente dans les WC d&rsquo;un KFC"},"content":{"rendered":"<p class=\"mb-4 text-lg md:leading-8 break-words\">Quatre hommes \u00e2g\u00e9s de 18 \u00e0 24 ans ont \u00e9t\u00e9 interpell\u00e9s, soup\u00e7onn\u00e9s du viol d&rsquo;une adolescente de treize ans dans les toilettes d&rsquo;un restaurant KFC du centre de Paris, a-t-on appris mardi de source polici\u00e8re et du parquet.<\/p>\n<p class=\"mb-4 text-lg md:leading-8 break-words\">Les faits se sont d\u00e9roul\u00e9s lundi soir, ont pr\u00e9cis\u00e9 une source polici\u00e8re et le parquet de Paris.<\/p>\n<p class=\"mb-4 text-lg md:leading-8 break-words\">La jeune victime avait commenc\u00e9 la soir\u00e9e avec une amie et un groupe de personnes, pr\u00e8s du restaurant McDonald&rsquo;s du quartier de Ch\u00e2telet-Les Halles.<\/p>\n<p class=\"mb-4 text-lg md:leading-8 break-words\">Ces personnes \u00e9t\u00e9 contr\u00f4l\u00e9es par la police. Apr\u00e8s ce contr\u00f4le, l&rsquo;amie est rest\u00e9e avec les policiers, tandis que la victime a \u00ab\u00a0suivi le groupe au KFC\u00a0\u00bb, a relat\u00e9 le parquet de Paris.<\/p>\n<p class=\"mb-4 text-lg md:leading-8 break-words\">\u00ab\u00a0La jeune fille a indiqu\u00e9 avoir subi des actes sexuels dans les toilettes, impos\u00e9s par quatre hommes du groupe\u00a0\u00bb, a ajout\u00e9 cette source. Ensuite, \u00ab\u00a0les policiers l\u2019ont emmen\u00e9e en patrouille et ont interpell\u00e9 sur sa reconnaissance quatre personnes dans un groupe toujours pr\u00e9sent au Forum des Halles\u00a0\u00bb.<\/p>\n<p class=\"mb-4 text-lg md:leading-8 break-words\">La jeune fille a \u00e9t\u00e9 prise en charge pour des soins \u00e0 l&rsquo;h\u00f4pital Necker, avant de porter plainte, tandis que les hommes ont \u00e9t\u00e9 plac\u00e9s en garde \u00e0 vue, a pr\u00e9cis\u00e9 la source polici\u00e8re. L&rsquo;enqu\u00eate a \u00e9t\u00e9 confi\u00e9e \u00e0 la Brigade de protection des mineurs, sous la direction du parquet des mineurs de Paris.<\/p>\n<p class=\"mb-4 text-lg md:leading-8 break-words\">mk-fbe\/cal\/swi<\/p>\n","protected":false},"excerpt":{"rendered":"Quatre hommes \u00e2g\u00e9s de 18 \u00e0 24 ans ont \u00e9t\u00e9 interpell\u00e9s, soup\u00e7onn\u00e9s du viol d&rsquo;une adolescente de treize&hellip;\n","protected":false},"author":2,"featured_media":573508,"comment_status":"","ping_status":"","sticky":false,"template":"","format":"standard","meta":{"footnotes":""},"categories":[1888],"tags":[1111,1928,11,1927,65856,1777,674,1011,27,25335,45082,12,1926,626,1925,10857,9702,25,1265],"class_list":{"0":"post-573507","1":"post","2":"type-post","3":"status-publish","4":"format-standard","5":"has-post-thumbnail","7":"category-paris","8":"tag-actu","9":"tag-actu-paris","10":"tag-actualites","11":"tag-actualites-paris","12":"tag-brigade-de-protection-des-mineurs","13":"tag-eu","14":"tag-europe","15":"tag-fr","16":"tag-france","17":"tag-kfc","18":"tag-les-hommes","19":"tag-news","20":"tag-news-paris","21":"tag-paris","22":"tag-paris-news","23":"tag-parquet-de-paris","24":"tag-quatre","25":"tag-republique-francaise","26":"tag-viol"},"share_on_mastodon":{"url":"https:\/\/pubeurope.com\/@fr\/115650956219552730","error":""},"_links":{"self":[{"href":"https:\/\/www.europesays.com\/fr\/wp-json\/wp\/v2\/posts\/573507","targetHints":{"allow":["GET"]}}],"collection":[{"href":"https:\/\/www.europesays.com\/fr\/wp-json\/wp\/v2\/posts"}],"about":[{"href":"https:\/\/www.europesays.com\/fr\/wp-json\/wp\/v2\/types\/post"}],"author":[{"embeddable":true,"href":"https:\/\/www.europesays.com\/fr\/wp-json\/wp\/v2\/users\/2"}],"replies":[{"embeddable":true,"href":"https:\/\/www.europesays.com\/fr\/wp-json\/wp\/v2\/comments?post=573507"}],"version-history":[{"count":0,"href":"https:\/\/www.europesays.com\/fr\/wp-json\/wp\/v2\/posts\/573507\/revisions"}],"wp:featuredmedia":[{"embeddable":true,"href":"https:\/\/www.europesays.com\/fr\/wp-json\/wp\/v2\/media\/573508"}],"wp:attachment":[{"href":"https:\/\/www.europesays.com\/fr\/wp-json\/wp\/v2\/media?parent=573507"}],"wp:term":[{"taxonomy":"category","embeddable":true,"href":"https:\/\/www.europesays.com\/fr\/wp-json\/wp\/v2\/categories?post=573507"},{"taxonomy":"post_tag","embeddable":true,"href":"https:\/\/www.europesays.com\/fr\/wp-json\/wp\/v2\/tags?post=573507"}],"curies":[{"name":"wp","href":"https:\/\/api.w.org\/{rel}","templated":true}]}}