{"id":573511,"date":"2025-12-02T16:39:14","date_gmt":"2025-12-02T16:39:14","guid":{"rendered":"https:\/\/www.europesays.com\/fr\/573511\/"},"modified":"2025-12-02T16:39:14","modified_gmt":"2025-12-02T16:39:14","slug":"paris-trois-sans-abri-retrouves-morts-en-moins-dune-semaine","status":"publish","type":"post","link":"https:\/\/www.europesays.com\/fr\/573511\/","title":{"rendered":"Paris: trois sans-abri retrouv\u00e9s morts en moins d&rsquo;une semaine"},"content":{"rendered":"<p class=\"mb-4 text-lg md:leading-8 break-words\">Une femme et deux hommes, sans domicile fixe, ont \u00e9t\u00e9 retrouv\u00e9s morts depuis mercredi \u00e0 Paris et deux enqu\u00eates ont \u00e9t\u00e9 ouvertes, a-t-on appris mardi de source polici\u00e8re et aupr\u00e8s du parquet.<\/p>\n<p class=\"mb-4 text-lg md:leading-8 break-words\">Lundi, vers 07h30, dans le 9e arrondissement, un agent de la mairie a appel\u00e9 les secours pour un homme, \u00e2g\u00e9 d&rsquo;une cinquantaine d&rsquo;ann\u00e9es, qui faisait un malaise cardiaque, a relat\u00e9 une source polici\u00e8re.<\/p>\n<p class=\"mb-4 text-lg md:leading-8 break-words\">Malgr\u00e9 les soins prodigu\u00e9s, la victime est d\u00e9c\u00e9d\u00e9e. Sans domicile fixe, l&rsquo;homme n&rsquo;avait pas de papier d&rsquo;identit\u00e9 sur lui.<\/p>\n<p class=\"mb-4 text-lg md:leading-8 break-words\">La veille, dimanche, c&rsquo;est dans le 10e arrondissement, rue Ren\u00e9 Boulanger, qu&rsquo;un autre homme sans-abri a \u00e9t\u00e9 d\u00e9couvert inanim\u00e9 sur la voie publique vers 10H30, a poursuivi la source polici\u00e8re.<\/p>\n<p class=\"mb-4 text-lg md:leading-8 break-words\">Les sapeurs-pompiers et le Samu n&rsquo;ont rien pu faire pour r\u00e9animer le quinquag\u00e9naire, qui n&rsquo;a pas pu \u00eatre identifi\u00e9.<\/p>\n<p class=\"mb-4 text-lg md:leading-8 break-words\">Les causes de son d\u00e9c\u00e8s n&rsquo;ont pu \u00eatre d\u00e9termin\u00e9es au moment de la lev\u00e9e de corps et un officier de police judiciaire du commissariat s&rsquo;est rendu sur les lieux, a-t-elle ajout\u00e9.<\/p>\n<p class=\"mb-4 text-lg md:leading-8 break-words\">\u00ab\u00a0Le parquet de Paris a ouvert deux enqu\u00eates en recherche des causes de la mort\u00a0\u00bb confi\u00e9es aux commissariats du 9e\u00a0et du 10e arrondissements afin de \u00ab\u00a0d\u00e9terminer les causes de la mort et de rechercher l&rsquo;identit\u00e9 des personnes d\u00e9c\u00e9d\u00e9es\u00a0\u00bb, a-t-il indiqu\u00e9, confirmant une information du Parisien.<\/p>\n<p class=\"mb-4 text-lg md:leading-8 break-words\">Quelques jours auparavant, mercredi, dans le 15e arrondissement, des passants ont signal\u00e9 le corps sans vie d&rsquo;une femme dans une tente, d&rsquo;apr\u00e8s la source polici\u00e8re.<\/p>\n<p class=\"mb-4 text-lg md:leading-8 break-words\">Les sapeurs-pompiers d\u00e9p\u00each\u00e9s sur place ont constat\u00e9 son d\u00e9c\u00e8s. Elle n&rsquo;a pas non plus \u00e9t\u00e9 identifi\u00e9e, a pr\u00e9cis\u00e9 la source.<\/p>\n<p class=\"mb-4 text-lg md:leading-8 break-words\">Ces trois d\u00e9c\u00e8s interviennent alors que les temp\u00e9ratures \u00e0 Paris restent de saison.<\/p>\n<p class=\"mb-4 text-lg md:leading-8 break-words\">Ce mardi, 162 personnes dormant \u00e0 la rue dans les 10e, 18e et 19e arrondissements, ont par ailleurs \u00e9t\u00e9 \u00ab\u00a0mises \u00e0 l&rsquo;abri\u00a0\u00bb dans des \u00ab\u00a0structures d&rsquo;accueil temporaires\u00a0\u00bb en Ile-de-France ou en r\u00e9gions, a indiqu\u00e9 la pr\u00e9fecture de la r\u00e9gion Ile-de-France. Neuf d&rsquo;entre elles, usag\u00e8res de drogue ou \u00ab\u00a0vuln\u00e9rables\u00a0\u00bb, ont \u00e9t\u00e9 prises en charge dans des \u00ab\u00a0structures adapt\u00e9es\u00a0\u00bb.<\/p>\n<p class=\"mb-4 text-lg md:leading-8 break-words\">Fin octobre, le collectif Les morts de la rue a fait \u00e9tat de 912 personnes sans domicile fixe d\u00e9c\u00e9d\u00e9es en France en 2024, soit \u00ab\u00a0un nouveau record effroyable\u00a0\u00bb, depuis le premier recensement de 2012. L&rsquo;Ile-de-France concentre 37% des d\u00e9c\u00e8s.<\/p>\n<p class=\"mb-4 text-lg md:leading-8 break-words\">Sont concern\u00e9s des enfants, des femmes et des hommes ; les plus jeunes n&rsquo;avaient que quelques jours, la personne la plus plus \u00e2g\u00e9e 93 ans.<\/p>\n<p class=\"mb-4 text-lg md:leading-8 break-words\">Les moins de 15 ans repr\u00e9sentent 4% des d\u00e9c\u00e8s, soit \u00ab\u00a0un doublement par rapport \u00e0 la p\u00e9riode 2012-2023\u00a0\u00bb.<\/p>\n<p class=\"mb-4 text-lg md:leading-8 break-words\">\u00ab\u00a0Tous les indicateurs sont au rouge, il y a urgence \u00e0 se mobiliser\u00a0\u00bb, a alert\u00e9 aupr\u00e8s de l&rsquo;AFP Ad\u00e8le Lenormand, membre de ce collectif qui avait comptabilis\u00e9 735 morts pour 2023.<\/p>\n<p class=\"mb-4 text-lg md:leading-8 break-words\">mk-fbe-juc\/mat\/swi<\/p>\n","protected":false},"excerpt":{"rendered":"Une femme et deux hommes, sans domicile fixe, ont \u00e9t\u00e9 retrouv\u00e9s morts depuis mercredi \u00e0 Paris et deux&hellip;\n","protected":false},"author":2,"featured_media":573512,"comment_status":"","ping_status":"","sticky":false,"template":"","format":"standard","meta":{"footnotes":""},"categories":[1888],"tags":[68793,11,1777,674,1011,27,12,55552,626,25],"class_list":{"0":"post-573511","1":"post","2":"type-post","3":"status-publish","4":"format-standard","5":"has-post-thumbnail","7":"category-paris","8":"tag-10e-arrondissement","9":"tag-actualites","10":"tag-eu","11":"tag-europe","12":"tag-fr","13":"tag-france","14":"tag-news","15":"tag-officier-de-police-judiciaire","16":"tag-paris","17":"tag-republique-francaise"},"share_on_mastodon":{"url":"https:\/\/pubeurope.com\/@fr\/115650963956443483","error":""},"_links":{"self":[{"href":"https:\/\/www.europesays.com\/fr\/wp-json\/wp\/v2\/posts\/573511","targetHints":{"allow":["GET"]}}],"collection":[{"href":"https:\/\/www.europesays.com\/fr\/wp-json\/wp\/v2\/posts"}],"about":[{"href":"https:\/\/www.europesays.com\/fr\/wp-json\/wp\/v2\/types\/post"}],"author":[{"embeddable":true,"href":"https:\/\/www.europesays.com\/fr\/wp-json\/wp\/v2\/users\/2"}],"replies":[{"embeddable":true,"href":"https:\/\/www.europesays.com\/fr\/wp-json\/wp\/v2\/comments?post=573511"}],"version-history":[{"count":0,"href":"https:\/\/www.europesays.com\/fr\/wp-json\/wp\/v2\/posts\/573511\/revisions"}],"wp:featuredmedia":[{"embeddable":true,"href":"https:\/\/www.europesays.com\/fr\/wp-json\/wp\/v2\/media\/573512"}],"wp:attachment":[{"href":"https:\/\/www.europesays.com\/fr\/wp-json\/wp\/v2\/media?parent=573511"}],"wp:term":[{"taxonomy":"category","embeddable":true,"href":"https:\/\/www.europesays.com\/fr\/wp-json\/wp\/v2\/categories?post=573511"},{"taxonomy":"post_tag","embeddable":true,"href":"https:\/\/www.europesays.com\/fr\/wp-json\/wp\/v2\/tags?post=573511"}],"curies":[{"name":"wp","href":"https:\/\/api.w.org\/{rel}","templated":true}]}}