{"id":573513,"date":"2025-12-02T16:40:17","date_gmt":"2025-12-02T16:40:17","guid":{"rendered":"https:\/\/www.europesays.com\/fr\/573513\/"},"modified":"2025-12-02T16:40:17","modified_gmt":"2025-12-02T16:40:17","slug":"grace-au-soudan-la-russie-obtiendrait-sa-premiere-base-navale-en-afrique","status":"publish","type":"post","link":"https:\/\/www.europesays.com\/fr\/573513\/","title":{"rendered":"Gr\u00e2ce au Soudan, la Russie obtiendrait sa premi\u00e8re base navale en Afrique"},"content":{"rendered":"\n<p><a class=\"ithalc\" data-ithal=\"lien_externe\" data-ithalc=\"[nav_article]\" target=\"_blank\" href=\"https:\/\/www.wsj.com\/world\/africa\/sudan-offers-russia-its-first-naval-base-in-africa-0748e810?st=A3MM2w\" rel=\"noopener\">Une information exclusive du <strong>Wall Street Journal<\/strong><\/a> d\u00e9taille la proposition faite par le chef de l\u2019\u00c9tat de facto du Soudan, le g\u00e9n\u00e9ral Al-Burhan, \u00e0 Moscou\u00a0: \u201cLe Soudan propose \u00e0 la Russie sa premi\u00e8re base navale en Afrique\u201d, titre ainsi le quotidien am\u00e9ricain.<\/p>\n<p>Plus pr\u00e9cis\u00e9ment, celui qui est \u00e9galement chef de l\u2019arm\u00e9e soudanaise a propos\u00e9 \u00e0 Moscou, en octobre dernier, de pouvoir faire stationner jusqu\u2019\u00e0 300 soldats et d\u2019amarrer jusqu\u2019\u00e0 quatre navires de guerre, y compris des navires \u00e0 propulsion nucl\u00e9aire, \u00e0 Port-Soudan ou dans une autre base de la mer Rouge dont le nom reste \u00e0 d\u00e9terminer.<\/p>\n<p>Autre offre, le Kremlin b\u00e9n\u00e9ficierait \u00e9galement d\u2019un acc\u00e8s privil\u00e9gi\u00e9 aux concessions mini\u00e8res du Soudan, troisi\u00e8me producteur d\u2019or d\u2019Afrique.<\/p>\n<p>Autrement dit, le g\u00e9n\u00e9ral Al-Burhan offre \u00e0 la Russie ni plus ni moins qu\u2019un \u201cpoint d\u2019observation sans pr\u00e9c\u00e9dent sur les routes commerciales cruciales de la mer Rouge\u201d, commente le Wall Street Journal, ce qui constituerait\u00a0un avantage strat\u00e9gique ind\u00e9niable pour Moscou. Depuis Port-Soudan, Moscou serait bien plac\u00e9 pour surveiller le trafic maritime \u00e0 destination et en provenance du canal de Suez, ce raccourci entre l\u2019Europe et l\u2019Asie qui transporte environ 12\u00a0% du commerce mondial.<\/p>\n<p> Des armes russes <\/p>\n<p>Cette proposition ne serait pas sans contrepartie, affirme <\/p>\n","protected":false},"excerpt":{"rendered":"Une information exclusive du Wall Street Journal d\u00e9taille la proposition faite par le chef de l\u2019\u00c9tat de facto&hellip;\n","protected":false},"author":2,"featured_media":573514,"comment_status":"","ping_status":"","sticky":false,"template":"","format":"standard","meta":{"footnotes":""},"categories":[1591],"tags":[11,879,3822,674,1887,1892,68794,12,1885,1886,132,4535,770],"class_list":{"0":"post-573513","1":"post","2":"type-post","3":"status-publish","4":"format-standard","5":"has-post-thumbnail","7":"category-russie","8":"tag-actualites","9":"tag-afrique","10":"tag-amu00e9riques","11":"tag-europe","12":"tag-federation-de-russie","13":"tag-gu00e9opolitique","14":"tag-mer-rouge","15":"tag-news","16":"tag-russia","17":"tag-russian-federation","18":"tag-russie","19":"tag-soudan","20":"tag-u00e9tats-unis"},"share_on_mastodon":{"url":"https:\/\/pubeurope.com\/@fr\/115650968017915055","error":""},"_links":{"self":[{"href":"https:\/\/www.europesays.com\/fr\/wp-json\/wp\/v2\/posts\/573513","targetHints":{"allow":["GET"]}}],"collection":[{"href":"https:\/\/www.europesays.com\/fr\/wp-json\/wp\/v2\/posts"}],"about":[{"href":"https:\/\/www.europesays.com\/fr\/wp-json\/wp\/v2\/types\/post"}],"author":[{"embeddable":true,"href":"https:\/\/www.europesays.com\/fr\/wp-json\/wp\/v2\/users\/2"}],"replies":[{"embeddable":true,"href":"https:\/\/www.europesays.com\/fr\/wp-json\/wp\/v2\/comments?post=573513"}],"version-history":[{"count":0,"href":"https:\/\/www.europesays.com\/fr\/wp-json\/wp\/v2\/posts\/573513\/revisions"}],"wp:featuredmedia":[{"embeddable":true,"href":"https:\/\/www.europesays.com\/fr\/wp-json\/wp\/v2\/media\/573514"}],"wp:attachment":[{"href":"https:\/\/www.europesays.com\/fr\/wp-json\/wp\/v2\/media?parent=573513"}],"wp:term":[{"taxonomy":"category","embeddable":true,"href":"https:\/\/www.europesays.com\/fr\/wp-json\/wp\/v2\/categories?post=573513"},{"taxonomy":"post_tag","embeddable":true,"href":"https:\/\/www.europesays.com\/fr\/wp-json\/wp\/v2\/tags?post=573513"}],"curies":[{"name":"wp","href":"https:\/\/api.w.org\/{rel}","templated":true}]}}