{"id":573515,"date":"2025-12-02T16:41:13","date_gmt":"2025-12-02T16:41:13","guid":{"rendered":"https:\/\/www.europesays.com\/fr\/573515\/"},"modified":"2025-12-02T16:41:13","modified_gmt":"2025-12-02T16:41:13","slug":"kyiv-dement-la-prise-de-pokrovsk-et-denonce-une-manipulation-russe-liberation","status":"publish","type":"post","link":"https:\/\/www.europesays.com\/fr\/573515\/","title":{"rendered":"Kyiv d\u00e9ment la prise de Pokrovsk et d\u00e9nonce une \u00abmanipulation russe\u00bb \u2013 Lib\u00e9ration"},"content":{"rendered":"<p class=\"sc-cPiKLX AiZTS text-element\">Cela fait cent vingt jours que les soldats de l\u2019arm\u00e9e russe sont entr\u00e9s dans la partie sud de <a href=\"https:\/\/www.liberation.fr\/international\/europe\/guerre-en-ukraine-la-ville-de-pokrovsk-vacille-sous-les-assauts-russes-20251124_QAW7REV6M5A6DH627X4AXR3GJA\/\" target=\"_blank\" rel=\"noreferrer noopener\" title=\"https:\/\/www.liberation.fr\/international\/europe\/guerre-en-ukraine-la-ville-de-pokrovsk-vacille-sous-les-assauts-russes-20251124_QAW7REV6M5A6DH627X4AXR3GJA\/\">la ville de Pokrovsk<\/a>, au nord-ouest de Dontesk. Mais le Kremlin l\u2019a assur\u00e9 ce mardi 2\u00a0d\u00e9cembre, par la voix de son chef d\u2019\u00e9tat-major, Val\u00e9ry Gu\u00e9rassimov\u00a0: la ville a \u00e9t\u00e9 prise par l\u2019arm\u00e9e russe. Une annonce qui intervient \u00e0 quelques heures <a href=\"https:\/\/www.liberation.fr\/international\/europe\/ukraine-a-paris-zelensky-cherche-une-extension-de-garanties-20251201_V4WHLDSCSFCSHPJPXOULQAIBHM\/?redirected=1\" target=\"_blank\" rel=\"noreferrer noopener\" title=\"https:\/\/www.liberation.fr\/international\/europe\/ukraine-a-paris-zelensky-cherche-une-extension-de-garanties-20251201_V4WHLDSCSFCSHPJPXOULQAIBHM\/?redirected=1\">de la rencontre \u00e0 Moscou de Steve Witkoff et Jared Kushner<\/a>, les \u00e9missaires de Donald Trump, avec Vladimir Poutine.<\/p>\n<p class=\"sc-cPiKLX AiZTS text-element\">\u00ab[Ici] c\u2019est le centre de Krasnoarme\u00efsk, l\u2019arm\u00e9e russe l\u2019a nettoy\u00e9\u00a0!\u00bb affirme un soldat russe d\u00e9ployant un drapeau russe dans le quartier de l\u2019institut industriel de l\u2019universit\u00e9 technique nationale du Donbass, dans une vid\u00e9o habilement diffus\u00e9e par la presse. L\u2019arm\u00e9e russe qui lib\u00e8re \u00abArm\u00e9e ro<\/p>\n","protected":false},"excerpt":{"rendered":"Cela fait cent vingt jours que les soldats de l\u2019arm\u00e9e russe sont entr\u00e9s dans la partie sud de&hellip;\n","protected":false},"author":2,"featured_media":573516,"comment_status":"","ping_status":"","sticky":false,"template":"","format":"standard","meta":{"footnotes":""},"categories":[1590],"tags":[11,1777,674,12,132,220,297,135,134],"class_list":{"0":"post-573515","1":"post","2":"type-post","3":"status-publish","4":"format-standard","5":"has-post-thumbnail","7":"category-ukraine","8":"tag-actualites","9":"tag-eu","10":"tag-europe","11":"tag-news","12":"tag-russie","13":"tag-ukraine","14":"tag-ukraine-la-crise","15":"tag-vladimir-poutine","16":"tag-volodymyr-zelensky"},"share_on_mastodon":{"url":"https:\/\/pubeurope.com\/@fr\/115650971818298898","error":""},"_links":{"self":[{"href":"https:\/\/www.europesays.com\/fr\/wp-json\/wp\/v2\/posts\/573515","targetHints":{"allow":["GET"]}}],"collection":[{"href":"https:\/\/www.europesays.com\/fr\/wp-json\/wp\/v2\/posts"}],"about":[{"href":"https:\/\/www.europesays.com\/fr\/wp-json\/wp\/v2\/types\/post"}],"author":[{"embeddable":true,"href":"https:\/\/www.europesays.com\/fr\/wp-json\/wp\/v2\/users\/2"}],"replies":[{"embeddable":true,"href":"https:\/\/www.europesays.com\/fr\/wp-json\/wp\/v2\/comments?post=573515"}],"version-history":[{"count":0,"href":"https:\/\/www.europesays.com\/fr\/wp-json\/wp\/v2\/posts\/573515\/revisions"}],"wp:featuredmedia":[{"embeddable":true,"href":"https:\/\/www.europesays.com\/fr\/wp-json\/wp\/v2\/media\/573516"}],"wp:attachment":[{"href":"https:\/\/www.europesays.com\/fr\/wp-json\/wp\/v2\/media?parent=573515"}],"wp:term":[{"taxonomy":"category","embeddable":true,"href":"https:\/\/www.europesays.com\/fr\/wp-json\/wp\/v2\/categories?post=573515"},{"taxonomy":"post_tag","embeddable":true,"href":"https:\/\/www.europesays.com\/fr\/wp-json\/wp\/v2\/tags?post=573515"}],"curies":[{"name":"wp","href":"https:\/\/api.w.org\/{rel}","templated":true}]}}