{"id":573521,"date":"2025-12-02T16:44:24","date_gmt":"2025-12-02T16:44:24","guid":{"rendered":"https:\/\/www.europesays.com\/fr\/573521\/"},"modified":"2025-12-02T16:44:24","modified_gmt":"2025-12-02T16:44:24","slug":"limpressionnisme-en-allemagne-max-liebermann-et-son-epoque","status":"publish","type":"post","link":"https:\/\/www.europesays.com\/fr\/573521\/","title":{"rendered":"L&rsquo;impressionnisme en Allemagne : Max Liebermann et son \u00e9poque"},"content":{"rendered":"<p>L\u2019impressionnisme est-il fran\u00e7ais\u00a0? La question est esth\u00e9tique et politique. Au-del\u00e0 d\u2019une simple m\u00e9thode picturale, elle revient \u00e0 d\u00e9terminer si ce mouvement appartient \u00e0 une culture nationale ou \u00e0 la civilisation moderne. Il essaima, en tous les cas &#8211; l\u2019histoire de l\u2019art franco-fran\u00e7aise l\u2019oublie parfois &#8211; et franchit les fronti\u00e8res\u00a0; mais alors, il s\u2019impr\u00e9gna de r\u00e9f\u00e9rences propres \u00e0 chaque pays. Apr\u00e8s avoir \u00e9tudi\u00e9 ses d\u00e9clinaisons en Russie et en Hollande\u00a0[<a href=\"#nb1\" class=\"spip_note\" rel=\"appendix\" title=\"Postdam, Mus\u00e9e Barberini, 2019 \u00ab L\u2019impressionnisme en Russie : l\u2019aube de\u00a0(\u2026)\" id=\"nh1\">1<\/a>], Daniel Zamani entreprend de montrer ses d\u00e9veloppements en Allemagne, autour de Max Liebermann qui en fut le h\u00e9raut. Celui-ci joua un r\u00f4le pr\u00e9pond\u00e9rant dans sa diffusion, non seulement en tant que peintre,  mais collectionneur \u00e9galement &#8211; il pr\u00e9senta des \u0153uvres impressionnistes fran\u00e7aises dans sa villa de Wannsee, pr\u00e8s de Berlin\u00a0-, et fer de lance de la S\u00e9cession berlinoise, qui fut un \u00e9crin pour les avant-gardes.<\/p>\n<dl class=\"spip_document_77044 spip_documents spip_documents_center\" itemprop=\"image\" itemscope=\"\" itemtype=\"http:\/\/schema.org\/ImageObject\">\n<dt>\n\t\t<a href=\"https:\/\/www.latribunedelart.com\/IMG\/jpg\/gotthardt_kuehl_waisenkinder_in_lu_beck_1884.jpg?77044\/1b84f7396e0262c3a25843302447c8f23b8e1a6a6b091be9d147e466543d3deb\" title=\"\" type=\"image\/jpeg\" target=\"_blank\" rel=\"noopener\"><br \/>\n\t\t\t<img loading=\"lazy\" decoding=\"async\" src=\"https:\/\/www.europesays.com\/fr\/wp-content\/uploads\/2025\/12\/gotthardt_kuehl_waisenkinder_in_lu_beck_1884-6e8c3.jpg\" width=\"500\" height=\"402\" alt=\"\" itemprop=\"contentUrl\"\/><br \/>\n\t\t<\/a>\n\t<\/dt>\n<dd class=\"crayon document-descriptif-77044 spip_doc_descriptif\" style=\"width:350px;\" itemprop=\"description\">1. Gotthardt Kuehl (1850-1915) <br class=\"autobr\"\/><br \/>\nOrphelines \u00e0 L\u00fcbeck, 1884<br class=\"autobr\"\/><br \/>\nHuile sur toile &#8211; 98 x 125 cm<br class=\"autobr\"\/><br \/>\nDresde, Staatliche Kunstsammlungen <br class=\"autobr\"\/><br \/>\nPhoto\u00a0: Staatliche Kunstsammlungen\n<\/dd>\n<dd class=\"spip_doc_lien-galerie\">\n\t\t<a href=\"https:\/\/www.latribunedelart.com\/spip.php?page=docbig&amp;id_document=77044&amp;id_article=13101\" target=\"_blank\" rel=\"noopener\">Voir l\u00b4image dans sa page<\/a>\n\t<\/dd>\n<\/dl>\n<p>L\u2019impressionnisme allemand se d\u00e9veloppa entre les ann\u00e9es 1880 et 1930, c\u2019est-\u00e0-dire quelque vingt ans apr\u00e8s celui de Monet. Les artistes ne se content\u00e8rent pas de copier leurs pr\u00e9d\u00e9cesseurs, ils insuffl\u00e8rent au mouvement leur propre sensibilit\u00e9. La premi\u00e8re salle du parcours th\u00e9matique laisse d\u2019ailleurs le visiteur fran\u00e7ais totalement  perplexe\u00a0: pas de paysages color\u00e9s, ni de sc\u00e8nes de la vie moderne, mais des jeunes filles dans des orphelinats, aux silhouettes sages sous leurs coiffes blanches, docilement pench\u00e9es sur leurs ouvrages de couture, modestes et soign\u00e9es \u00e0 la fois (ill. 1). Ces sc\u00e8nes de genre de Max Liebermann, de Fritz von Uhde ou de Gotthardt Kuehl, travaill\u00e9es avec une touche naturaliste, \u00e9voquent davantage l\u2019influence de la peinture hollandaise que celle de l\u2019Impressionnisme fran\u00e7ais, et t\u00e9moignent d\u2019un go\u00fbt assum\u00e9 des peintres allemands pour l\u2019anecdote et la narration. Loin\u2026<\/p>\n","protected":false},"excerpt":{"rendered":"L\u2019impressionnisme est-il fran\u00e7ais\u00a0? La question est esth\u00e9tique et politique. Au-del\u00e0 d\u2019une simple m\u00e9thode picturale, elle revient \u00e0 d\u00e9terminer&hellip;\n","protected":false},"author":2,"featured_media":573522,"comment_status":"","ping_status":"","sticky":false,"template":"","format":"standard","meta":{"footnotes":""},"categories":[1587],"tags":[11,672,1804,1805,1803,1777,674,1801,12,1802],"class_list":{"0":"post-573521","1":"post","2":"type-post","3":"status-publish","4":"format-standard","5":"has-post-thumbnail","7":"category-allemagne","8":"tag-actualites","9":"tag-allemagne","10":"tag-bundesrepublik-deutschland","11":"tag-de","12":"tag-deutschland","13":"tag-eu","14":"tag-europe","15":"tag-germany","16":"tag-news","17":"tag-republique-federale-dallemagne"},"share_on_mastodon":{"url":"https:\/\/pubeurope.com\/@fr\/115650984669961010","error":""},"_links":{"self":[{"href":"https:\/\/www.europesays.com\/fr\/wp-json\/wp\/v2\/posts\/573521","targetHints":{"allow":["GET"]}}],"collection":[{"href":"https:\/\/www.europesays.com\/fr\/wp-json\/wp\/v2\/posts"}],"about":[{"href":"https:\/\/www.europesays.com\/fr\/wp-json\/wp\/v2\/types\/post"}],"author":[{"embeddable":true,"href":"https:\/\/www.europesays.com\/fr\/wp-json\/wp\/v2\/users\/2"}],"replies":[{"embeddable":true,"href":"https:\/\/www.europesays.com\/fr\/wp-json\/wp\/v2\/comments?post=573521"}],"version-history":[{"count":0,"href":"https:\/\/www.europesays.com\/fr\/wp-json\/wp\/v2\/posts\/573521\/revisions"}],"wp:featuredmedia":[{"embeddable":true,"href":"https:\/\/www.europesays.com\/fr\/wp-json\/wp\/v2\/media\/573522"}],"wp:attachment":[{"href":"https:\/\/www.europesays.com\/fr\/wp-json\/wp\/v2\/media?parent=573521"}],"wp:term":[{"taxonomy":"category","embeddable":true,"href":"https:\/\/www.europesays.com\/fr\/wp-json\/wp\/v2\/categories?post=573521"},{"taxonomy":"post_tag","embeddable":true,"href":"https:\/\/www.europesays.com\/fr\/wp-json\/wp\/v2\/tags?post=573521"}],"curies":[{"name":"wp","href":"https:\/\/api.w.org\/{rel}","templated":true}]}}