{"id":573525,"date":"2025-12-02T16:46:18","date_gmt":"2025-12-02T16:46:18","guid":{"rendered":"https:\/\/www.europesays.com\/fr\/573525\/"},"modified":"2025-12-02T16:46:18","modified_gmt":"2025-12-02T16:46:18","slug":"ursula-von-der-leyen-un-an-de-droitisation-pour-la-commission","status":"publish","type":"post","link":"https:\/\/www.europesays.com\/fr\/573525\/","title":{"rendered":"Ursula von der Leyen: un an de droitisation pour la Commission"},"content":{"rendered":"<p>Union europ\u00e9enne \u2013 <\/p>\n<p>Ursula von\u00a0der\u00a0Leyen II: une boussole qui pointe \u00e0 droite sous l\u2019ombre am\u00e9ricaine<\/p>\n<p class=\"ContentHead_lead____SsS link_regular__O0hk0 link_externalicon-big__ZdPgo link_externalicon__qcwXs\">Un an apr\u00e8s l\u2019entr\u00e9e en fonction de la Commission von\u00a0der\u00a0Leyen II, le virage \u00e0 droite pris par les diff\u00e9rentes institutions s\u2019ent\u00e9rine. Et le loup Donald Trump n\u2019a pas fini de mettre l\u2019Union europ\u00e9enne sous pression.<\/p>\n<p><img loading=\"lazy\" decoding=\"async\" src=\"https:\/\/www.europesays.com\/fr\/wp-content\/uploads\/2025\/07\/2URpnq0qaBYBEC61cHh7hH.jpg\"  width=\"100\" height=\"100\"  alt=\"Julien Culet\" class=\"AuthorImage_root__WCxj_ ContentMetaInfo_authorimage__Mp4LD AuthorImage_-content-head__3qDob\" style=\"background-color:#828282\"\/>Publi\u00e9 aujourd\u2019hui \u00e0 17h22<img decoding=\"async\" loading=\"eager\" fetchpriority=\"high\" src=\"https:\/\/www.europesays.com\/fr\/wp-content\/uploads\/2025\/12\/4VTurztOqir8qAW1DkbUp9.jpg\" alt=\"La pr\u00e9sidente de la Commission europ\u00e9enne, Ursula von der Leyen, apr\u00e8s avoir sign\u00e9 un partenariat UE-Grenade \u00e0 Bruxelles le 8 octobre 2025.\" title=\"La pr\u00e9sidente de la Commission europ\u00e9enne, Ursula von der Leyen, apr\u00e8s avoir sign\u00e9 un partenariat UE-Grenade \u00e0 Bruxelles le 8 octobre 2025.\" class=\"ResponsiveImage_root__ZDz10 responsive-image\" style=\"background-color:#BF9970\"\/><\/p>\n<p>La pr\u00e9sidente de la Commission europ\u00e9enne, Ursula von\u00a0der\u00a0Leyen, apr\u00e8s avoir sign\u00e9 un partenariat UE-Grenade \u00e0 Bruxelles, le 8\u00a0octobre 2025. (Photo: Nicolas TUCAT\/AFP)<\/p>\n<p>AFP<\/p>\n<p class=\"ArticleParagraph_root__lhFZo ArticleContainer_content-width__FRl7F link_focus__0ZMwx link_externalicon-big__ZdPgo link_externalicon__qcwXs ArticleElement_article-element__q93eL\">Le 1er\u00a0d\u00e9cembre 2024, <a class=\"HtmlText_root__A1OSq\" href=\"https:\/\/www.24heures.ch\/reseaux-sociaux-restrictions-proposees-avant-16-ans-dans-lue-266945179911\" target=\"_blank\" rel=\"noopener\">Ursula von\u00a0der\u00a0Leyen<\/a>, flanqu\u00e9e de ses 26\u00a0commissaires, entamait son second mandat \u00e0 la t\u00eate de la <a class=\"HtmlText_root__A1OSq\" href=\"https:\/\/www.24heures.ch\/ukraine-les-europeens-resistent-aux-pressions-de-trump-508574585621\" target=\"_blank\" rel=\"noopener\">Commission europ\u00e9enne<\/a>. \u00c0 l\u2019\u00e9poque, le d\u00e9marrage \u00e9tait qualifi\u00e9 de \u00abdouloureux\u00bb \u00e0 cause des tensions d\u00e9j\u00e0 apparentes au sein de la majorit\u00e9 traditionnelle \u2013 les conservateurs du PPE, les socialistes du S&amp;D, les lib\u00e9raux de Renew et, occasionnellement, les Verts \u2013 qui soutenaient le nouvel Ex\u00e9cutif.<\/p>\n<p class=\"ArticleParagraph_root__lhFZo ArticleContainer_content-width__FRl7F link_focus__0ZMwx link_externalicon-big__ZdPgo link_externalicon__qcwXs ArticleElement_article-element__q93eL\">Un an plus tard, les dissensions sont saillantes. Et la bascule dans les priorit\u00e9s port\u00e9es par la Commission, entre le premier et le second mandat de l\u2019Allemande, est nette. \u00abLa fen\u00eatre d\u2019opportunit\u00e9 qui avait \u00e9t\u00e9 ouverte par la conjonction entre le <a href=\"https:\/\/fr.wikipedia.org\/wiki\/Pacte_vert_pour_l%27Europe\" class=\"HtmlText_root__A1OSq\" target=\"_blank\" rel=\"noopener noreferrer\">Green Deal<\/a> et la pand\u00e9mie, et qui mettait l\u2019accent sur les probl\u00e8mes environnementaux et sociaux, s\u2019est referm\u00e9e\u00bb, analyse Amandine Crespy, politologue au Cevipol (ULB). D\u2019autant que la droite conservatrice du PPE, premi\u00e8re force politique et famille d\u2019origine de la pr\u00e9sidente de l\u2019Ex\u00e9cutif, s\u2019est impos\u00e9e au centre du jeu parlementaire, assumant un r\u00f4le de pivot entre la majorit\u00e9 traditionnelle et une extr\u00eame droite qui a obtenu des r\u00e9sultats fracassants en juin 2024.<\/p>\n<p class=\"ArticleParagraph_root__lhFZo ArticleContainer_content-width__FRl7F link_focus__0ZMwx link_externalicon-big__ZdPgo link_externalicon__qcwXs ArticleElement_article-element__q93eL\">Le Parlement europ\u00e9en n\u2019est pas la seule institution \u00e0 accueillir en son sein davantage de politiciens \u00e0 droite de l\u2019\u00e9chiquier. Au Conseil, organe col\u00e9gislateur o\u00f9 si\u00e8gent les Vingt-Sept, plusieurs gouvernements sont dirig\u00e9s ou accueillent des partis nationalistes. Lors des sommets europ\u00e9ens, on compte autour de la table le premier ministre hongrois Orb\u00e1n et son homologue, l\u2019Italienne Meloni, tous deux d\u2019extr\u00eame droite. Le casting de la Commission von der Leyen II avait fait des remous avec l\u2019attribution historique d\u2019un poste \u00e0 une personnalit\u00e9 issue du groupe national-conservateur ECR, Raffaele Fitto (Fratelli d\u2019Italia). \u00abDans les trois institutions, le PPE est le parti principal. Il utilise donc ces leviers pour mettre en \u0153uvre sa politique\u00bb, explique Eric Maurice, chercheur au European Policy Centre.<\/p>\n<p><strong>Objectif : d\u00e9r\u00e9guler<\/strong><\/p>\n<p class=\"ArticleParagraph_root__lhFZo ArticleContainer_content-width__FRl7F link_focus__0ZMwx link_externalicon-big__ZdPgo link_externalicon__qcwXs ArticleElement_article-element__q93eL\">Sur le plan g\u00e9opolitique, la guerre en Ukraine \u2013 et avec elle, la n\u00e9cessit\u00e9 de renforcer la d\u00e9fense europ\u00e9enne \u2013 a pris une place pr\u00e9pond\u00e9rante dans l\u2019agenda du Berlaymont. Et la perte de vitesse de l\u2019\u00e9conomie du continent a achev\u00e9 de rel\u00e9guer les objectifs climatiques \u2013 qu\u2019avait port\u00e9s fi\u00e8rement l\u2019\u00e9quipe von der Leyen I \u2013 \u00e0 l\u2019arri\u00e8re-plan. Fini le Green Deal, place \u00e0 une s\u00e9rie de directives omnibus \u2013 des textes l\u00e9gislatifs qui permettent de r\u00e9viser d\u2019une seule traite plusieurs directives existantes. Avec un objectif: simplifier la bureaucratie europ\u00e9enne, voire d\u00e9r\u00e9guler, comme l\u2019assume la cheffe de la Commission.<\/p>\n<p class=\"ArticleParagraph_root__lhFZo ArticleContainer_content-width__FRl7F link_focus__0ZMwx link_externalicon-big__ZdPgo link_externalicon__qcwXs ArticleElement_article-element__q93eL\">Le dernier fait notable date de la mi-novembre. Pour faire passer l\u2019omnibus sur la durabilit\u00e9 et le devoir de vigilance des entreprises qui divisait le bloc central, les conservateurs du PPE se sont alli\u00e9s pour la premi\u00e8re fois avec des groupes d\u2019extr\u00eame droite pour adopter un texte l\u00e9gislatif. Quelques jours plus tard, cette majorit\u00e9 alternative se reformait pour acter le report de la loi sur la d\u00e9forestation. \u00abL\u2019agenda de d\u00e9r\u00e9gulation est pouss\u00e9 depuis longtemps par le PPE et la droite allemande dont est issue von\u00a0der\u00a0Leyen. Il peut donc y avoir un int\u00e9r\u00eat, sur certains sujets ponctuels, \u00e0 laisser passer des textes gr\u00e2ce aux partis nationalistes\u00bb, estime Maxime Lefebvre, ancien ambassadeur et professeur de relations internationales \u00e0 l\u2019ESCP Business School. \u00abAlors que la Commission traverse une p\u00e9riode de panique morale et que domine l\u2019id\u00e9e d\u2019un recul de la prosp\u00e9rit\u00e9 europ\u00e9enne, sa pr\u00e9sidente veut montrer qu\u2019elle agit\u00bb, ajoute Amandine Crespy. \u00abEt cette d\u00e9r\u00e9gulation, sous couvert de simplification administrative, n\u2019est pas une id\u00e9e nouvelle. C\u2019est un retour \u00e0 un mantra n\u00e9olib\u00e9ral qui avait d\u00e9j\u00e0 cours dans les institutions europ\u00e9ennes au d\u00e9but des ann\u00e9es 2000.\u00bb<\/p>\n<p>Jeu dangereux<\/p>\n<p class=\"ArticleParagraph_root__lhFZo ArticleContainer_content-width__FRl7F link_focus__0ZMwx link_externalicon-big__ZdPgo link_externalicon__qcwXs ArticleElement_article-element__q93eL\">Cette droitisation du centre de gravit\u00e9 se fait sentir au sein du bloc central du Parlement europ\u00e9en o\u00f9 socialistes, lib\u00e9raux et \u00e9cologistes tentent de freiner les ardeurs des conservateurs. Instabilit\u00e9, violation du cordon sanitaire\u2026 les accusations contre le PPE sont nombreuses et ciblent particuli\u00e8rement le chef de groupe, Manfred Weber, qui joue volontiers la carte de la collaboration avec l\u2019extr\u00eame droite. \u00abC\u2019est une ligne de cr\u00eate\u00bb, met en garde Maxime Lefebvre. \u00abC\u2019est dangereux pour Ursula von\u00a0der\u00a0Leyen de trop s\u2019acoquiner avec les partis nationalistes au parlement. Cela pourrait entra\u00eener \u00e0 un moment donn\u00e9 une cassure du bloc central.\u00bb La pr\u00e9sidente de la Commission a besoin du soutien de la majorit\u00e9 proeurop\u00e9enne qui lui a donn\u00e9 sa confiance il y a un an pour faire passer des l\u00e9gislations essentielles, comme le budget \u00e0 long terme de l\u2019UE ou les textes qui touchent \u00e0 l\u2019Ukraine et la d\u00e9fense, pour lesquels elle ne peut pas compter sur le soutien des partis d\u2019extr\u00eame droite.<\/p>\n<p class=\"ArticleParagraph_root__lhFZo ArticleContainer_content-width__FRl7F link_focus__0ZMwx link_externalicon-big__ZdPgo link_externalicon__qcwXs ArticleElement_article-element__q93eL\">D\u2019autant plus qu\u2019\u00e0 bien des \u00e9gards, les groupes nationalistes ont montr\u00e9 leur inconstance. Trois motions de censure ont d\u00e9j\u00e0 bouscul\u00e9 Ursula von\u00a0der\u00a0Leyen. Un record historique pour une num\u00e9ro un du Berlaymont. Deux \u00e9manaient de l\u2019extr\u00eame droite et la derni\u00e8re de la gauche radicale. Si elles sont vou\u00e9es \u00e0 se reproduire, rendant l\u2019h\u00e9micycle de Strasbourg moins pr\u00e9visible, Eric Maurice ne croit pas que la Commission tombera. \u00abQui y a int\u00e9r\u00eat? Pas le PPE et je vois mal les socio-d\u00e9mocrates pr\u00e9senter une motion de censure ou voter avec l\u2019extr\u00eame droite ou la gauche radicale.\u00bb D\u2019autant plus que les groupes proeurop\u00e9ens ont peu d\u2019alternatives, aucune majorit\u00e9 n\u2019\u00e9tant possible sans le PPE.<\/p>\n<p>La secousse Trump<\/p>\n<p class=\"ArticleParagraph_root__lhFZo ArticleContainer_content-width__FRl7F link_focus__0ZMwx link_externalicon-big__ZdPgo link_externalicon__qcwXs ArticleElement_article-element__q93eL\">Sur l\u2019\u00e9chelle de Richter fa\u00e7on Union europ\u00e9enne, les remous occasionn\u00e9s par les votes de d\u00e9fiance sont incomparables \u00e0 la secousse provoqu\u00e9e par le retour de Donald Trump \u00e0 la Maison-Blanche. Investi de la pr\u00e9sidence am\u00e9ricaine fin janvier, le R\u00e9publicain n\u2019a pas perdu de temps pour amorcer un virage pr\u00e9dateur dans sa politique ext\u00e9rieure. En mars, il humiliait son homologue ukrainien. L\u2019Europe ne pouvait que constater le d\u00e9sengagement des \u00c9tats-Unis dans la guerre en Ukraine. Et, d\u00e9but avril, il lan\u00e7ait ses attaques douani\u00e8res, n\u2019\u00e9pargnant surtout pas ses alli\u00e9s europ\u00e9ens.<\/p>\n<p class=\"ArticleParagraph_root__lhFZo ArticleContainer_content-width__FRl7F link_focus__0ZMwx link_externalicon-big__ZdPgo link_externalicon__qcwXs ArticleElement_article-element__q93eL\">Apr\u00e8s des mois de n\u00e9gociations, quelques litres de sueurs froides et plusieurs menaces d\u2019escalade de la part des Am\u00e9ricains, la pr\u00e9sidente von\u00a0der\u00a0Leyen a finalement d\u00e9croch\u00e9, sur les terres \u00e9cossaises du R\u00e9publicain, un accord commercial avec le plus grand partenaire \u00e9conomique du Vieux-Continent. Le deal est qualifi\u00e9 d\u2019embl\u00e9e de \u00abd\u00e9s\u00e9quilibr\u00e9\u00bb et \u00abasym\u00e9trique\u00bb. \u00abCe n\u2019est pas bon pour l\u2019image que cela renvoie d\u2019une Europe souveraine qui d\u00e9fend ses int\u00e9r\u00eats. Mais quelles \u00e9taient les alternatives?\u00bb, expose Maxime Lefebvre. Les \u00c9tats membres ne voulaient pour la plupart pas tenter l\u2019escalade commerciale et, face \u00e0 de potentielles surench\u00e8res, cet accord \u00e9tait peut-\u00eatre la solution la moins mauvaise. D\u2019autant plus que la question de la s\u00e9curit\u00e9 du territoire europ\u00e9en \u00e9tait m\u00eal\u00e9e aux n\u00e9gociations commerciales.<\/p>\n<p class=\"ArticleParagraph_root__lhFZo ArticleContainer_content-width__FRl7F link_focus__0ZMwx link_externalicon-big__ZdPgo link_externalicon__qcwXs ArticleElement_article-element__q93eL\">Mais le loup \u00e9tasunien semble \u00eatre entr\u00e9 dans la bergerie, \u00e0 Turnberry. Lundi dernier, alors que les Europ\u00e9ens tentaient d\u2019obtenir une baisse des droits de douane sur l\u2019acier europ\u00e9en \u2013 frapp\u00e9 de 50% de tariffs \u2013, les \u00e9missaires de Donald Trump, en visite \u00e0 Bruxelles, mettaient la pression pour que l\u2019UE fasse davantage de concessions sur ses lois r\u00e9gulant la tech. \u00abUn chantage\u00bb, d\u00e9non\u00e7ait, dans Politico, la commissaire espagnole Teresa Ribera, qui d\u00e9fend cette ligne rouge. Mais dans ces n\u00e9gociations, l\u2019Europe ne parvient pas \u00e0 imposer un v\u00e9ritable rapport de force avec son alli\u00e9 am\u00e9ricain. Les accords pass\u00e9s avec le locataire de la Maison-Blanche ne r\u00e8glent rien sur le long terme, pointe le chercheur Eric Maurice. \u00abIl revient toujours avec une nouvelle demande. Son objectif est d\u2019affaiblir l\u2019Europe. Objectif qu\u2019il partage d\u2019ailleurs avec Vladimir Poutine.\u00bb<\/p>\n<p class=\"DynamicTeaser_boxtitle__B6piN\">Plus de lectures sur Ursula von\u00a0der\u00a0Leyen et l\u2019UE<\/p>\n<p class=\"EmbedBlocker_hint__uEF_d\">\u00c0 ce stade, vous trouverez des contenus externes suppl\u00e9mentaires. Si vous acceptez que des cookies soient plac\u00e9s par des fournisseurs externes et que des donn\u00e9es personnelles soient ainsi transmises \u00e0 ces derniers, vous devez autoriser tous les cookies et afficher directement le contenu externe.<\/p>\n<p>Autoriser les cookiesPlus d&rsquo;infos<\/p>\n<p class=\"ArticleParagraph_root__lhFZo ArticleContainer_content-width__FRl7F link_focus__0ZMwx link_externalicon-big__ZdPgo link_externalicon__qcwXs ArticleElement_article-element__q93eL\">Cet article sur l\u2019Union europ\u00e9enne a \u00e9t\u00e9 \u00e9crit par \u00ab<a href=\"https:\/\/www.lesoir.be\/\" class=\"HtmlText_root__A1OSq\" target=\"_blank\" rel=\"noopener noreferrer\">Le Soir<\/a>\u00bb, membre belge du r\u00e9seau d\u2019information LENA.<\/p>\n<p>Newsletter<\/p>\n<p>\u00abDerni\u00e8res nouvelles\u00bb<\/p>\n<p>Vous voulez rester au top de l\u2019info? \u00ab24 heures\u00bb vous propose deux rendez-vous par jour, pour ne rien rater de ce qui se passe dans votre Canton, en Suisse ou dans le monde.<\/p>\n<p><a class=\"NewsletterBox_more__FNemz link_underlinelink__K5Zr0\" href=\"https:\/\/www.24heures.ch\/nos-newsletters\" target=\"_blank\" rel=\"noopener\">Autres newsletters<\/a><\/p>\n<p>Se connecter<strong>Julien Culet<\/strong> est responsable de la rubrique Suisse-Monde-Economie. Il a rejoint la rubrique Suisse en 2018 en tant que correspondant \u00e0 Gen\u00e8ve pour \u00abLe Matin Dimanche\u00bb. Il a auparavant travaill\u00e9 durant 5 ans au sein de la r\u00e9daction du \u00ab20 minutes\u00bb.<a class=\"ArticleAuthorBio_moreinfo__cqyvz link_underlinelink__K5Zr0\" rel=\"author noopener\" href=\"https:\/\/www.24heures.ch\/author\/65608802\/julien-culet\" target=\"_blank\">Plus d&rsquo;infos<\/a><a href=\"https:\/\/twitter.com\/julienclt\" target=\"_blank\" rel=\"noopener\">@JulienClt<\/a><\/p>\n<p class=\"Feedback_root__fr_Mi ArticleContainer_content-width__FRl7F\">Vous avez trouv\u00e9 une erreur?<a href=\"mailto:tes_correction@tamedia.ch?subject=Avis%20d'erreur%20%7C%20Julien%20Culet%20%7C%20Ursula%20von%C2%A0der%C2%A0Leyen%20II%3A%20une%20boussole%20qui%20pointe%20%C3%A0%20droite%20sous%20l%E2%80%99ombre%20am%C3%A9ricaine&amp;body=J'ai%20trouv%C3%A9%20une%20erreur%20dans%20cet%20article%3A%20https%3A%2F%2Fwww.24heures.ch%2Fursula-von-der-leyen-un-an-de-droitisation-pour-la-commission-294201379990\" class=\"Feedback_feedbacklink__VyDCi link_underlinelink__K5Zr0\">Merci de nous la signaler.<\/a><\/p>\n<p>0 commentaires<\/p>\n<p><script async src=\"https:\/\/platform.twitter.com\/widgets.js\" charset=\"utf-8\"><\/script><\/p>\n","protected":false},"excerpt":{"rendered":"Union europ\u00e9enne \u2013 Ursula von\u00a0der\u00a0Leyen II: une boussole qui pointe \u00e0 droite sous l\u2019ombre am\u00e9ricaine Un an apr\u00e8s&hellip;\n","protected":false},"author":2,"featured_media":573526,"comment_status":"","ping_status":"","sticky":false,"template":"","format":"standard","meta":{"footnotes":""},"categories":[1586],"tags":[11,66288,1777,674,1779,1011,27,12,25,2300,1778,364],"class_list":{"0":"post-573525","1":"post","2":"type-post","3":"status-publish","4":"format-standard","5":"has-post-thumbnail","7":"category-europe","8":"tag-actualites","9":"tag-content-lena","10":"tag-eu","11":"tag-europe","12":"tag-european-union","13":"tag-fr","14":"tag-france","15":"tag-news","16":"tag-republique-francaise","17":"tag-stats-seo","18":"tag-ue","19":"tag-union-europeenne"},"share_on_mastodon":{"url":"https:\/\/pubeurope.com\/@fr\/115650992489906166","error":""},"_links":{"self":[{"href":"https:\/\/www.europesays.com\/fr\/wp-json\/wp\/v2\/posts\/573525","targetHints":{"allow":["GET"]}}],"collection":[{"href":"https:\/\/www.europesays.com\/fr\/wp-json\/wp\/v2\/posts"}],"about":[{"href":"https:\/\/www.europesays.com\/fr\/wp-json\/wp\/v2\/types\/post"}],"author":[{"embeddable":true,"href":"https:\/\/www.europesays.com\/fr\/wp-json\/wp\/v2\/users\/2"}],"replies":[{"embeddable":true,"href":"https:\/\/www.europesays.com\/fr\/wp-json\/wp\/v2\/comments?post=573525"}],"version-history":[{"count":0,"href":"https:\/\/www.europesays.com\/fr\/wp-json\/wp\/v2\/posts\/573525\/revisions"}],"wp:featuredmedia":[{"embeddable":true,"href":"https:\/\/www.europesays.com\/fr\/wp-json\/wp\/v2\/media\/573526"}],"wp:attachment":[{"href":"https:\/\/www.europesays.com\/fr\/wp-json\/wp\/v2\/media?parent=573525"}],"wp:term":[{"taxonomy":"category","embeddable":true,"href":"https:\/\/www.europesays.com\/fr\/wp-json\/wp\/v2\/categories?post=573525"},{"taxonomy":"post_tag","embeddable":true,"href":"https:\/\/www.europesays.com\/fr\/wp-json\/wp\/v2\/tags?post=573525"}],"curies":[{"name":"wp","href":"https:\/\/api.w.org\/{rel}","templated":true}]}}