{"id":573538,"date":"2025-12-02T16:58:14","date_gmt":"2025-12-02T16:58:14","guid":{"rendered":"https:\/\/www.europesays.com\/fr\/573538\/"},"modified":"2025-12-02T16:58:14","modified_gmt":"2025-12-02T16:58:14","slug":"angel-gomes-vire-en-janvier-lom-est-sans-pitie","status":"publish","type":"post","link":"https:\/\/www.europesays.com\/fr\/573538\/","title":{"rendered":"Angel Gomes vir\u00e9 en janvier, l\u2019OM est sans piti\u00e9"},"content":{"rendered":"<p><b>Arriv\u00e9 libre cet \u00e9t\u00e9 apr\u00e8s quatre ans pass\u00e9s \u00e0 Lille, Angel Gomes peine \u00e0 s\u2019imposer du c\u00f4t\u00e9 de l\u2019OM. A tel point qu\u2019un d\u00e9part en janvier n\u2019est pas \u00e0 exclure.<\/b><\/p>\n<p>D\u00e9sireux de renforcer son milieu de terrain l\u2019\u00e9t\u00e9 dernier, <a href=\"https:\/\/www.foot01.com\/marseille\/angel-gomes-sidere-l-om-457970\" target=\"_self\" rel=\"noopener\">l\u2019Olympique de Marseille a r\u00e9ussi un joli coup en s\u2019offrant Angel Gomes<\/a> pour z\u00e9ro euro. En fin de contrat avec Lille, l\u2019international anglais (4 s\u00e9lections) de 25 ans a privil\u00e9gi\u00e9 l\u2019OM alors qu\u2019il disposait aussi d\u2019une offre de Tottenham. Apr\u00e8s quatre saisons dans le Nord, le natif de Londres \u00e9tait amen\u00e9 \u00e0 passer un cap \u00e0 Marseille, o\u00f9 une place de titulaire lui tendait les bras apr\u00e8s les d\u00e9parts de Rongier, Bennacer et Rabiot. Le d\u00e9but de saison a \u00e9t\u00e9 plut\u00f4t prometteur pour Angel Gomes, souvent align\u00e9 par Roberto De Zerbi dans son onze de d\u00e9part.<\/p>\n<p>Mais l\u2019\u00e9mergence de joueurs tels que Bakola, Nadir, O\u2019Riley et surtout Vermeeren ont petit \u00e0 petit conduit l\u2019entra\u00eeneur italien \u00e0 se passer de l\u2019ancien milieu offensif du LOSC. A tel point que d\u00e9sormais, un d\u00e9part en janvier est envisag\u00e9 selon Le Phoc\u00e9en. Le m\u00e9dia pro-OM l\u2019affirme, le club olympien n\u2019h\u00e9sitera pas s\u2019il peut r\u00e9aliser une plus-value avec un joueur qui n\u2019arrive pas \u00e0 s\u2019imposer.<\/p>\n<p><img decoding=\"async\" width=\"500\" height=\"280\" loading=\"lazy\" src=\"https:\/\/www.europesays.com\/fr\/wp-content\/uploads\/2025\/12\/iconsport-276253-0168-692ec326bc58e.jpg@webp.webp\" class=\"w-auto h-auto\" alt=\"ICONSPORT_276253_0168\"\/><\/p>\n<p>Angel Gomes, d\u00e9j\u00e0 menac\u00e9 par un possible d\u00e9part \u00e0 l&rsquo;OM ?<\/p>\n<p>\u00ab Le joueur est arriv\u00e9 libre, et donc n\u2019importe quel montant r\u00e9cup\u00e9r\u00e9 serait une plus-value. Et l\u2019OM a d\u00e9j\u00e0 montr\u00e9 par le pass\u00e9 que lorsque le profil ne colle pas apr\u00e8s six mois \u2014 Brassier, Wahi, d\u2019autres encore \u2014 la d\u00e9cision peut tomber rapidement. De Zerbi, s\u2019il estime \u00ab avoir trop de monde au milieu \u00bb, pourrait ouvrir cette porte \u00bb estime le m\u00e9dia sp\u00e9cialis\u00e9 dans l\u2019actualit\u00e9 de l\u2019Olympique de Marseille. Titulaire contre Toulouse samedi soir au V\u00e9lodrome apr\u00e8s avoir d\u00e9marr\u00e9 sur le banc contre Newcastle, le joueur n\u00e9 au Portugal a rat\u00e9 une occasion de marquer des points.<\/p>\n<p>Au contraire, il est pass\u00e9 \u00e0 c\u00f4t\u00e9 de sa premi\u00e8re mi-temps et a \u00e9t\u00e9 remplac\u00e9 par Robinio Vaz \u00e0 la pause, faisant les frais d\u2019un changement tactique op\u00e9r\u00e9 par Roberto De Zerbi. Reste maintenant \u00e0 voir si Angel Gomes sera sollicit\u00e9 lors du <a href=\"https:\/\/www.foot01.com\/mercato\" title=\"Mercato\" target=\"_blank\" rel=\"noopener\">mercato<\/a> hivernal et si oui, quel montant les clubs int\u00e9ress\u00e9s seront pr\u00eats \u00e0 poser sur la table. Medhi Benatia et Pablo Longoria seront en tout cas attentifs aux offres qu\u2019ils sont susceptibles de recevoir pour un \u00e9l\u00e9ment recrut\u00e9 libre il y a tout juste six mois.<\/p>\n","protected":false},"excerpt":{"rendered":"Arriv\u00e9 libre cet \u00e9t\u00e9 apr\u00e8s quatre ans pass\u00e9s \u00e0 Lille, Angel Gomes peine \u00e0 s\u2019imposer du c\u00f4t\u00e9 de&hellip;\n","protected":false},"author":2,"featured_media":573539,"comment_status":"","ping_status":"","sticky":false,"template":"","format":"standard","meta":{"footnotes":""},"categories":[1410],"tags":[8936,63,1011,27,66,1434,149,60],"class_list":{"0":"post-573538","1":"post","2":"type-post","3":"status-publish","4":"format-standard","5":"has-post-thumbnail","7":"category-football","8":"tag-breaking-news","9":"tag-football","10":"tag-fr","11":"tag-france","12":"tag-ligue-1","13":"tag-mercato","14":"tag-om","15":"tag-sports"},"share_on_mastodon":{"url":"https:\/\/pubeurope.com\/@fr\/115651040093996447","error":""},"_links":{"self":[{"href":"https:\/\/www.europesays.com\/fr\/wp-json\/wp\/v2\/posts\/573538","targetHints":{"allow":["GET"]}}],"collection":[{"href":"https:\/\/www.europesays.com\/fr\/wp-json\/wp\/v2\/posts"}],"about":[{"href":"https:\/\/www.europesays.com\/fr\/wp-json\/wp\/v2\/types\/post"}],"author":[{"embeddable":true,"href":"https:\/\/www.europesays.com\/fr\/wp-json\/wp\/v2\/users\/2"}],"replies":[{"embeddable":true,"href":"https:\/\/www.europesays.com\/fr\/wp-json\/wp\/v2\/comments?post=573538"}],"version-history":[{"count":0,"href":"https:\/\/www.europesays.com\/fr\/wp-json\/wp\/v2\/posts\/573538\/revisions"}],"wp:featuredmedia":[{"embeddable":true,"href":"https:\/\/www.europesays.com\/fr\/wp-json\/wp\/v2\/media\/573539"}],"wp:attachment":[{"href":"https:\/\/www.europesays.com\/fr\/wp-json\/wp\/v2\/media?parent=573538"}],"wp:term":[{"taxonomy":"category","embeddable":true,"href":"https:\/\/www.europesays.com\/fr\/wp-json\/wp\/v2\/categories?post=573538"},{"taxonomy":"post_tag","embeddable":true,"href":"https:\/\/www.europesays.com\/fr\/wp-json\/wp\/v2\/tags?post=573538"}],"curies":[{"name":"wp","href":"https:\/\/api.w.org\/{rel}","templated":true}]}}