{"id":573542,"date":"2025-12-02T17:00:15","date_gmt":"2025-12-02T17:00:15","guid":{"rendered":"https:\/\/www.europesays.com\/fr\/573542\/"},"modified":"2025-12-02T17:00:15","modified_gmt":"2025-12-02T17:00:15","slug":"suppression-du-cnap-ne-liquidons-pas-le-modele-francais-dincitation-a-la-creation-artistique-liberation","status":"publish","type":"post","link":"https:\/\/www.europesays.com\/fr\/573542\/","title":{"rendered":"Suppression du Cnap : ne liquidons pas le mod\u00e8le fran\u00e7ais d\u2019incitation \u00e0 la cr\u00e9ation artistique &#8211; Lib\u00e9ration"},"content":{"rendered":"<ol>\n<li><a href=\"https:\/\/news.google.com\/rss\/articles\/CBMijAJBVV95cUxQa3ZGUDBYX2JCS3FzM3VuVFhLa2pQSkF2d1BoaXozVFkxMWtQQ0NMZzBmaTMtUEdobXZRN0wxUnUxR1Nqcy03c3pRZmpZd3Z3UXhIX2pWQmtwVkJ3NW8xWGhrYkRYOURMblZtOHVKZl9adXcwcDJWbkdQakNsX3dnVXJqQ2JyRk45Rm5hMmRTM3BsV2xqem1VM21QLXNsamVBNVR5WFp5ZTdkT2hNUlJDWVE0amdBZGNOMFhoVlNNa1JrNm5VZC1ibXpoUi1ZRHVLVnhxcUJFR1N0ODNCMS12Z2NYVVBtTkZRMDk3MkRnWDNzNjVrMV9Cd09OZ2l6YkRRdkYtSDhFSklBVkFE?oc=5\" target=\"_blank\" rel=\"noopener\">Suppression du Cnap : ne liquidons pas le mod\u00e8le fran\u00e7ais d\u2019incitation \u00e0 la cr\u00e9ation artistique<\/a>&nbsp;&nbsp;Lib\u00e9ration<\/li>\n<li><a href=\"https:\/\/news.google.com\/rss\/articles\/CBMiigFBVV95cUxPWGR0N3g3dXRsOVYzSHE1ZnpGbTBwM0Y0ZW1kcXBBYlRoVE9JOW1ZS3dSWE12WTIzZ3hkbU9FQXlPTnRDb1ZuRUhiMDg1akZkcE10a3NXVXNCNzNLclRxLU5Va0RjNHRSN1ZIUW5hcEhmU2toUDZ3QVlSMUtXaV9ObTNGd1RubmtZWVE?oc=5\" target=\"_blank\" rel=\"noopener\">Retour du d\u00e9bat sur l\u2019inali\u00e9nabilit\u00e9<\/a>&nbsp;&nbsp;Le Journal Des Arts<\/li>\n<li><a href=\"https:\/\/news.google.com\/rss\/articles\/CBMi2wFBVV95cUxOY2hsRGhsX3VfUWZzTEplUlNZdklEZFhnZFl4cFJMb21pTXFCOFRyLXpOYjlqWnNRdktQRWE3ZDcyYjdTLWEydzUtZm01eFoyOWdJMWdHUnE2YTZVSGZuRnZ1UWp3dEtpbXhwLTZLdFFZUy1ERWFRei0zMll6bW5HT2ZHTDZUUWNoWWNOMXdfZDBHREZNOEY5a0xUTlozVlpWbU16d1Z1UFdzdUM4em12N0llbkNmbl9aRVIzcWtWWVJ2THB0Y3lNZzI2QTc1SVVzeFZma1ZhNXloUDQ?oc=5\" target=\"_blank\" rel=\"noopener\">Attaqu\u00e9 par la Cour des comptes, le Centre national des arts plastiques soutenu par le milieu de l\u2019art<\/a>&nbsp;&nbsp;La Croix<\/li>\n<li><a href=\"https:\/\/news.google.com\/rss\/articles\/CBMiqAJBVV95cUxNaEUtTzdnNG1vU3JOT0JaZDQzN1N2OTBia0VhLUhhd3ZQbm12c0t2M2tnNXBEZVFacmY1Zmpsd011NzN4UDdBYVRIV3pPMTlkc0JTUEk3NTNyQVRsRExmTkt1WXVvdURVZWhEcEd2RUlNbUhXOWhwR1JMZ2ZjaEJ6c0JaZm1SdldKSzBYMmFERy1BdFdWUE5fZ1N1RnlLSjlZTTBPT0NWZU82Ry1xWUZRSWp1Ym9XRUdSNTl4YnFSbXJKMUIya2s4R2ZSeTYxZ3Q5RmpsMTV2NWZkZDA4VzJfTTNTV1JGWXVMa21FYTVSU291MlpUQUVfQUVjbHNNMlBtd2lyMm8tYy1UZjB3RUdEZDh6R25MejVKZ3o0ZVBFU2hONEFXdHAycQ?oc=5\" target=\"_blank\" rel=\"noopener\">\u00ab Le Centre national des arts plastiques fait figure de cible id\u00e9ologique \u00bb, consid\u00e8re un collectif de professionnels du monde de la culture<\/a>&nbsp;&nbsp;Le Monde.fr<\/li>\n<li><a href=\"https:\/\/news.google.com\/rss\/articles\/CBMiggJBVV95cUxOLVplUVoydG1aZ3pxdWRaSGNPckpZLXhSZGxoWF9ESnpOaDRJS3dzUldkTDBBTlVNSEd1a0lHNS1BNURycGNOTmo5Zi1sOTZneEhFb2NzeXJJcEVITDZHaDdGQ2htTkhUTVZqalp2aUlzdGxrc04yZHE3YnBfbFp6YjJTR0RJRVE0dGdJVGc5QTFWMEFUR0doYUhPMTJLZjdjQTZtZlh4OF9VZnVMU0NyeGJJaWtNTDU4ZDYyRXJKTFR2dFZtUWNOVkp4Uzk0bVZoYlowNjZGZGh5YnV3dE5yaTJxcGZYTGxlMkVSdEREaUFoNkg1U0hhYjhNSkV4QXVaZVE?oc=5\" target=\"_blank\" rel=\"noopener\">Suppression du Cnap : la ministre de la Culture rejette les conclusions de la Cour des Comptes<\/a>&nbsp;&nbsp;Connaissance des Arts<\/li>\n<\/ol>\n","protected":false},"excerpt":{"rendered":"Suppression du Cnap : ne liquidons pas le mod\u00e8le fran\u00e7ais d\u2019incitation \u00e0 la cr\u00e9ation artistique&nbsp;&nbsp;Lib\u00e9ration Retour du d\u00e9bat&hellip;\n","protected":false},"author":2,"featured_media":573543,"comment_status":"","ping_status":"","sticky":false,"template":"","format":"standard","meta":{"footnotes":""},"categories":[1358],"tags":[1348,1384,1385,1386,58,59,1011,27,1227],"class_list":{"0":"post-573542","1":"post","2":"type-post","3":"status-publish","4":"format-standard","5":"has-post-thumbnail","7":"category-arts-et-design","8":"tag-arts","9":"tag-arts-and-design","10":"tag-arts-et-design","11":"tag-design","12":"tag-divertissement","13":"tag-entertainment","14":"tag-fr","15":"tag-france","16":"tag-horizontal"},"share_on_mastodon":{"url":"https:\/\/pubeurope.com\/@fr\/115651046471195856","error":""},"_links":{"self":[{"href":"https:\/\/www.europesays.com\/fr\/wp-json\/wp\/v2\/posts\/573542","targetHints":{"allow":["GET"]}}],"collection":[{"href":"https:\/\/www.europesays.com\/fr\/wp-json\/wp\/v2\/posts"}],"about":[{"href":"https:\/\/www.europesays.com\/fr\/wp-json\/wp\/v2\/types\/post"}],"author":[{"embeddable":true,"href":"https:\/\/www.europesays.com\/fr\/wp-json\/wp\/v2\/users\/2"}],"replies":[{"embeddable":true,"href":"https:\/\/www.europesays.com\/fr\/wp-json\/wp\/v2\/comments?post=573542"}],"version-history":[{"count":0,"href":"https:\/\/www.europesays.com\/fr\/wp-json\/wp\/v2\/posts\/573542\/revisions"}],"wp:featuredmedia":[{"embeddable":true,"href":"https:\/\/www.europesays.com\/fr\/wp-json\/wp\/v2\/media\/573543"}],"wp:attachment":[{"href":"https:\/\/www.europesays.com\/fr\/wp-json\/wp\/v2\/media?parent=573542"}],"wp:term":[{"taxonomy":"category","embeddable":true,"href":"https:\/\/www.europesays.com\/fr\/wp-json\/wp\/v2\/categories?post=573542"},{"taxonomy":"post_tag","embeddable":true,"href":"https:\/\/www.europesays.com\/fr\/wp-json\/wp\/v2\/tags?post=573542"}],"curies":[{"name":"wp","href":"https:\/\/api.w.org\/{rel}","templated":true}]}}