{"id":573560,"date":"2025-12-02T17:10:17","date_gmt":"2025-12-02T17:10:17","guid":{"rendered":"https:\/\/www.europesays.com\/fr\/573560\/"},"modified":"2025-12-02T17:10:17","modified_gmt":"2025-12-02T17:10:17","slug":"il-impose-une-randonnee-cauchemardesque-a-ses-enfants-la-famille-frole-la-mort","status":"publish","type":"post","link":"https:\/\/www.europesays.com\/fr\/573560\/","title":{"rendered":"Il impose une randonn\u00e9e cauchemardesque \u00e0 ses enfants, la famille fr\u00f4le la mort"},"content":{"rendered":"<p>De <a href=\"https:\/\/www.20minutes.fr\/dossier\/heros\" class=\"c-link c-link--is-underlined\" target=\"_blank\" rel=\"noopener\">h\u00e9ros<\/a> \u00e0 p\u00e8re indigne. Un homme de 31 ans va \u00eatre poursuivi pour avoir mis la vie de ses trois <a href=\"https:\/\/www.20minutes.fr\/dossier\/enfant\" class=\"c-link c-link--is-underlined\" target=\"_blank\" rel=\"noopener\">enfants<\/a> en danger, il y a quelques semaines\u00a0aux\u00a0\u00c9tats-Unis, rapporte\u00a0<a href=\"https:\/\/www.abc4.com\/news\/crimes-against-children\/father-big-cottonwood-hiker-missing-torture\/\" rel=\"nofollow noopener\" target=\"_blank\" class=\"c-link c-link--is-underlined\">ABC 4<\/a>. Le 11 octobre dernier, il a emmen\u00e9 ses deux fils de 2 et 4 ans, ainsi que sa fille de 8 ans, <a href=\"https:\/\/www.20minutes.fr\/dossier\/randonnee\" class=\"c-link c-link--is-underlined\" target=\"_blank\" rel=\"noopener\">randonner<\/a> dans le canyon de Big Cottonwood, non loin de Salt Lake City (Utah). Le trentenaire voulait absolument atteindre le sommet mais la m\u00e9t\u00e9o a rapidement chang\u00e9 dans l\u2019apr\u00e8s-midi et la famille n\u2019a pas r\u00e9ussi \u00e0 redescendre la montagne \u00e0 temps.<\/p>\n<p>Un enfant fait un arr\u00eat cardiaque \u00e0 l\u2019h\u00f4pital<\/p>\n<p>Le p\u00e8re et ses trois enfants ont pass\u00e9 la nuit dehors sous la pluie et le vent et n\u2019ont \u00e9t\u00e9 retrouv\u00e9s qu\u2019au petit matin par les <a href=\"https:\/\/www.20minutes.fr\/dossier\/secours\" class=\"c-link c-link--is-underlined\" target=\"_blank\" rel=\"noopener\">secouristes<\/a>. Le gar\u00e7on de 2 ans, qui s\u2019\u00e9tait visiblement cogn\u00e9 la t\u00eate lors d\u2019une chute, \u00e9tait inconscient, et son fr\u00e8re de 4 ans, en hypothermie s\u00e9v\u00e8re, n\u2019avait plus de pouls. Les sauveteurs l\u2019ont r\u00e9anim\u00e9 sur place avant de transporter tout le monde\u00a0\u00e0 l\u2019h\u00f4pital.<\/p>\n<p>Apr\u00e8s sa prise en charge, l\u2019enfant de 4 ans a fait un arr\u00eat cardiaque et a finalement pass\u00e9 une semaine en soins intensifs avant que son \u00e9tat ne s\u2019am\u00e9liore. Le fr\u00e8re du trentenaire avait initialement lanc\u00e9 une cagnotte en ligne pour venir en aide \u00e0 la <a href=\"https:\/\/www.20minutes.fr\/dossier\/famille\" class=\"c-link c-link--is-underlined\" target=\"_blank\" rel=\"noopener\">famille<\/a> mais celle-ci a \u00e9t\u00e9 ferm\u00e9e apr\u00e8s les premiers r\u00e9sultats de l\u2019enqu\u00eate.<\/p>\n<p>Le p\u00e8re mis en examen pour torture et maltraitance<\/p>\n<p>Il s\u2019av\u00e8re en effet que l\u2019homme a forc\u00e9 ses enfants \u00e0 poursuivre une randonn\u00e9e bien trop difficile pour eux. Sur une vid\u00e9o, on entend la fille a\u00een\u00e9e demander\u00a0: \u00ab\u00a0Est-ce qu\u2019on va mourir de froid, Papa\u00a0?\u00a0\u00bb. Selon les premi\u00e8res investigations, les enfants ont exprim\u00e9 \u00e0 plusieurs reprises qu\u2019ils avaient froid, qu\u2019ils \u00e9taient fatigu\u00e9s et qu\u2019ils souhaitaient faire demi-tour, ce que leur p\u00e8re a refus\u00e9.<\/p>\n<\/p>\n<p>\u00ab\u00a0Ce qui devait \u00eatre une simple randonn\u00e9e en famille s\u2019est vite transform\u00e9 en cauchemar\u00a0\u00bb, a indiqu\u00e9 la justice, cit\u00e9e par <a href=\"https:\/\/ksltv.com\/crime-public-safety\/extremely-selfish-dad-charged-with-taking-young-kids-on-dangerous-hike-that-ended-in-a-rescue\/850882\/\" rel=\"nofollow noopener\" target=\"_blank\" class=\"c-link c-link--is-underlined\">KSLTV<\/a>. \u00ab\u00a0L\u2019homme a choisi d\u2019atteindre le sommet plut\u00f4t que d\u2019assurer la s\u00e9curit\u00e9 de ses enfants. [\u2026] Il \u00e9tait mal pr\u00e9par\u00e9 et s\u2019est montr\u00e9 extr\u00eamement \u00e9go\u00efste.\u00a0\u00bb Le 25 novembre, l\u2019homme a \u00e9t\u00e9 mis en examen pour <a href=\"https:\/\/www.20minutes.fr\/dossier\/torture\" class=\"c-link c-link--is-underlined\" target=\"_blank\" rel=\"noopener\">torture<\/a> sur mineurs et <a href=\"https:\/\/www.20minutes.fr\/societe\/maltraitance-infantile\/\" class=\"c-link c-link--is-underlined\" target=\"_blank\" rel=\"noopener\">maltraitance<\/a> aggrav\u00e9e.<\/p>\n","protected":false},"excerpt":{"rendered":"De h\u00e9ros \u00e0 p\u00e8re indigne. Un homme de 31 ans va \u00eatre poursuivi pour avoir mis la vie&hellip;\n","protected":false},"author":2,"featured_media":573561,"comment_status":"","ping_status":"","sticky":false,"template":"","format":"standard","meta":{"footnotes":""},"categories":[5],"tags":[47,11,73,1011,27,14,24934,74,12,7553,24621,28],"class_list":{"0":"post-573560","1":"post","2":"type-post","3":"status-publish","4":"format-standard","5":"has-post-thumbnail","7":"category-international","8":"tag-actualite","9":"tag-actualites","10":"tag-etats-unis","11":"tag-fr","12":"tag-france","13":"tag-international","14":"tag-maltraitance-infantile","15":"tag-monde","16":"tag-news","17":"tag-randonnee","18":"tag-torture","19":"tag-world"},"share_on_mastodon":{"url":"https:\/\/pubeurope.com\/@fr\/115651085950260511","error":""},"_links":{"self":[{"href":"https:\/\/www.europesays.com\/fr\/wp-json\/wp\/v2\/posts\/573560","targetHints":{"allow":["GET"]}}],"collection":[{"href":"https:\/\/www.europesays.com\/fr\/wp-json\/wp\/v2\/posts"}],"about":[{"href":"https:\/\/www.europesays.com\/fr\/wp-json\/wp\/v2\/types\/post"}],"author":[{"embeddable":true,"href":"https:\/\/www.europesays.com\/fr\/wp-json\/wp\/v2\/users\/2"}],"replies":[{"embeddable":true,"href":"https:\/\/www.europesays.com\/fr\/wp-json\/wp\/v2\/comments?post=573560"}],"version-history":[{"count":0,"href":"https:\/\/www.europesays.com\/fr\/wp-json\/wp\/v2\/posts\/573560\/revisions"}],"wp:featuredmedia":[{"embeddable":true,"href":"https:\/\/www.europesays.com\/fr\/wp-json\/wp\/v2\/media\/573561"}],"wp:attachment":[{"href":"https:\/\/www.europesays.com\/fr\/wp-json\/wp\/v2\/media?parent=573560"}],"wp:term":[{"taxonomy":"category","embeddable":true,"href":"https:\/\/www.europesays.com\/fr\/wp-json\/wp\/v2\/categories?post=573560"},{"taxonomy":"post_tag","embeddable":true,"href":"https:\/\/www.europesays.com\/fr\/wp-json\/wp\/v2\/tags?post=573560"}],"curies":[{"name":"wp","href":"https:\/\/api.w.org\/{rel}","templated":true}]}}