{"id":573564,"date":"2025-12-02T17:12:20","date_gmt":"2025-12-02T17:12:20","guid":{"rendered":"https:\/\/www.europesays.com\/fr\/573564\/"},"modified":"2025-12-02T17:12:20","modified_gmt":"2025-12-02T17:12:20","slug":"vladimir-poutine-menace-directement-leurope-dune-guerre-liberation","status":"publish","type":"post","link":"https:\/\/www.europesays.com\/fr\/573564\/","title":{"rendered":"Vladimir Poutine menace directement l\u2019Europe d\u2019une guerre \u2013 Lib\u00e9ration"},"content":{"rendered":"<p class=\"sc-cPiKLX AiZTS text-element\">Pour la premi\u00e8re fois, une menace directe. Quelques minutes avant d\u2019entamer un nouvel entretien avec l\u2019\u00e9missaire am\u00e9ricain, <a href=\"https:\/\/www.liberation.fr\/idees-et-debats\/editorial\/plan-de-paix-americain-pour-lukraine-et-la-russie-steve-witkoff-le-pantin-de-poutine-20251126_RLGQHH2JR5GKNOBVPSR7IQ4M7M\/\" target=\"_blank\" rel=\"noopener\" title=\"https:\/\/www.liberation.fr\/idees-et-debats\/editorial\/plan-de-paix-americain-pour-lukraine-et-la-russie-steve-witkoff-le-pantin-de-poutine-20251126_RLGQHH2JR5GKNOBVPSR7IQ4M7M\/\">Steve Witkoff,<\/a> Vladimir Poutine a assur\u00e9 ce mardi 2 d\u00e9cembre \u00e0 Moscou que \u00absi l\u2019Europe le souhaite et commence, nous sommes pr\u00eats d\u00e8s maintenant\u00bb \u00e0 la guerre.<\/p>\n<p class=\"sc-cPiKLX AiZTS text-element\">Le pr\u00e9sident russe s\u2019exprimait devant des journalistes avant sa rencontre avec <a href=\"https:\/\/www.liberation.fr\/international\/amerique\/plan-de-paix-en-ukraine-comment-steve-witkoff-lemissaire-de-donald-trump-a-souffle-lidee-aux-russes-20251126_2ZYC65NF2VDSBDEQQOAFAYBUWQ\/\" target=\"_blank\" rel=\"noopener\" title=\"https:\/\/www.liberation.fr\/international\/amerique\/plan-de-paix-en-ukraine-comment-steve-witkoff-lemissaire-de-donald-trump-a-souffle-lidee-aux-russes-20251126_2ZYC65NF2VDSBDEQQOAFAYBUWQ\/\">Steve Witkoff,<\/a> qui, pour sa sixi\u00e8me visite \u00e0 Moscou en 2025, est accompagn\u00e9 de Jared Kushner, le gendre <a href=\"https:\/\/www.liberation.fr\/international\/amerique\/trump-plus-empresse-a-satisfaire-moscou-qua-etablir-la-paix-a-washington-la-grogne-gagne-le-parti-republicain-20251127_AT5RRRNHO5CGFAMCAXLGJNRU3Q\/\" target=\"_blank\" rel=\"noopener\" title=\"https:\/\/www.liberation.fr\/international\/amerique\/trump-plus-empresse-a-satisfaire-moscou-qua-etablir-la-paix-a-washington-la-grogne-gagne-le-parti-republicain-20251127_AT5RRRNHO5CGFAMCAXLGJNRU3Q\/\">du pr\u00e9sident Trump<\/a> et d\u00e9sormais partie prenante de l\u2019\u00e9quipe des n\u00e9gociateurs am\u00e9ricains pour trouver un accord de paix avec l\u2019Ukraine. \u00abNous n\u2019avons pas l\u2019intention de faire la guerre \u00e0 l\u2019Europe, mais si l\u2019Europe le souhaite et commence, nous sommes pr\u00eats d\u00e8s maintenant\u00bb, a lanc\u00e9 Vladimir Poutine, d\u00e9voilant ainsi sa strat\u00e9gie avant les n\u00e9gociations : bl\u00e2mer l\u2019Europe pour le manque d\u2019avanc\u00e9es vers la fin de <a href=\"https:\/\/www.liberation.fr\/dossier\/ukraine-la-crise\/\" target=\"_blank\" rel=\"noopener\" title=\"https:\/\/www.liberation.fr\/dossier\/ukraine-la-crise\/\">la guerre, entam\u00e9e le 24 f\u00e9vrier 2022<\/a> par l\u2019invasion \u00e0 grande \u00e9chelle des troupes russes en Ukraine.<\/p>\n<p class=\"sc-cPiKLX AiZTS text-element\">Le pr\u00e9sident russe a accus\u00e9 les Europ\u00e9ens de vouloir \u00abemp\u00eacher\u00bb les efforts am\u00e9ricains visant \u00e0 mettre fin \u00e0 la guerre en Ukraine. \u00abIls n\u2019ont pas de programme de paix, ils sont du c\u00f4t\u00e9 de la guerre\u00bb, a-t-il ajout\u00e9, faisant allusion aux efforts des Europ\u00e9ens pour modifier <a href=\"https:\/\/www.liberation.fr\/international\/europe\/en-direct-plan-de-paix-sur-lukraine-a-geneve-negociations-durgence-ce-dimanche-entre-ukrainiens-et-americains-en-presence-des-europeens-20251123_7XUC6SEYDRBZNKX3ENRDCPLC4Y\/\" target=\"_blank\" rel=\"noopener\" title=\"https:\/\/www.liberation.fr\/international\/europe\/en-direct-plan-de-paix-sur-lukraine-a-geneve-negociations-durgence-ce-dimanche-entre-ukrainiens-et-americains-en-presence-des-europeens-20251123_7XUC6SEYDRBZNKX3ENRDCPLC4Y\/\">le plan de paix en 28 points,<\/a> dict\u00e9 par les Russes aux Am\u00e9ricains et que ces derniers avaient pr\u00e9sent\u00e9 comme un effort n\u00e9goci\u00e9. Ce plan, pour lequel ni l\u2019Ukraine ni les Europ\u00e9ens n\u2019avaient \u00e9t\u00e9 consult\u00e9s, avantageait totalement la Russie.<\/p>\n<p class=\"sc-cPiKLX AiZTS text-element\">Vladimir Poutine a raill\u00e9 les Europ\u00e9ens, qui \u00absont vex\u00e9s d\u2019avoir \u00e9t\u00e9 \u00e9cart\u00e9s des n\u00e9gociations, mais [\u2026] ils se sont \u00e9cart\u00e9s eux-m\u00eames, c\u2019\u00e9tait leur initiative\u00bb. \u00abIls n\u2019ont pas de programme de paix, ils sont du c\u00f4t\u00e9 de la guerre\u00bb, a-t-il ajout\u00e9, en marge d\u2019un forum \u00e9conomique. Il a appel\u00e9 les dirigeants europ\u00e9ens \u00e0 renoncer \u00e0 l\u2019\u00abillusion\u00bb qu\u2019ils peuvent infliger une \u00abd\u00e9faite strat\u00e9gique \u00e0 la Russie\u00bb et \u00e0 \u00abrevenir \u00e0 la r\u00e9alit\u00e9, en se basant sur la situation sur le terrain\u00bb.<\/p>\n<p class=\"sc-cPiKLX AiZTS text-element\"><a href=\"https:\/\/www.liberation.fr\/international\/europe\/plan-de-trump-pour-lukraine-les-28-mesures-du-plan-concocte-par-le-president-americain-20251121_I27S3F6BYFFENCKEPDWUMUW2K4\/\" target=\"_blank\" rel=\"noopener\" title=\"https:\/\/www.liberation.fr\/international\/europe\/plan-de-trump-pour-lukraine-les-28-mesures-du-plan-concocte-par-le-president-americain-20251121_I27S3F6BYFFENCKEPDWUMUW2K4\/\">Fort marri que son plan de paix en 28 points<\/a>, d\u00e9voil\u00e9 le 21 novembre dernier, qui pr\u00e9voyait notamment l\u2019abandon \u00e0 la Russie de larges portions du territoire ukrainien, une r\u00e9duction drastique des effectifs de l\u2019arm\u00e9e ukrainienne et l\u2019interdiction de toute entr\u00e9e de l\u2019Ukraine dans l\u2019Otan, ait \u00e9t\u00e9 rejet\u00e9 par les Europ\u00e9ens et l\u2019Ukraine, le pr\u00e9sident russe a visiblement d\u00e9cid\u00e9 de passer \u00e0 la strat\u00e9gie des menaces directes. Il a \u00e9galement affirm\u00e9 que la Russie \u00ab\u00e9largira sa gamme de frappes contre les navires qui entrent dans les ports ukrainiens\u00bb, apr\u00e8s des attaques par Kyiv de deux p\u00e9troliers li\u00e9s \u00e0 Moscou dans les eaux territoriales turques en mer Noire. \u00abNous envisagerons des mesures de r\u00e9torsion \u00e0 l\u2019encontre des navires des pays qui aident l\u2019Ukraine\u00bb, a d\u00e9clar\u00e9 Vladimir Poutine, estimant aussi que \u00abla mesure la plus radicale consisterait \u00e0 couper l\u2019Ukraine de la mer\u00bb.<\/p>\n<p class=\"sc-cPiKLX AiZTS text-element\">Lundi, le Kremlin avait annonc\u00e9 la prise de Pokrovsk, verrou ukrainien dans le Donbass en raison de sa position strat\u00e9gique, objet d\u2019une bataille f\u00e9roce depuis des mois. L\u2019arm\u00e9e ukrainienne a cat\u00e9goriquement d\u00e9menti l\u2019information et annonc\u00e9 que les combats se poursuivaient. Ces derniers mois, chaque veille d\u2019une rencontre diplomatique importante, la Russie a annonc\u00e9 une victoire militaire sur le front, souvent d\u00e9mentie par les faits.<\/p>\n<p class=\"sc-cPiKLX AiZTS text-element\">Les violentes menaces de Vladimir Poutine n\u2019ont qu\u2019un seul objectif : profiter de l\u2019incertitude de la position am\u00e9ricaine et des liens \u00e9troits qui se sont tiss\u00e9s avec l\u2019envoy\u00e9 Witkoff, sur fond de potentiels futurs contrats commerciaux juteux pour creuser un foss\u00e9 entre les Etats-Unis et les Europ\u00e9ens. Et isoler d\u00e9finitivement l\u2019Ukraine.<\/p>\n<p class=\"sc-cPiKLX AiZTS text-element\">Dans une premi\u00e8re r\u00e9action, le minist\u00e8re fran\u00e7ais des Affaires \u00e9trang\u00e8res a indiqu\u00e9 ne pas souhaiter commenter les propos du pr\u00e9sident russe, au-del\u00e0 des r\u00e9centes d\u00e9clarations du ministre Jean-No\u00ebl Barrot \u00e0 propos de la menace russe dans les m\u00e9dias.<\/p>\n<p class=\"sc-cPiKLX AiZTS text-element\"><b>Mis \u00e0 jour le 02\/12\/2025 \u00e0 17h20 <\/b>avec autres propos de Vladimir Poutine et \u00e9l\u00e9ments de contexte<\/p>\n","protected":false},"excerpt":{"rendered":"Pour la premi\u00e8re fois, une menace directe. Quelques minutes avant d\u2019entamer un nouvel entretien avec l\u2019\u00e9missaire am\u00e9ricain, Steve&hellip;\n","protected":false},"author":2,"featured_media":573565,"comment_status":"","ping_status":"","sticky":false,"template":"","format":"standard","meta":{"footnotes":""},"categories":[2],"tags":[11,73,1011,27,12,132,220,297,135],"class_list":{"0":"post-573564","1":"post","2":"type-post","3":"status-publish","4":"format-standard","5":"has-post-thumbnail","7":"category-actualites","8":"tag-actualites","9":"tag-etats-unis","10":"tag-fr","11":"tag-france","12":"tag-news","13":"tag-russie","14":"tag-ukraine","15":"tag-ukraine-la-crise","16":"tag-vladimir-poutine"},"share_on_mastodon":{"url":"https:\/\/pubeurope.com\/@fr\/115651093839297772","error":""},"_links":{"self":[{"href":"https:\/\/www.europesays.com\/fr\/wp-json\/wp\/v2\/posts\/573564","targetHints":{"allow":["GET"]}}],"collection":[{"href":"https:\/\/www.europesays.com\/fr\/wp-json\/wp\/v2\/posts"}],"about":[{"href":"https:\/\/www.europesays.com\/fr\/wp-json\/wp\/v2\/types\/post"}],"author":[{"embeddable":true,"href":"https:\/\/www.europesays.com\/fr\/wp-json\/wp\/v2\/users\/2"}],"replies":[{"embeddable":true,"href":"https:\/\/www.europesays.com\/fr\/wp-json\/wp\/v2\/comments?post=573564"}],"version-history":[{"count":0,"href":"https:\/\/www.europesays.com\/fr\/wp-json\/wp\/v2\/posts\/573564\/revisions"}],"wp:featuredmedia":[{"embeddable":true,"href":"https:\/\/www.europesays.com\/fr\/wp-json\/wp\/v2\/media\/573565"}],"wp:attachment":[{"href":"https:\/\/www.europesays.com\/fr\/wp-json\/wp\/v2\/media?parent=573564"}],"wp:term":[{"taxonomy":"category","embeddable":true,"href":"https:\/\/www.europesays.com\/fr\/wp-json\/wp\/v2\/categories?post=573564"},{"taxonomy":"post_tag","embeddable":true,"href":"https:\/\/www.europesays.com\/fr\/wp-json\/wp\/v2\/tags?post=573564"}],"curies":[{"name":"wp","href":"https:\/\/api.w.org\/{rel}","templated":true}]}}