{"id":573566,"date":"2025-12-02T17:13:15","date_gmt":"2025-12-02T17:13:15","guid":{"rendered":"https:\/\/www.europesays.com\/fr\/573566\/"},"modified":"2025-12-02T17:13:15","modified_gmt":"2025-12-02T17:13:15","slug":"cest-quoi-ce-nouveau-ticket-lance-pour-les-tcl-ter-et-stas-entre-lyon-et-saint-etienne","status":"publish","type":"post","link":"https:\/\/www.europesays.com\/fr\/573566\/","title":{"rendered":"C&rsquo;est quoi ce nouveau ticket lanc\u00e9 pour les TCL, TER et STAS entre Lyon et Saint-\u00c9tienne"},"content":{"rendered":"<p>                    Par<br \/>\n        <strong><br \/>\n            <a href=\"https:\/\/actu.fr\/auteur\/theo-zuili\" title=\"Consulter tous les articles de Th\u00e9o Zuili\" target=\"_blank\" rel=\"noopener\">Th\u00e9o Zuili<\/a><br \/>\n                    <\/strong><\/p>\n<p>        Publi\u00e9 le<\/p>\n<p>            2 d\u00e9c. 2025 \u00e0 18h00        <\/p>\n<p>Vous circulez entre la m\u00e9tropole de <a href=\"https:\/\/actu.fr\/auvergne-rhone-alpes\/lyon_69123\" target=\"_blank\" rel=\"noopener\">Lyon<\/a> et l\u2019agglom\u00e9ration de <a href=\"https:\/\/actu.fr\/saint-etienne\/\" target=\"_blank\" rel=\"noopener\">Saint-Etienne<\/a> ? Voil\u00e0 une nouvelle qui aura de quoi vous r\u00e9jouir : le <strong>premier ticket commun T-Libr<\/strong> entre TER, <a href=\"https:\/\/actu.fr\/tag\/transports-en-commun-lyonnais-tcl\" target=\"_blank\" rel=\"noopener\">TCL<\/a> et STAS a \u00e9t\u00e9 lanc\u00e9 \u00e0 la vente ce 1\u1d49\u02b3 d\u00e9cembre 2025.<\/p>\n<p class=\" wall-content\">De quoi circuler en train et via les autres transports publics des agglom\u00e9rations de Lyon, Saint-\u00c9tienne, Vienne, Bourgoin-Jallieu, Miribel et Montluel (TER Auvergne\u2013Rh\u00f4ne-Alpes, <a href=\"https:\/\/actu.fr\/tag\/transports-en-commun-lyonnais-tcl\" target=\"_blank\" rel=\"noopener\">TCL<\/a> 1&amp;2, STAS, L\u2019va, RUBAN, Colibri, Tico, Cars R\u00e9gion Ain et Is\u00e8re) tout en faisant des \u00e9conomies. Explications.<\/p>\n<p>Un ticket unique pour gagner du temps<\/p>\n<p class=\" wall-content\">\u00ab\u00a0Une avanc\u00e9e concr\u00e8te\u00a0\u00bb pour ce projet \u00ab\u00a0attendu de longue date\u00a0\u00bb : le Syndicat des mobilit\u00e9s des territoires de l\u2019Aire m\u00e9tropolitaine lyonnaise (SMT-AML, qui regroupe la R\u00e9gion AuRA, Sytral Mobilit\u00e9s, Saint-\u00c9tienne M\u00e9tropole, Vienne Condrieu Agglo, CAPI, CCMP, 3CM) ne manque pas de mots pour f\u00e9liciter cette \u00ab\u00a0<strong>solution pratique<\/strong>, simple et lisible\u00a0\u00bb.<\/p>\n<p class=\" wall-content\">Jusqu\u2019ici uniquement disponible entre Saint-\u00c9tienne et Vienne, le ticket T-Libr va d\u00e9sormais pouvoir profiter aux voyageurs <strong>r\u00e9guliers ou occasionnels<\/strong> entre Lyon et la capitale de la Loire.<\/p>\n<p class=\" wall-content\">Suivant le m\u00eame principe que les abonnements T-Libr d\u00e9j\u00e0 existants, le ticket T-libr revient <strong>moins cher que d\u2019acheter s\u00e9par\u00e9ment<\/strong> un titre de transport sur chaque r\u00e9seau. De quoi \u00e9conomiser plusieurs euros par trajet, voire 93 \u20ac par mois pour certains abonn\u00e9s. Le tout, rendu possible <strong>via la carte O\u00f9ra<\/strong>, seul support d\u00e9sormais accept\u00e9 par tous les r\u00e9seaux.<\/p>\n<p>De quoi \u00e9conomiser<\/p>\n<p class=\" wall-content\">Voici les principaux prix selon les zones pour un voyage :<\/p>\n<p>Votre r\u00e9gion, votre actu !<\/p>\n<p>Recevez chaque jour les infos qui comptent pour vous.<\/p>\n<p>\t<a href=\"https:\/\/actu.fr\/newsletter\" class=\"ac-btn ac-btn--corner ac-btn--medium ac-btn--blue800\" target=\"_blank\" rel=\"noopener\">S&rsquo;incrire<\/a><\/p>\n<ul class=\" wall-content\">\n<li>1 zone TCL 1&amp;2 : 4,40 \u20ac<\/li>\n<li>1 zone STAS : 2,20 \u20ac<\/li>\n<li>1 zone L\u2019va : 1,50 \u20ac<\/li>\n<li>1 zone RUBAN : 4 \u20ac<\/li>\n<li>1 zone C\u00f4ti\u00e8re : 3 \u20ac<\/li>\n<li>2 zones TCL\/STAS : 15,70 \u20ac<\/li>\n<li>2 zones TCL\/L\u2019va : 10,30 \u20ac<\/li>\n<li>2 zones TCL\/RUBAN : 12 \u20ac<\/li>\n<li>2 zones TCL\/C\u00f4ti\u00e8re : 7,90 \u20ac<\/li>\n<\/ul>\n<p class=\" wall-content\">En plus du gain de temps, voici les \u00e9conomies sur quelques exemples de trajets concrets :<\/p>\n<ul class=\" wall-content\">\n<li>Givors \u2013 Gerland : 4,40 \u20ac au lieu de 7,10 \u20ac<\/li>\n<li>Firminy \u2013 Saint-\u00c9tienne : 2,20 \u20ac au lieu de 6 \u20ac<\/li>\n<li>Saint-\u00c9tienne \u2013 Lyon (2 zones) : 15,70 \u20ac au lieu de 17,50 \u20ac\u00a0<\/li>\n<li>Bourgoin-Jallieu \u2013 Lyon : 12 \u20ac au lieu de 13,90 \u20ac<\/li>\n<\/ul>\n<p class=\" wall-content\">Tous les d\u00e9tails sont \u00e0 retrouver sur <a href=\"https:\/\/www.t-libr.fr\/\" target=\"_blank\" rel=\"noopener\">le site de T-Libr<\/a>.<\/p>\n<p class=\" wall-content\">Personnalisez votre actualit\u00e9 en ajoutant vos villes et m\u00e9dias en favori avec <a href=\"https:\/\/moncompte.actu.fr\" title=\"D\u00e9couvez Mon Actu\" rel=\"nofollow noopener\" data-trk=\"{&quot;cta&quot;:{&quot;action&quot;:&quot;https:\\\/\\\/moncompte.actu.fr&quot;,&quot;category&quot;:&quot;mon compte&quot;,&quot;from&quot;:&quot;article footer&quot;,&quot;name&quot;:&quot;Mon actu&quot;,&quot;type&quot;:&quot;cta&quot;}}\" target=\"_blank\">Mon Actu<\/a>.<\/p>\n","protected":false},"excerpt":{"rendered":"Par Th\u00e9o Zuili Publi\u00e9 le 2 d\u00e9c. 2025 \u00e0 18h00 Vous circulez entre la m\u00e9tropole de Lyon et&hellip;\n","protected":false},"author":2,"featured_media":573567,"comment_status":"","ping_status":"","sticky":false,"template":"","format":"standard","meta":{"footnotes":""},"categories":[9653],"tags":[1111,11,2430,1777,674,1011,27,12,2922,25,4001,104,2803],"class_list":{"0":"post-573566","1":"post","2":"type-post","3":"status-publish","4":"format-standard","5":"has-post-thumbnail","7":"category-saint-etienne","8":"tag-actu","9":"tag-actualites","10":"tag-auvergne-rhone-alpes","11":"tag-eu","12":"tag-europe","13":"tag-fr","14":"tag-france","15":"tag-news","16":"tag-pouvoir-dachat","17":"tag-republique-francaise","18":"tag-saint-etienne","19":"tag-societe","20":"tag-transport"},"share_on_mastodon":{"url":"https:\/\/pubeurope.com\/@fr\/115651097810101230","error":""},"_links":{"self":[{"href":"https:\/\/www.europesays.com\/fr\/wp-json\/wp\/v2\/posts\/573566","targetHints":{"allow":["GET"]}}],"collection":[{"href":"https:\/\/www.europesays.com\/fr\/wp-json\/wp\/v2\/posts"}],"about":[{"href":"https:\/\/www.europesays.com\/fr\/wp-json\/wp\/v2\/types\/post"}],"author":[{"embeddable":true,"href":"https:\/\/www.europesays.com\/fr\/wp-json\/wp\/v2\/users\/2"}],"replies":[{"embeddable":true,"href":"https:\/\/www.europesays.com\/fr\/wp-json\/wp\/v2\/comments?post=573566"}],"version-history":[{"count":0,"href":"https:\/\/www.europesays.com\/fr\/wp-json\/wp\/v2\/posts\/573566\/revisions"}],"wp:featuredmedia":[{"embeddable":true,"href":"https:\/\/www.europesays.com\/fr\/wp-json\/wp\/v2\/media\/573567"}],"wp:attachment":[{"href":"https:\/\/www.europesays.com\/fr\/wp-json\/wp\/v2\/media?parent=573566"}],"wp:term":[{"taxonomy":"category","embeddable":true,"href":"https:\/\/www.europesays.com\/fr\/wp-json\/wp\/v2\/categories?post=573566"},{"taxonomy":"post_tag","embeddable":true,"href":"https:\/\/www.europesays.com\/fr\/wp-json\/wp\/v2\/tags?post=573566"}],"curies":[{"name":"wp","href":"https:\/\/api.w.org\/{rel}","templated":true}]}}