{"id":573568,"date":"2025-12-02T17:14:19","date_gmt":"2025-12-02T17:14:19","guid":{"rendered":"https:\/\/www.europesays.com\/fr\/573568\/"},"modified":"2025-12-02T17:14:19","modified_gmt":"2025-12-02T17:14:19","slug":"saint-etienne-gael-perdriau-a-envoye-sa-lettre-de-demission-a-la-prefete","status":"publish","type":"post","link":"https:\/\/www.europesays.com\/fr\/573568\/","title":{"rendered":"Saint-\u00c9tienne. Ga\u00ebl Perdriau a envoy\u00e9 sa lettre de d\u00e9mission \u00e0 la pr\u00e9f\u00e8te"},"content":{"rendered":"<p>\u00ab\u00a0Je vous informe de ma d\u00e9cision de d\u00e9missionner de mon mandat municipal et de mon mandat m\u00e9tropolitain\u00a0\u00bb, a \u00e9crit <a href=\"https:\/\/www.leprogres.fr\/p\/gael-perdriau\" target=\"_blank\" rel=\"noopener\">Ga\u00ebl Perdriau<\/a> \u00e0 <a href=\"https:\/\/www.leprogres.fr\/p\/muriel-nguyen\" target=\"_blank\" rel=\"noopener\">Muriel Nguyen<\/a>, pr\u00e9f\u00e8te de la Loire, ce mardi.<\/p>\n<p>\u00c0 vrai dire, il n\u2019y avait pas d\u2019autre issue. Sa condamnation, assortie d\u2019une peine d\u2019in\u00e9ligibilit\u00e9 avec ex\u00e9cution provisoire, entra\u00eene, de fait, une perte de ses mandats. \u00ab\u00a0Monsieur, vous ne pouvez plus \u00eatre maire de Saint-\u00c9tienne\u00a0\u00bb, lui avait d\u2019ailleurs signifi\u00e9 Brigitte Vernay, la pr\u00e9sidente du tribunal, au moment du rendu du jugement.<\/p>\n<p>  La pr\u00e9fecture n&rsquo;a pas encore re\u00e7u le jugement du tribunal<\/p>\n<p>Ne restait plus qu\u2019\u00e0 attendre que la pr\u00e9fecture r\u00e9dige un arr\u00eat\u00e9 de d\u00e9mission d\u2019office pour acter cette d\u00e9cision. Sauf qu\u2019\u00e0 ce jour, la pr\u00e9fecture n\u2019a pas encore re\u00e7u le jugement du tribunal, n\u00e9cessaire \u00e0 la r\u00e9daction de l\u2019arr\u00eat\u00e9.<\/p>\n<p>Ga\u00ebl Perdriau a donc d\u00e9cid\u00e9 de prendre les devants en envoyant cette lettre. Il ne sera officiellement plus maire ni pr\u00e9sident de Saint-\u00c9tienne M\u00e9tropole d\u00e8s que la pr\u00e9f\u00e8te aura accept\u00e9 sa d\u00e9mission.<\/p>\n","protected":false},"excerpt":{"rendered":"\u00ab\u00a0Je vous informe de ma d\u00e9cision de d\u00e9missionner de mon mandat municipal et de mon mandat m\u00e9tropolitain\u00a0\u00bb, a&hellip;\n","protected":false},"author":2,"featured_media":573569,"comment_status":"","ping_status":"","sticky":false,"template":"","format":"standard","meta":{"footnotes":""},"categories":[9653],"tags":[1111,11,42797,2430,1984,7539,1777,674,107,1011,27,3367,12,316,25,4001,7538],"class_list":{"0":"post-573568","1":"post","2":"type-post","3":"status-publish","4":"format-standard","5":"has-post-thumbnail","7":"category-saint-etienne","8":"tag-actu","9":"tag-actualites","10":"tag-affaire-perdriau","11":"tag-auvergne-rhone-alpes","12":"tag-conseil-municipal","13":"tag-edition-loire-sud","14":"tag-eu","15":"tag-europe","16":"tag-fil-info","17":"tag-fr","18":"tag-france","19":"tag-loire","20":"tag-news","21":"tag-politique","22":"tag-republique-francaise","23":"tag-saint-etienne","24":"tag-saint-etienne-ville"},"share_on_mastodon":{"url":"https:\/\/pubeurope.com\/@fr\/115651101699485291","error":""},"_links":{"self":[{"href":"https:\/\/www.europesays.com\/fr\/wp-json\/wp\/v2\/posts\/573568","targetHints":{"allow":["GET"]}}],"collection":[{"href":"https:\/\/www.europesays.com\/fr\/wp-json\/wp\/v2\/posts"}],"about":[{"href":"https:\/\/www.europesays.com\/fr\/wp-json\/wp\/v2\/types\/post"}],"author":[{"embeddable":true,"href":"https:\/\/www.europesays.com\/fr\/wp-json\/wp\/v2\/users\/2"}],"replies":[{"embeddable":true,"href":"https:\/\/www.europesays.com\/fr\/wp-json\/wp\/v2\/comments?post=573568"}],"version-history":[{"count":0,"href":"https:\/\/www.europesays.com\/fr\/wp-json\/wp\/v2\/posts\/573568\/revisions"}],"wp:featuredmedia":[{"embeddable":true,"href":"https:\/\/www.europesays.com\/fr\/wp-json\/wp\/v2\/media\/573569"}],"wp:attachment":[{"href":"https:\/\/www.europesays.com\/fr\/wp-json\/wp\/v2\/media?parent=573568"}],"wp:term":[{"taxonomy":"category","embeddable":true,"href":"https:\/\/www.europesays.com\/fr\/wp-json\/wp\/v2\/categories?post=573568"},{"taxonomy":"post_tag","embeddable":true,"href":"https:\/\/www.europesays.com\/fr\/wp-json\/wp\/v2\/tags?post=573568"}],"curies":[{"name":"wp","href":"https:\/\/api.w.org\/{rel}","templated":true}]}}