{"id":573570,"date":"2025-12-02T17:15:33","date_gmt":"2025-12-02T17:15:33","guid":{"rendered":"https:\/\/www.europesays.com\/fr\/573570\/"},"modified":"2025-12-02T17:15:33","modified_gmt":"2025-12-02T17:15:33","slug":"le-stationnement-va-etre-supprime-sur-cette-place-pour-la-transformer-en-lieu-de-vie-arbore","status":"publish","type":"post","link":"https:\/\/www.europesays.com\/fr\/573570\/","title":{"rendered":"le stationnement va \u00eatre supprim\u00e9 sur cette place pour la transformer en \u00ab\u00a0lieu de vie arbor\u00e9\u00a0\u00bb"},"content":{"rendered":"<p>                    Par<br \/>\n        <strong><br \/>\n            <a href=\"https:\/\/actu.fr\/auteur\/amandine-mehl\" title=\"Consulter tous les articles de Amandine Mehl\" target=\"_blank\" rel=\"noopener\">Amandine Mehl<\/a><br \/>\n                    <\/strong><\/p>\n<p>        Publi\u00e9 le<\/p>\n<p>            2 d\u00e9c. 2025 \u00e0 18h00        <\/p>\n<p>Dans les ann\u00e9es \u00e0 venir, le <strong>plan de circulation<\/strong> va \u00eatre revu \u00e0 <strong>Nancy<\/strong>. Parmi les <strong>grands changements attendus<\/strong>, plusieurs <a href=\"https:\/\/actu.fr\/grand-est\/nancy_54395\/la-circulation-va-etre-modifiee-dans-ces-trois-rues-tres-frequentees-de-nancy-voici-lesquelles_63516932.html\" target=\"_blank\" rel=\"noopener\">rues tr\u00e8s fr\u00e9quent\u00e9es<\/a>, y compris la <a href=\"https:\/\/actu.fr\/grand-est\/nancy_54395\/a-nancy-la-rue-saint-dizier-va-etre-transformee-dans-les-annees-a-venir-voici-le-projet_63515259.html\" target=\"_blank\" rel=\"noopener\">rue Saint-Dizier<\/a>, seront soit <strong>r\u00e9serv\u00e9es aux transports en commun<\/strong>, soit aux <strong>automobilistes<\/strong>.<br \/>L\u2019occasion \u00e9galement pour la Ville de <strong>red\u00e9finir<\/strong>\u00a0certains espaces, \u00e0 l\u2019instar de cette <strong>place<\/strong> qui va conna\u00eetre une <strong>m\u00e9tamorphose<\/strong>.<\/p>\n<p>Fin du stationnement place Dombasle \u00e0 Nancy<\/p>\n<p class=\" wall-content\">En parall\u00e8le du chantier qui va \u00eatre men\u00e9 d\u00e8s 2027 <strong>rue Stanislas<\/strong>, visant \u00e0 la rendre accessible aux bus du r\u00e9seau Stan exclusivement, la <strong>place Dombasle<\/strong> va \u00eatre revue. L\u2019objectif : en faire \u00ab\u00a0une <strong>vraie place<\/strong>, une <strong>place de vie<\/strong>\u00a0<strong>arbor\u00e9e<\/strong>\u00ab\u00a0, a pr\u00e9cis\u00e9 <strong>Mathieu Klein<\/strong>, maire de Nancy et pr\u00e9sident du Grand Nancy.<\/p>\n<p class=\" wall-content\">Pour y parvenir, le projet pr\u00e9voit la <strong>suppression<\/strong> du <a href=\"https:\/\/actu.fr\/tag\/stationnement\" target=\"_blank\" rel=\"noopener\">stationnement<\/a> sur site. S\u2019il s\u2019agit d\u2019un sujet qui fait couler beaucoup d\u2019encre dans la cit\u00e9 ducale en g\u00e9n\u00e9ral, l\u2019\u00e9lu indique que \u00ab\u00a0le <strong>stationnement en ouvrage<\/strong>, dans le secteur, <strong>permet le report<\/strong>\u00ab\u00a0. \u00ab\u00a0Qui plus est, \u00e0 un <strong>tarif int\u00e9ressant<\/strong>\u00ab\u00a0, ajoute-t-il. Et pour cause, la M\u00e9tropole du Grand Nancy a fait le choix\u00a0de rendre le stationnement <a href=\"https:\/\/actu.fr\/grand-est\/nancy_54395\/stationner-dans-les-rues-de-nancy-vous-coutera-plus-cher-a-partir-de-ce-mardi-ce-qu-il-faut-savoir_62444744.html\" target=\"_blank\" rel=\"noopener\">plus cher<\/a> dans les rues pour <strong>inciter<\/strong> les automobilistes \u00e0 privil\u00e9gier les parkings en ouvrage.\u00a0<\/p>\n<p class=\" wall-content\">Personnalisez votre actualit\u00e9 en ajoutant vos villes et m\u00e9dias en favori avec <a href=\"https:\/\/moncompte.actu.fr\" title=\"D\u00e9couvez Mon Actu\" rel=\"nofollow noopener\" data-trk=\"{&quot;cta&quot;:{&quot;action&quot;:&quot;https:\\\/\\\/moncompte.actu.fr&quot;,&quot;category&quot;:&quot;mon compte&quot;,&quot;from&quot;:&quot;article footer&quot;,&quot;name&quot;:&quot;Mon actu&quot;,&quot;type&quot;:&quot;cta&quot;}}\" target=\"_blank\">Mon Actu<\/a>.<\/p>\n","protected":false},"excerpt":{"rendered":"Par Amandine Mehl Publi\u00e9 le 2 d\u00e9c. 2025 \u00e0 18h00 Dans les ann\u00e9es \u00e0 venir, le plan de&hellip;\n","protected":false},"author":2,"featured_media":573571,"comment_status":"","ping_status":"","sticky":false,"template":"","format":"standard","meta":{"footnotes":""},"categories":[9635],"tags":[1111,11,1777,674,1011,27,775,1702,12,25,104,6173,2086,1352],"class_list":{"0":"post-573570","1":"post","2":"type-post","3":"status-publish","4":"format-standard","5":"has-post-thumbnail","7":"category-nancy","8":"tag-actu","9":"tag-actualites","10":"tag-eu","11":"tag-europe","12":"tag-fr","13":"tag-france","14":"tag-grand-est","15":"tag-nancy","16":"tag-news","17":"tag-republique-francaise","18":"tag-societe","19":"tag-stationnement","20":"tag-travaux","21":"tag-urbanisme"},"share_on_mastodon":{"url":"https:\/\/pubeurope.com\/@fr\/115651105479509687","error":""},"_links":{"self":[{"href":"https:\/\/www.europesays.com\/fr\/wp-json\/wp\/v2\/posts\/573570","targetHints":{"allow":["GET"]}}],"collection":[{"href":"https:\/\/www.europesays.com\/fr\/wp-json\/wp\/v2\/posts"}],"about":[{"href":"https:\/\/www.europesays.com\/fr\/wp-json\/wp\/v2\/types\/post"}],"author":[{"embeddable":true,"href":"https:\/\/www.europesays.com\/fr\/wp-json\/wp\/v2\/users\/2"}],"replies":[{"embeddable":true,"href":"https:\/\/www.europesays.com\/fr\/wp-json\/wp\/v2\/comments?post=573570"}],"version-history":[{"count":0,"href":"https:\/\/www.europesays.com\/fr\/wp-json\/wp\/v2\/posts\/573570\/revisions"}],"wp:featuredmedia":[{"embeddable":true,"href":"https:\/\/www.europesays.com\/fr\/wp-json\/wp\/v2\/media\/573571"}],"wp:attachment":[{"href":"https:\/\/www.europesays.com\/fr\/wp-json\/wp\/v2\/media?parent=573570"}],"wp:term":[{"taxonomy":"category","embeddable":true,"href":"https:\/\/www.europesays.com\/fr\/wp-json\/wp\/v2\/categories?post=573570"},{"taxonomy":"post_tag","embeddable":true,"href":"https:\/\/www.europesays.com\/fr\/wp-json\/wp\/v2\/tags?post=573570"}],"curies":[{"name":"wp","href":"https:\/\/api.w.org\/{rel}","templated":true}]}}