{"id":573576,"date":"2025-12-02T17:19:29","date_gmt":"2025-12-02T17:19:29","guid":{"rendered":"https:\/\/www.europesays.com\/fr\/573576\/"},"modified":"2025-12-02T17:19:29","modified_gmt":"2025-12-02T17:19:29","slug":"transfert-top-14-rct-le-rochelais-judicael-cancoriet-rejoindra-toulon-la-saison-prochaine","status":"publish","type":"post","link":"https:\/\/www.europesays.com\/fr\/573576\/","title":{"rendered":"Transfert Top 14-RCT: Le Rochelais Judica\u00ebl Cancoriet rejoindra Toulon la saison prochaine"},"content":{"rendered":"<p>Le monde du rugby fran\u00e7ais est en effervescence avec le transfert du troisi\u00e8me-ligne international Judica\u00ebl Cancoriet, qui quittera le Stade Rochelais pour rejoindre le Rugby Club Toulonnais (RCT) la saison prochaine. Cette annonce marque un tournant pour le joueur de 29 ans, qui a connu une carri\u00e8re accomplie dans le rugby professionnel.<\/p>\n<p>Un parcours notable<\/p>\n<p>Judica\u00ebl Cancoriet a fait ses d\u00e9buts professionnels au sein du club de Massy avant de poursuivre son aventure \u00e0 Clermont. En 2023, il a sign\u00e9 au Stade Rochelais, o\u00f9 il a rapidement fait ses preuves en tant que joueur cl\u00e9 de l\u2019\u00e9quipe. Avec cinq s\u00e9lections en \u00e9quipe de France, il a su s\u2019imposer comme un pilier de la d\u00e9fense et un atout pr\u00e9cieux en attaque.<\/p>\n<p>Un transfert strat\u00e9gique pour ToulonNouveau ! Recevez la newsletter Rugby Transfert 1 fois par mois !<\/p>\n<p>Le Rugby Club Toulonnais, qui cherche \u00e0 renforcer son effectif pour la saison \u00e0 venir, a vu en Cancoriet un joueur capable d\u2019apporter \u00e0 la fois exp\u00e9rience et solidit\u00e9. Son arriv\u00e9e est salu\u00e9e comme un coup de ma\u00eetre par les dirigeants du club, qui esp\u00e8rent ainsi renforcer leur paquet d\u2019avants et am\u00e9liorer leur performance sur le terrain.<\/p>\n<p>Des n\u00e9gociations difficiles<\/p>\n<p>La prolongation de contrat de Cancoriet avec le Stade Rochelais \u00e9tait en cours depuis plusieurs semaines, mais les discussions n\u2019ont pas abouti. Finalement, le joueur a d\u00e9cid\u00e9 de prendre un nouveau chemin en s\u2019engageant avec Toulon, une d\u00e9cision qui pourrait \u00eatre b\u00e9n\u00e9fique pour sa carri\u00e8re.<\/p>\n<p>La situation du Stade Rochelais<\/p>\n<p>Du c\u00f4t\u00e9 de La Rochelle, les dirigeants se retrouvent face \u00e0 un d\u00e9fi. Avec le d\u00e9part de Cancoriet, ils sont actuellement en qu\u00eate de renforts, notamment en deuxi\u00e8me-ligne. L\u2019Anglais Junior Kpoku, joueur du Racing 92, figure parmi les cibles potentielles pour combler ce vide laiss\u00e9 par le d\u00e9part de Cancoriet.<\/p>\n<p>Conclusion<\/p>\n<p>Judica\u00ebl Cancoriet \u00e0 Toulon est un transfert qui pourrait changer la dynamique du championnat fran\u00e7ais. Les supporters Toulonnais attendent avec impatience de voir comment cette nouvelle alliance se traduira sur le terrain lors de la prochaine saison.<\/p>\n<p> <img loading=\"lazy\" decoding=\"async\" src=\"https:\/\/www.europesays.com\/fr\/wp-content\/uploads\/2025\/04\/image-1.jpg\" width=\"100\" height=\"100\" alt=\"image 1\" itemprop=\"image\" class=\"lazyload\" title=\"Transfert Top 14-RCT: Le Rochelais Judica\u00ebl Cancoriet rejoindra Toulon la saison prochaine\"\/><\/p>\n<p>Bruno Lancelle, n\u00e9 en 1986 \u00e0 La Seyne-sur-Mer (Var), aujourd\u2019hui Kin\u00e9sith\u00e9rapeute, est un ancien joueur\u00a0 de rugby \u00e0 XV qui \u00e9voluait au poste de demi d\u2019ouverture, pass\u00e9 par Toulon, Lyon, Provence Rugby, La Seyne-sur-Mer, US bressane, Lille et Hy\u00e8res.<\/p>\n","protected":false},"excerpt":{"rendered":"Le monde du rugby fran\u00e7ais est en effervescence avec le transfert du troisi\u00e8me-ligne international Judica\u00ebl Cancoriet, qui quittera&hellip;\n","protected":false},"author":2,"featured_media":573577,"comment_status":"","ping_status":"","sticky":false,"template":"","format":"standard","meta":{"footnotes":""},"categories":[9619],"tags":[1111,11,1777,674,1011,27,12,882,25,2310],"class_list":{"0":"post-573576","1":"post","2":"type-post","3":"status-publish","4":"format-standard","5":"has-post-thumbnail","7":"category-toulon","8":"tag-actu","9":"tag-actualites","10":"tag-eu","11":"tag-europe","12":"tag-fr","13":"tag-france","14":"tag-news","15":"tag-provence-alpes-cote-dazur","16":"tag-republique-francaise","17":"tag-toulon"},"share_on_mastodon":{"url":"https:\/\/pubeurope.com\/@fr\/115651121328018838","error":""},"_links":{"self":[{"href":"https:\/\/www.europesays.com\/fr\/wp-json\/wp\/v2\/posts\/573576","targetHints":{"allow":["GET"]}}],"collection":[{"href":"https:\/\/www.europesays.com\/fr\/wp-json\/wp\/v2\/posts"}],"about":[{"href":"https:\/\/www.europesays.com\/fr\/wp-json\/wp\/v2\/types\/post"}],"author":[{"embeddable":true,"href":"https:\/\/www.europesays.com\/fr\/wp-json\/wp\/v2\/users\/2"}],"replies":[{"embeddable":true,"href":"https:\/\/www.europesays.com\/fr\/wp-json\/wp\/v2\/comments?post=573576"}],"version-history":[{"count":0,"href":"https:\/\/www.europesays.com\/fr\/wp-json\/wp\/v2\/posts\/573576\/revisions"}],"wp:featuredmedia":[{"embeddable":true,"href":"https:\/\/www.europesays.com\/fr\/wp-json\/wp\/v2\/media\/573577"}],"wp:attachment":[{"href":"https:\/\/www.europesays.com\/fr\/wp-json\/wp\/v2\/media?parent=573576"}],"wp:term":[{"taxonomy":"category","embeddable":true,"href":"https:\/\/www.europesays.com\/fr\/wp-json\/wp\/v2\/categories?post=573576"},{"taxonomy":"post_tag","embeddable":true,"href":"https:\/\/www.europesays.com\/fr\/wp-json\/wp\/v2\/tags?post=573576"}],"curies":[{"name":"wp","href":"https:\/\/api.w.org\/{rel}","templated":true}]}}