{"id":573578,"date":"2025-12-02T17:20:45","date_gmt":"2025-12-02T17:20:45","guid":{"rendered":"https:\/\/www.europesays.com\/fr\/573578\/"},"modified":"2025-12-02T17:20:45","modified_gmt":"2025-12-02T17:20:45","slug":"redonner-la-parole-a-la-rue-400-manifestants-a-montpellier-contre-le-projet-de-budget","status":"publish","type":"post","link":"https:\/\/www.europesays.com\/fr\/573578\/","title":{"rendered":"\u00ab\u00a0Redonner la parole \u00e0 la rue\u00a0\u00bb\u00a0: 400 manifestants \u00e0 Montpellier contre le projet de budget"},"content":{"rendered":"<p>\n                                                                La CGT, la FSU et Sud appellent, ce mardi, \u00e0 une journ\u00e9e de gr\u00e8ve et de mobilisation pour rappeler que les exigences en mati\u00e8re sociale, fiscale et de d\u00e9fense des services publics doivent appara\u00eetre dans le budget en cours de discussion.\n                            <\/p>\n<p>\u00ab\u00a0On est dans une sale p\u00e9riode. Le fatalisme p\u00e8se beaucoup et tout est fait pour ne pas y voir clair\u00a0\u00bb. \u00c0 l\u2019image de ce cheminot environ 400 personnes ont manifest\u00e9 ce mardi matin \u00e0 Montpellier pour remettre certaines exigences sociales au menu\u00a0des discussions politiques sur le budget.<\/p>\n<p>\u00ab\u00a0Tenir la flamme\u00a0\u00bb<\/p>\n<p>Une journ\u00e9e d\u2019actions d\u00e9clench\u00e9es par la CGT, la FSU et Sud. \u00ab\u00a0Il s\u2019agit de redonner la parole \u00e0 la rue. Apr\u00e8s la rentr\u00e9e de septembre, on pensait que les questions fiscales et sociales seraient au c\u0153ur du budget. On pensait que ce serait suffisant mais quand on voit que le S\u00e9nat annule le d\u00e9calage de la r\u00e9forme des retraites\u00a0\u00bb soupire Ludovic Sigal de l\u2019union d\u00e9partementale CGT selon lequel ce rendez-vous doit servir de \u00ab\u00a0marchepied\u00a0\u00bb \u00e0 de nouvelles mobilisations, \u00ab\u00a0apr\u00e8s les f\u00eates\u00a0\u00bb.<\/p>\n<p>\u00ab\u00a0Bombe sociale\u00a0\u00bb<\/p>\n<p>Dans le cort\u00e8ge modeste de ce matin, des retrait\u00e9s, quelques jeunes et une proportion importante d\u2019enseignants et de fonctionnaires. Comme Muriel, ancienne salari\u00e9e\u00a0du service m\u00e9dical de la Caisse primaire d\u2019assurance maladie d\u2019o\u00f9 est partie la manifestation. \u00ab\u00a0On observe aujourd\u2019hui plusieurs attaques en r\u00e8gle contre la S\u00e9cu alors que l\u2019on c\u00e9l\u00e8bre ses 80 ans. Les salari\u00e9s sont \u00e9puis\u00e9s, ont perdu le sens de leur travail. Ils sont pris dans leurs difficult\u00e9s quotidiennes mais il faut tenir la flamme\u00a0\u00bb\u00a0explique-t-elle. \u00ab\u00a0Le budget qui a \u00e9t\u00e9 pr\u00e9sent\u00e9 par le Premier ministre est un budget d\u2019aust\u00e9rit\u00e9 qui fait beaucoup de mal aux services publics. On ne sait pas trop ce qui va en sortir\u00a0\u00bb ajoute Janique, chercheuse en biologie au CNRS.<\/p>\n<p>\u00ab\u00a0On est assis sur une bombe sociale, ce n\u2019est qu\u2019une question de temps avant qu\u2019elle explose\u00a0\u00bb assure encore Ludovic Sigal.<\/p>\n","protected":false},"excerpt":{"rendered":"La CGT, la FSU et Sud appellent, ce mardi, \u00e0 une journ\u00e9e de gr\u00e8ve et de mobilisation pour&hellip;\n","protected":false},"author":2,"featured_media":573579,"comment_status":"","ping_status":"","sticky":false,"template":"","format":"standard","meta":{"footnotes":""},"categories":[9599],"tags":[1111,11,1777,674,1011,27,7089,2208,12,2680,25,801,1857],"class_list":{"0":"post-573578","1":"post","2":"type-post","3":"status-publish","4":"format-standard","5":"has-post-thumbnail","7":"category-montpellier","8":"tag-actu","9":"tag-actualites","10":"tag-eu","11":"tag-europe","12":"tag-fr","13":"tag-france","14":"tag-herault","15":"tag-montpellier","16":"tag-news","17":"tag-occitanie","18":"tag-republique-francaise","19":"tag-social","20":"tag-sociu00e9tu00e9"},"share_on_mastodon":{"url":"https:\/\/pubeurope.com\/@fr\/115651125090072139","error":""},"_links":{"self":[{"href":"https:\/\/www.europesays.com\/fr\/wp-json\/wp\/v2\/posts\/573578","targetHints":{"allow":["GET"]}}],"collection":[{"href":"https:\/\/www.europesays.com\/fr\/wp-json\/wp\/v2\/posts"}],"about":[{"href":"https:\/\/www.europesays.com\/fr\/wp-json\/wp\/v2\/types\/post"}],"author":[{"embeddable":true,"href":"https:\/\/www.europesays.com\/fr\/wp-json\/wp\/v2\/users\/2"}],"replies":[{"embeddable":true,"href":"https:\/\/www.europesays.com\/fr\/wp-json\/wp\/v2\/comments?post=573578"}],"version-history":[{"count":0,"href":"https:\/\/www.europesays.com\/fr\/wp-json\/wp\/v2\/posts\/573578\/revisions"}],"wp:featuredmedia":[{"embeddable":true,"href":"https:\/\/www.europesays.com\/fr\/wp-json\/wp\/v2\/media\/573579"}],"wp:attachment":[{"href":"https:\/\/www.europesays.com\/fr\/wp-json\/wp\/v2\/media?parent=573578"}],"wp:term":[{"taxonomy":"category","embeddable":true,"href":"https:\/\/www.europesays.com\/fr\/wp-json\/wp\/v2\/categories?post=573578"},{"taxonomy":"post_tag","embeddable":true,"href":"https:\/\/www.europesays.com\/fr\/wp-json\/wp\/v2\/tags?post=573578"}],"curies":[{"name":"wp","href":"https:\/\/api.w.org\/{rel}","templated":true}]}}