{"id":573580,"date":"2025-12-02T17:22:14","date_gmt":"2025-12-02T17:22:14","guid":{"rendered":"https:\/\/www.europesays.com\/fr\/573580\/"},"modified":"2025-12-02T17:22:14","modified_gmt":"2025-12-02T17:22:14","slug":"cest-formidable-davoir-un-lieu-comme-celui-la-apres-10-mois-de-travaux-le-pavillon-populaire-est-rendu-aux-montpellierains","status":"publish","type":"post","link":"https:\/\/www.europesays.com\/fr\/573580\/","title":{"rendered":"\u00ab\u00a0C\u2019est formidable d\u2019avoir un lieu comme celui-l\u00e0\u00a0\u00bb\u00a0: apr\u00e8s 10 mois de travaux le Pavillon Populaire est rendu aux Montpelli\u00e9rains"},"content":{"rendered":"<p>\n                                                                La r\u00e9novation du Pavillon Populaire est bel et bien termin\u00e9e. Pour sa r\u00e9ouverture, le 2\u00a0d\u00e9cembre, le site culturel embl\u00e9matique de Montpellier accueille \u00ab\u00a0Extr\u00eame h\u00f4tel\u00a0\u00bb, une exposition consacr\u00e9e aux photos de Raymond Depardon.\n                            <\/p>\n<p>Le Pavillon Populaire porte bien son nom. Tous les Montpelli\u00e9rains ont un jour ou l\u2019autre franchi les portes de ce site culturel\u00a0devenu depuis 2010 un lieu d\u2019expositions de photographie \u00e0 la notori\u00e9t\u00e9 internationale, situ\u00e9 sur l\u2019Esplanade de la Com\u00e9die, dans le c\u0153ur battant de la ville.<\/p>\n<p class=\"std-elt__inline\">\n        <strong>\u00c0 lire aussi :<\/strong><br \/>\n        <a href=\"https:\/\/www.midilibre.fr\/2024\/12\/08\/portrait-gilles-mora-faiseur-dexpos-et-coeur-de-rocker-quittera-le-pavillon-populaire-de-montpellier-le-31-decembre-12375082.php\" target=\"_blank\" rel=\"noopener\">PORTRAIT. Gilles Mora \u00ab\u00a0faiseur d\u2019expos\u00a0\u00bb et c\u0153ur de rocker quittera le Pavillon populaire de Montpellier le 31 d\u00e9cembre<\/a>\n    <\/p>\n<p>\u00ab\u00a0Sa notori\u00e9t\u00e9 fait que les visiteurs viennent de partout pour voir une exposition. Et quel que soit le th\u00e8me ou le photographe mis en lumi\u00e8re, il y aura toujours du monde. Quand on vit dans cette ville, l\u2019exposition programm\u00e9e dans ce lieu, on veut tous l\u2019avoir fait. C\u2019est formidable d\u2019avoir un lieu comme celui-l\u00e0\u00a0\u00bb, s\u2019enthousiasme\u00a0Boris Bellanger, adjoint au maire de Montpellier en charge du patrimoine historique.<\/p>\n<p>Et parce que ce lieu est un site embl\u00e9matique de la culture montpelli\u00e9raine, la mairie a d\u00e9cid\u00e9 de mettre \u00e0 profit\u00a0la p\u00e9riode de fermeture induite par les chantiers\u00a0aux abords du Pavillon Populaire dans le cadre du\u00a0programme de travaux en c\u0153ur de ville pour r\u00e9aliser une op\u00e9ration\u00a0de r\u00e9novation du b\u00e2timent, dont le\u00a0co\u00fbt s\u2019est \u00e9lev\u00e9\u00a0\u00e0\u00a01,3\u00a0million d\u2019euros.<\/p>\n<p class=\"std-elt__inline\">\n        <strong>\u00c0 lire aussi :<\/strong><br \/>\n        <a href=\"https:\/\/www.midilibre.fr\/2025\/02\/13\/pourquoi-le-pavillon-populaire-situe-sur-lesplanade-va-fermer-ses-portes-jusquen-decembre-a-montpellier-12509836.php\" target=\"_blank\" rel=\"noopener\">Pourquoi le Pavillon populaire situ\u00e9 sur l\u2019Esplanade va fermer ses portes jusqu\u2019en d\u00e9cembre \u00e0 Montpellier\u00a0?<\/a>\n    <\/p>\n<p>Ce qui a chang\u00e9 \u00e0 l\u2019ext\u00e9rieur du pavillon<\/p>\n<p>Obligation l\u00e9gale faisant force de loi, le Pavillon Populaire, comme tous les \u00e9tablissements recevant du public, se devait d\u2019\u00eatre accessible aux\u00a0personnes en situation de handicap physique. Avec les travaux entrepris, c\u2019est d\u00e9sormais chose faire tant au niveau du Pavillon Populaire que de ses abords, notamment son perron.<\/p>\n<p>\u00ab\u00a0Ce perron a \u00e9t\u00e9 enti\u00e8rement reconstruit pour garantir \u00e0 tous une qualit\u00e9 d\u2019accueil et un acc\u00e8s aux personnes en situation de handicap. Une bande de guidage a \u00e9galement \u00e9t\u00e9 install\u00e9e dans la continuit\u00e9 de l\u2019espace public pour permettre un cheminement continu vers l\u2019accueil du pavillon\u00a0\u00bb, d\u00e9taille l\u2019adjoint au maire.<\/p>\n<p>Le r\u00e9am\u00e9nagement de ce perron a permis \u00e9galement de redonner au b\u00e2timent un socle couronn\u00e9 d\u2019une balustrade taill\u00e9e en pierre et patin\u00e9e, restituant ainsi la disposition d\u2019origine imagin\u00e9e par son architecte L\u00e9opold Carlier \u00e0 la fin du XIXe\u00a0si\u00e8cle. La mise en valeur des fa\u00e7ades par le biais d\u2019un \u00e9clairage ext\u00e9rieur est venue compl\u00e9ter ce programme de r\u00e9novation.<\/p>\n<p>Ce qui a chang\u00e9 \u00e0 l\u2019int\u00e9rieur du b\u00e2timent<\/p>\n<p>\u00c0 l\u2019int\u00e9rieur du pavillon, escaliers, sanitaires et ascenseur ont \u00e9t\u00e9 r\u00e9am\u00e9nag\u00e9s et des \u00e9quipements install\u00e9s pour am\u00e9liorer l\u2019accueil des personnes d\u00e9ficientes auditives et visuelles. Toujours \u00e0 l\u2019int\u00e9rieur, le\u00a0pavillon a \u00e9t\u00e9 au raccordement\u00a0du r\u00e9seau m\u00e9tropolitain de froid qui dessert d\u00e9j\u00e0 le mus\u00e9e Fabre.<\/p>\n<p>\u00ab\u00a0Si parmi tous ces travaux, il y en avait un de v\u00e9ritablement indispensable, outre l\u2019acc\u00e8s PMR, c\u2019est bien ce raccordement au r\u00e9seau de froid car, gr\u00e2ce \u00e0 cela, l\u2019hygrom\u00e9trie du b\u00e2timent est\u00a0am\u00e9lior\u00e9e et les conditions de pr\u00e9servation des \u0153uvres\u00a0bien meilleures d\u00e9sormais\u00a0\u00bb, conclut Boris Bellanger.<\/p>\n<p>Dernier motif de satisfaction pour l\u2019\u00e9lu\u00a0: une fin de chantier men\u00e9e tambour battant, mais en temps et en heure malgr\u00e9 la concomitance des travaux avec ceux de l\u2019esplanade. \u00ab\u00a0Les \u00e9quipes des deux ma\u00eetrises d\u2019\u0153uvre ont \u00e9t\u00e9 exceptionnelles pour trouver comment intercaler leurs travaux sans prendre pour autant de retard sur leurs chantiers respectifs\u00a0\u00bb, salue\u00a0Boris Bellanger.<\/p>\n<p class=\"std-elt__inline\">\n        <strong>\u00c0 lire aussi :<\/strong><br \/>\n        <a href=\"https:\/\/www.midilibre.fr\/2025\/07\/24\/une-directrice-pour-le-pavillon-populaire-de-montpellier-la-specialiste-de-la-photographe-luce-lebart-prend-la-releve-de-gilles-mora-12841750.php\" target=\"_blank\" rel=\"noopener\">Une directrice pour le Pavillon Populaire \u00e0 Montpellier\u00a0: la sp\u00e9cialiste de la photographe Luce Lebart prend la rel\u00e8ve de Gilles Mora<\/a>\n    <\/p>\n","protected":false},"excerpt":{"rendered":"La r\u00e9novation du Pavillon Populaire est bel et bien termin\u00e9e. Pour sa r\u00e9ouverture, le 2\u00a0d\u00e9cembre, le site culturel&hellip;\n","protected":false},"author":2,"featured_media":573581,"comment_status":"","ping_status":"","sticky":false,"template":"","format":"standard","meta":{"footnotes":""},"categories":[9599],"tags":[1111,11,872,1777,674,1011,27,7089,2208,12,2680,25],"class_list":{"0":"post-573580","1":"post","2":"type-post","3":"status-publish","4":"format-standard","5":"has-post-thumbnail","7":"category-montpellier","8":"tag-actu","9":"tag-actualites","10":"tag-culture-et-loisirs","11":"tag-eu","12":"tag-europe","13":"tag-fr","14":"tag-france","15":"tag-herault","16":"tag-montpellier","17":"tag-news","18":"tag-occitanie","19":"tag-republique-francaise"},"share_on_mastodon":{"url":"https:\/\/pubeurope.com\/@fr\/115651133252440046","error":""},"_links":{"self":[{"href":"https:\/\/www.europesays.com\/fr\/wp-json\/wp\/v2\/posts\/573580","targetHints":{"allow":["GET"]}}],"collection":[{"href":"https:\/\/www.europesays.com\/fr\/wp-json\/wp\/v2\/posts"}],"about":[{"href":"https:\/\/www.europesays.com\/fr\/wp-json\/wp\/v2\/types\/post"}],"author":[{"embeddable":true,"href":"https:\/\/www.europesays.com\/fr\/wp-json\/wp\/v2\/users\/2"}],"replies":[{"embeddable":true,"href":"https:\/\/www.europesays.com\/fr\/wp-json\/wp\/v2\/comments?post=573580"}],"version-history":[{"count":0,"href":"https:\/\/www.europesays.com\/fr\/wp-json\/wp\/v2\/posts\/573580\/revisions"}],"wp:featuredmedia":[{"embeddable":true,"href":"https:\/\/www.europesays.com\/fr\/wp-json\/wp\/v2\/media\/573581"}],"wp:attachment":[{"href":"https:\/\/www.europesays.com\/fr\/wp-json\/wp\/v2\/media?parent=573580"}],"wp:term":[{"taxonomy":"category","embeddable":true,"href":"https:\/\/www.europesays.com\/fr\/wp-json\/wp\/v2\/categories?post=573580"},{"taxonomy":"post_tag","embeddable":true,"href":"https:\/\/www.europesays.com\/fr\/wp-json\/wp\/v2\/tags?post=573580"}],"curies":[{"name":"wp","href":"https:\/\/api.w.org\/{rel}","templated":true}]}}