{"id":573582,"date":"2025-12-02T17:23:11","date_gmt":"2025-12-02T17:23:11","guid":{"rendered":"https:\/\/www.europesays.com\/fr\/573582\/"},"modified":"2025-12-02T17:23:11","modified_gmt":"2025-12-02T17:23:11","slug":"a-rouen-un-marche-100-feminin-et-solidaire-pour-valoriser-ces-femmes-qui-vivent-de-leur-artisanat","status":"publish","type":"post","link":"https:\/\/www.europesays.com\/fr\/573582\/","title":{"rendered":"\u00c0 Rouen, un march\u00e9 100% f\u00e9minin et solidaire pour \u00ab valoriser ces femmes qui vivent de leur artisanat \u00bb"},"content":{"rendered":"<p>                    Par<br \/>\n        <strong><br \/>\n            <a href=\"https:\/\/actu.fr\/auteur\/jessie-leclerc\" title=\"Consulter tous les articles de Jessie Leclerc\" target=\"_blank\" rel=\"noopener\">Jessie Leclerc<\/a><br \/>\n                    <\/strong><\/p>\n<p>        Publi\u00e9 le<\/p>\n<p>            2 d\u00e9c. 2025 \u00e0 18h16        <\/p>\n<p>Les 6 et 7\u00a0d\u00e9cembre 2025, la Halle aux Toiles <a href=\"https:\/\/actu.fr\/normandie\/rouen_76540\" target=\"_blank\" rel=\"noopener\">de Rouen (Seine-Maritime)<\/a> accueillera la 15e \u00e9dition du <a href=\"https:\/\/actu.fr\/normandie\/rouen_76540\/les-femmes-a-l-honneur-quarante-artisanes-vendent-pour-la-bonne-cause-ce-week-end-a-rouen_61897717.html\" target=\"_blank\" rel=\"noopener\">Salon Talents de Femmes<\/a>, un march\u00e9 artisanal pas comme les autres. Organis\u00e9 par l\u2019association Soroptimist, il est l\u2019occasion de d\u00e9nicher des id\u00e9es <strong>cadeaux pour No\u00ebl<\/strong>, aupr\u00e8s d\u2019une quarantaine d\u2019artisanes Normandes tout en finan\u00e7ant des projets \u00e9ducatifs, sportifs et culturels.<\/p>\n<p>43 exposantes<\/p>\n<p class=\" wall-content\">Le Salon r\u00e9unira <strong>43 artisanes de Rouen et sa r\u00e9gion<\/strong>, <a href=\"https:\/\/actu.fr\/normandie\/rouen_76540\/un-jour-une-idee-cadeau-a-rouen-un-accessoire-artisanal-de-creatrices-locales_61911881.html\" target=\"_blank\" rel=\"noopener\">toutes cr\u00e9atrices<\/a> et non revendeuses. Un point essentiel pour les organisateurs\u2009: \u00ab\u2009Nous souhaitons valoriser ces femmes qui vivent de leur artisanat\u2009\u00bb, rappelle Mari-Carmen Lanchon, pr\u00e9sidente de l\u2019antenne rouennaise de l\u2019association Soroptimist.<\/p>\n<p>Mais au fait, c&rsquo;est quoi Soroptimist ?<\/p>\n<p>Soroptimist est une organisation non gouvernementale (ONG) internationale, pr\u00e9sente dans 120 pays, qui soutient les femmes dans leur vie professionnelle et sociale. Elle promeut \u00ab\u00a0les droits humains pour tous, le statut et la condition de la femme\u00a0\u00bb ou encore, l\u2019\u00e9ducation et l\u2019\u00e9galit\u00e9.<\/p>\n<p class=\" wall-content\">Et l\u2019\u00e9ventail est large\u2009:<\/p>\n<ul class=\" wall-content\">\n<li>Des <strong>v\u00eatements et accessoires<\/strong>\u2009: bijoux, chapeaux, sacs, cr\u00e9ations textiles<\/li>\n<li>Des <strong>produits de soin<\/strong><\/li>\n<li>Des<strong> savoir-faire<\/strong>\u2009: cartonnage, travail du papier, vitraux, vannerie<\/li>\n<li>Des <strong>d\u00e9corations<\/strong><\/li>\n<li>Des boules de <strong>No\u00ebl<\/strong><\/li>\n<li>De l\u2019<strong>alimentaire<\/strong>\u2009: farines bio, chocolats\u2026<\/li>\n<\/ul>\n<p class=\" wall-content\">Mais aussi des propositions insolites, comme le safran normand ou la peinture sur soie. Et des nouveaut\u00e9s\u2009: la c\u00e9ramique, la broderie cr\u00e9ative ou les objets et peluches en crochet.<\/p>\n<p>Vid\u00e9os : en ce moment sur Actu<\/p>\n<p class=\" wall-content\">Un espace salon de th\u00e9 proposera <strong>de quoi se restaurer<\/strong>. \u00ab\u2009Ce sont les footballeuses de l\u2019US Grammont qui feront les g\u00e2teaux et participeront au service. Elles deviennent actrices de l\u2019\u00e9v\u00e9nement\u2009\u00bb, souligne Mari-Carmen Lanchon.<\/p>\n<p class=\" wall-content\">Un geste symbolique, mais fort, car ce sont justement \u00e0 ces joueuses que le Salon va profiter.<\/p>\n<p>Votre r\u00e9gion, votre actu !<\/p>\n<p>Recevez chaque jour les infos qui comptent pour vous.<\/p>\n<p>\t<a href=\"https:\/\/actu.fr\/newsletter\" class=\"ac-btn ac-btn--corner ac-btn--medium ac-btn--blue800\" target=\"_blank\" rel=\"noopener\">S&rsquo;incrire<\/a><br \/>\nUn Salon solidaire<\/p>\n<p class=\" wall-content\">L\u2019\u00e9v\u00e9nement ne se contente pas d\u2019\u00eatre solidaire \u00e0 un \u00e9gard, il l\u2019est triplement.<\/p>\n<p class=\" wall-content\">L\u2019objectif premier reste la <strong>mise en valeur du travail des artisanes locales<\/strong>. \u00ab\u2009Ce Salon, c\u2019est la reconnaissance de leur talent\u2009\u00bb, pr\u00e9cise la pr\u00e9sidente. Mais chaque ann\u00e9e, l\u2019\u00e9v\u00e9nement finance aussi <strong>des projets pour les jeunes sportives du quartier Grammont<\/strong>.<\/p>\n<p class=\" wall-content\">Les b\u00e9n\u00e9fices g\u00e9n\u00e9r\u00e9s par la location des emplacements et par la buvette ont d\u00e9j\u00e0 permis d\u2019organiser un voyage au centre d\u2019entra\u00eenement de l\u2019\u00e9quipe de France de football \u00e0 Clairefontaine et \u00e0 la F\u00e9d\u00e9ration.<\/p>\n<p class=\" wall-content\">Avec cette 15e \u00e9dition, ils contribueront \u00e0 la <strong>cr\u00e9ation d\u2019une exposition <\/strong>sur <a href=\"https:\/\/actu.fr\/normandie\/rouen_76540\/pourquoi-la-sabliere-est-devenue-le-quartier-grammont-a-rouen_62313967.html\" target=\"_blank\" rel=\"noopener\">l\u2019histoire du quartier Grammont<\/a>. En plus de l\u2019US Grammont, le coll\u00e8ge Camille Claudel et le FCR mettront la main \u00e0 la p\u00e2te.<\/p>\n<p class=\" wall-content\">\u00ab\u2009Au XVIIe, la rive gauche a \u00e9t\u00e9 la ville la plus connue d\u2019Europe pour la porcelaine, puis au XIXe, un centre important pour le textile. Sur 10 usines, 7 \u00e9taient tenues par des femmes\u2009\u00bb, pr\u00e9cise Mari-Carmen.<\/p>\n<p class=\" wall-content\">En rappelant ce glorieux pass\u00e9, la pr\u00e9sidente esp\u00e8re <strong>renforcer la confiance<\/strong> des jeunes filles, les aider \u00e0 se projeter vers l\u2019avenir et se sentir <a href=\"https:\/\/actu.fr\/normandie\/rouen_76540\/portrait-shaima-chebana-23-ans-du-quartier-grammont-a-rouen-au-real-madrid_49661335.html\" target=\"_blank\" rel=\"noopener\">fi\u00e8res d\u2019o\u00f9 elles viennent<\/a>. \u00ab\u2009Il ne faut plus qu\u2019elles aient honte de leur quartier, et qu\u2019elles tra\u00eenent cela comme une casserole, insiste Mari-Carmen. Il faut qu\u2019elles se disent qu\u2019elles ont une chance d\u2019avancer, car d\u2019autres l\u2019ont fait avant elles.\u2009\u00bb<\/p>\n<p class=\" wall-content\">L\u2019exposition sera inaugur\u00e9e courant janvier ou f\u00e9vrier\u00a02026, elle durera cinq mois.<\/p>\n<p class=\" wall-content\">Enfin, le Club Soroptimist vendra des livres et jouets d\u2019occasion pour <strong>le\u00a0T\u00e9l\u00e9thon<\/strong>. Et un stand sera mis \u00e0 la disposition de <strong>la Fondation Charles Nicolle<\/strong> pour la vente d\u2019\u0153uvres d\u2019artistes, au profit de ses actions.<\/p>\n<p><strong>Infos pratiques\u2009:<\/strong><br \/>Halle aux Toiles, 19 Pl. de la Basse Vieille Tour, 76000 Rouen.<br \/>Horaires\u2009: samedi 6 d\u00e9cembre de 11 heures (inauguration en pr\u00e9sence de Nicolas Mayer-Rossignol) \u00e0 19 heures et dimanche 7 d\u00e9cembre de 10 heures \u00e0 18 heures.<br \/>Entr\u00e9e libre.<\/p>\n<p>Suivez l\u2019actualit\u00e9 de Rouen <a href=\"https:\/\/www.whatsapp.com\/channel\/0029VaKfnf99hXF2ddApFB1D\" target=\"_blank\" rel=\"noopener\">sur notre cha\u00eene WhatsApp<\/a> et <a href=\"https:\/\/www.tiktok.com\/@76actu.fr?lang=fr\" target=\"_blank\" rel=\"noopener\">sur notre compte TikTok<\/a><\/p>\n<p class=\" wall-content\">Personnalisez votre actualit\u00e9 en ajoutant vos villes et m\u00e9dias en favori avec <a href=\"https:\/\/moncompte.actu.fr\" title=\"D\u00e9couvez Mon Actu\" rel=\"nofollow noopener\" data-trk=\"{&quot;cta&quot;:{&quot;action&quot;:&quot;https:\\\/\\\/moncompte.actu.fr&quot;,&quot;category&quot;:&quot;mon compte&quot;,&quot;from&quot;:&quot;article footer&quot;,&quot;name&quot;:&quot;Mon actu&quot;,&quot;type&quot;:&quot;cta&quot;}}\" target=\"_blank\">Mon Actu<\/a>.<\/p>\n<p>                    <script async src=\"\/\/www.tiktok.com\/embed.js\"><\/script><\/p>\n","protected":false},"excerpt":{"rendered":"Par Jessie Leclerc Publi\u00e9 le 2 d\u00e9c. 2025 \u00e0 18h16 Les 6 et 7\u00a0d\u00e9cembre 2025, la Halle aux&hellip;\n","protected":false},"author":2,"featured_media":573583,"comment_status":"","ping_status":"","sticky":false,"template":"","format":"standard","meta":{"footnotes":""},"categories":[9587],"tags":[1111,11,9086,1777,674,6757,1011,27,1652,12,5161,25,9590,3400],"class_list":{"0":"post-573582","1":"post","2":"type-post","3":"status-publish","4":"format-standard","5":"has-post-thumbnail","7":"category-rouen","8":"tag-actu","9":"tag-actualites","10":"tag-bon-plan-a-rouen","11":"tag-eu","12":"tag-europe","13":"tag-feminisme","14":"tag-fr","15":"tag-france","16":"tag-loisirs-culture","17":"tag-news","18":"tag-normandie","19":"tag-republique-francaise","20":"tag-rouen","21":"tag-solidarite"},"share_on_mastodon":{"url":"https:\/\/pubeurope.com\/@fr\/115651137049560540","error":""},"_links":{"self":[{"href":"https:\/\/www.europesays.com\/fr\/wp-json\/wp\/v2\/posts\/573582","targetHints":{"allow":["GET"]}}],"collection":[{"href":"https:\/\/www.europesays.com\/fr\/wp-json\/wp\/v2\/posts"}],"about":[{"href":"https:\/\/www.europesays.com\/fr\/wp-json\/wp\/v2\/types\/post"}],"author":[{"embeddable":true,"href":"https:\/\/www.europesays.com\/fr\/wp-json\/wp\/v2\/users\/2"}],"replies":[{"embeddable":true,"href":"https:\/\/www.europesays.com\/fr\/wp-json\/wp\/v2\/comments?post=573582"}],"version-history":[{"count":0,"href":"https:\/\/www.europesays.com\/fr\/wp-json\/wp\/v2\/posts\/573582\/revisions"}],"wp:featuredmedia":[{"embeddable":true,"href":"https:\/\/www.europesays.com\/fr\/wp-json\/wp\/v2\/media\/573583"}],"wp:attachment":[{"href":"https:\/\/www.europesays.com\/fr\/wp-json\/wp\/v2\/media?parent=573582"}],"wp:term":[{"taxonomy":"category","embeddable":true,"href":"https:\/\/www.europesays.com\/fr\/wp-json\/wp\/v2\/categories?post=573582"},{"taxonomy":"post_tag","embeddable":true,"href":"https:\/\/www.europesays.com\/fr\/wp-json\/wp\/v2\/tags?post=573582"}],"curies":[{"name":"wp","href":"https:\/\/api.w.org\/{rel}","templated":true}]}}