{"id":573590,"date":"2025-12-02T17:27:13","date_gmt":"2025-12-02T17:27:13","guid":{"rendered":"https:\/\/www.europesays.com\/fr\/573590\/"},"modified":"2025-12-02T17:27:13","modified_gmt":"2025-12-02T17:27:13","slug":"le-passe-me-rattrape-toujours-apres-son-evasion-du-planetarium-de-rennes-il-est-condamne-dans-une-autre-affaire-hors-normes","status":"publish","type":"post","link":"https:\/\/www.europesays.com\/fr\/573590\/","title":{"rendered":"\u00ab\u00a0Le pass\u00e9 me rattrape toujours\u00a0\u00bb\u00a0: apr\u00e8s son \u00e9vasion du plan\u00e9tarium de Rennes, il est condamn\u00e9 dans une autre affaire hors normes"},"content":{"rendered":"<p>\u00c9mile Siegler, round 2. La veille, lundi 1er d\u00e9cembre, l\u2019homme de 37 ans \u00e9tait <a href=\"https:\/\/www.letelegramme.fr\/bretagne\/avant-sa-cavale-levade-du-planetarium-de-rennes-a-ete-vise-par-une-tentative-de-meurtre-en-prison-affirme-son-avocat-6938962.php\" target=\"_blank\" rel=\"noopener\">jug\u00e9 en comparution imm\u00e9diate pour son \u00e9vasion du plan\u00e9tarium des Champs Libres<\/a>. L\u2019affaire a finalement \u00e9t\u00e9 renvoy\u00e9e \u00e0 fin janvier. Mais d\u00e8s le lendemain, ce mardi 2 d\u00e9cembre au matin, celui qui est surnomm\u00e9 Gino a de nouveau rendez-vous avec un juge pour un autre dossier : les 15 incendies volontaires des magasins Po\u00eales et cie, en Ille-et-Vilaine et en Loire-Atlantique.<\/p>\n<p>Une affaire tentaculaire, impliquant une quinzaine de personnes. Des petites mains, pour la plupart d\u2019entre elles condamn\u00e9es le 4 novembre apr\u00e8s avoir reconnu leur culpabilit\u00e9. Le principal commanditaire sera quant \u00e0 lui jug\u00e9 plus tard aux assises. Ce mardi matin, Gino compara\u00eet donc seul. Les faits qui lui sont reproch\u00e9s : avoir jou\u00e9 le r\u00f4le d\u2019interm\u00e9diaire entre le commanditaire et les hommes de main. Le teint p\u00e2le, les traits tir\u00e9s et les yeux fatigu\u00e9s, il retrouve vite de l\u2019\u00e9nergie au moment de plaider son innocence. Qu\u2019il clame tout au long cette audience, en habitu\u00e9 des tribunaux.<\/p>\n<p>26 mentions au casier judiciaire, 15 ans de prison<\/p>\n<p>N\u00e9 le 23 juin 1988 \u00e0 Nantes, Emile Siegler a d\u00e9j\u00e0 pass\u00e9 pr\u00e8s de 15 ans derri\u00e8re les barreaux. La premi\u00e8re fois en 2003. Il avait 15 ans et r\u00e9pondait de faits de vol devant un tribunal pour enfant. Depuis, 26 autres mentions sont venues \u00e9mailler son parcours judiciaire. Les vols, le fil rouge du parcours de Gino, qui a aussi \u00e9t\u00e9 condamn\u00e9 pour des faits de recel, de menaces de mort, d\u2019association de malfaiteurs, d\u2019extorsion et de refus d\u2019obtemp\u00e9rer. Et puis il y a les \u00e9vasions, en 2009, 2015 et 2024, jusqu\u2019\u00e0 celle du 13 novembre 2025.<\/p>\n<p>\u00ab Un gars m\u2019a mis dix coups de couteau \u00bb<\/p>\n<p>Une <a href=\"https:\/\/www.letelegramme.fr\/ille-et-vilaine\/rennes-35000\/levade-du-planetarium-de-rennes-a-ete-interpelle-a-nantes-6936640.php\" target=\"_blank\" rel=\"noopener\">cavale de 13 jours<\/a> qui, dit-il, fait suite \u00e0 l\u2019agression dont il aurait \u00e9t\u00e9 victime en mai 2025, en d\u00e9tention au sein de la prison de Rennes-Vezin. \u00ab J\u2019\u00e9tais en promenade, un gars est venu derri\u00e8re moi et m\u2019a mis dix coups de couteau au cou, au c\u0153ur, au ventre et aux jambes. J\u2019ai demand\u00e9 mon transfert mais personne ne m\u2019a \u00e9cout\u00e9. C\u2019est pour \u00e7a que je me suis \u00e9vad\u00e9. \u00bb<\/p>\n<p>Issu de la communaut\u00e9 des gens du voyage de Nantes, Emile Siegler, en couple depuis 20 ans et p\u00e8re de deux enfants, a arr\u00eat\u00e9 l\u2019\u00e9cole en 3e. \u00ab J\u2019ai \u00e9t\u00e9 auto-entrepreneur, dans le rachat et la vente de m\u00e9taux, mais j\u2019ai \u00e9t\u00e9 incarc\u00e9r\u00e9 et \u00e7a s\u2019est arr\u00eat\u00e9. J\u2019ai suivi une formation en prison dans le b\u00e2timent et j\u2019ai ensuite mont\u00e9 mon entreprise de ma\u00e7onnerie. Aujourd\u2019hui, je n\u2019ai plus d\u2019avenir, je ne vois que la prison. J\u2019ai tout fait pour montrer que j\u2019ai chang\u00e9. En trois ans de d\u00e9tention, je n\u2019ai eu aucun rapport d\u2019incident. J\u2019ai vu des psychologues, mais le pass\u00e9 me rattrape toujours. \u00bb<\/p>\n<p>\u00ab Encore du temps \u00e0 faire en d\u00e9tention \u00bb<\/p>\n<p>Incarc\u00e9r\u00e9 depuis novembre 2022, il devait \u00eatre lib\u00e9r\u00e9 en 2028. Avec cette nouvelle \u00e9vasion, il sait qu\u2019il a \u00ab encore du temps \u00e0 faire en d\u00e9tention. Je sais qu\u2019il n\u2019y aura pas d\u2019am\u00e9nagement et que je vais prendre une peine assez cons\u00e9quente \u00bb.<\/p>\n<p>Mais, il l\u2019affirme : \u00ab Pour une fois dans ma vie, je suis innocent. Je n\u2019ai rien \u00e0 voir, de pr\u00e8s ou de loin \u00bb avec les incendies des magasins Po\u00eales et compagnie. La pr\u00e9sidente du tribunal lui parle des textos \u00e9chang\u00e9s avec le commanditaire. \u00ab Des messages cod\u00e9s \u00bb, estime la pr\u00e9sidente. \u00ab Faux\ufeff, r\u00e9pond-il. Je connais la prison sur le bout des doigts et si j\u2019avais voulu participer \u00e0 \u00e7a, je n\u2019aurais pas proc\u00e9d\u00e9 par textos. Je n\u2019avais aucun int\u00e9r\u00eat \u00e0 le faire \u00bb. Son lien avec le commanditaire ? \u00ab Je l\u2019ai juste aid\u00e9 \u00e0 obtenir un portable, des sacs de linge et des baskets. C\u2019est tout \u00bb.<\/p>\n<p>30 mois ferme<\/p>\n<p>Dans ce \u00ab dossier hors normes \u00bb, selon les mots de la substitute du procureur, \u00ab Monsieur Siegler n\u2019est pas le commanditaire, mais il est bien l\u2019interm\u00e9diaire \u00bb. \u00ab \u00c7a ne doit pas d\u00e9douaner monsieur Siegler de sa responsabilit\u00e9 dans ce dossier \u00bb car \u00ab il a fait partie des personnes d\u2019accord pour aider \u00e0 la vengeance contre Po\u00eales et cie \u00bb. Un interm\u00e9diaire \u00ab qui a r\u00e9ussi \u00e0 fournir un t\u00e9l\u00e9phone portable au commanditaire. Ce n\u2019est pas n\u2019importe quel d\u00e9tenu qui peut faire cela \u00bb. Elle demande 24 mois d\u2019emprisonnement contre Emile Siegler.<\/p>\n<p>Son avocat, lui, plaide la relaxe et insiste sur \u00ab la conduite exemplaire de son client en d\u00e9tention \u00bb jusqu\u2019\u00e0 son \u00e9vasion. Le tribunal va au-del\u00e0 des r\u00e9quisitions du parquet. Emile Siegler est condamn\u00e9 \u00e0 30 mois de prison ferme. Furieux, il quitte le box avec fracas. Mais sera de retour au tribunal correctionnel de Rennes le 22 janvier, pour r\u00e9pondre de son \u00e9vasion.<\/p>\n","protected":false},"excerpt":{"rendered":"\u00c9mile Siegler, round 2. La veille, lundi 1er d\u00e9cembre, l\u2019homme de 37 ans \u00e9tait jug\u00e9 en comparution imm\u00e9diate&hellip;\n","protected":false},"author":2,"featured_media":573591,"comment_status":"","ping_status":"","sticky":false,"template":"","format":"standard","meta":{"footnotes":""},"categories":[2821],"tags":[1111,11,829,1777,674,118,3383,1011,27,848,12,50972,584,25],"class_list":{"0":"post-573590","1":"post","2":"type-post","3":"status-publish","4":"format-standard","5":"has-post-thumbnail","7":"category-rennes","8":"tag-actu","9":"tag-actualites","10":"tag-bretagne","11":"tag-eu","12":"tag-europe","13":"tag-faits-divers","14":"tag-faits-divers-a-rennes","15":"tag-fr","16":"tag-france","17":"tag-ille-et-vilaine","18":"tag-news","19":"tag-newsletter-la-rennes-quotidienne","20":"tag-rennes","21":"tag-republique-francaise"},"share_on_mastodon":{"url":"https:\/\/pubeurope.com\/@fr\/115651152724392154","error":""},"_links":{"self":[{"href":"https:\/\/www.europesays.com\/fr\/wp-json\/wp\/v2\/posts\/573590","targetHints":{"allow":["GET"]}}],"collection":[{"href":"https:\/\/www.europesays.com\/fr\/wp-json\/wp\/v2\/posts"}],"about":[{"href":"https:\/\/www.europesays.com\/fr\/wp-json\/wp\/v2\/types\/post"}],"author":[{"embeddable":true,"href":"https:\/\/www.europesays.com\/fr\/wp-json\/wp\/v2\/users\/2"}],"replies":[{"embeddable":true,"href":"https:\/\/www.europesays.com\/fr\/wp-json\/wp\/v2\/comments?post=573590"}],"version-history":[{"count":0,"href":"https:\/\/www.europesays.com\/fr\/wp-json\/wp\/v2\/posts\/573590\/revisions"}],"wp:featuredmedia":[{"embeddable":true,"href":"https:\/\/www.europesays.com\/fr\/wp-json\/wp\/v2\/media\/573591"}],"wp:attachment":[{"href":"https:\/\/www.europesays.com\/fr\/wp-json\/wp\/v2\/media?parent=573590"}],"wp:term":[{"taxonomy":"category","embeddable":true,"href":"https:\/\/www.europesays.com\/fr\/wp-json\/wp\/v2\/categories?post=573590"},{"taxonomy":"post_tag","embeddable":true,"href":"https:\/\/www.europesays.com\/fr\/wp-json\/wp\/v2\/tags?post=573590"}],"curies":[{"name":"wp","href":"https:\/\/api.w.org\/{rel}","templated":true}]}}