{"id":573592,"date":"2025-12-02T17:28:11","date_gmt":"2025-12-02T17:28:11","guid":{"rendered":"https:\/\/www.europesays.com\/fr\/573592\/"},"modified":"2025-12-02T17:28:11","modified_gmt":"2025-12-02T17:28:11","slug":"on-a-vu-une-fumee-noire-intense-ce-restaurant-touche-par-un-incendie-a-rennes","status":"publish","type":"post","link":"https:\/\/www.europesays.com\/fr\/573592\/","title":{"rendered":"\u00ab\u00a0On a vu une fum\u00e9e noire intense\u00a0\u00bb\u00a0: ce restaurant touch\u00e9 par un incendie \u00e0 Rennes"},"content":{"rendered":"<p>Un incendie s\u2019est d\u00e9clar\u00e9 en milieu de journ\u00e9e, ce mardi 2 d\u00e9cembre 2025, au sein du restaurant Amour de Pizza, situ\u00e9 au 34 boulevard Oscar Leroux dans le quartier du Blosne, \u00e0 Rennes.<\/p>\n<p>D\u2019apr\u00e8s <a href=\"https:\/\/www.ouest-france.fr\/societe\/faits-divers\/jai-senti-une-odeur-forte-a-peine-ouverte-cette-pizzeria-bretonne-est-touchee-par-un-incendie-1df7c854-cf8e-11f0-8aae-c226ab82a7d1\" target=\"_blank\" rel=\"noopener\">Ouest-France<\/a>, le feu a pris alors que le commerce \u00e9tait ferm\u00e9 et que seul un employ\u00e9 se trouvait en arri\u00e8re-boutique. Ce dernier s\u2019en est heureusement sorti indemne.<\/p>\n<p>Plusieurs pompiers sont rapidement intervenus sur place pour ma\u00eetriser l\u2019incendie. \u00ab On a vu une fum\u00e9e noire intense se d\u00e9gager du restaurant \u00bb, confie une commer\u00e7ante voisine. \u00ab Tout a pris feu \u00e0 l\u2019int\u00e9rieur, notamment la moquette \u00bb. En raison des importants d\u00e9g\u00e2ts mat\u00e9riels, l\u2019\u00e9tablissement a ferm\u00e9 ses portes ce soir. Les commerces environnants n\u2019ont pas \u00e9t\u00e9 impact\u00e9s.<\/p>\n","protected":false},"excerpt":{"rendered":"Un incendie s\u2019est d\u00e9clar\u00e9 en milieu de journ\u00e9e, ce mardi 2 d\u00e9cembre 2025, au sein du restaurant Amour&hellip;\n","protected":false},"author":2,"featured_media":573593,"comment_status":"","ping_status":"","sticky":false,"template":"","format":"standard","meta":{"footnotes":""},"categories":[2821],"tags":[1111,11,829,1777,674,3383,1011,27,848,12,584,25],"class_list":{"0":"post-573592","1":"post","2":"type-post","3":"status-publish","4":"format-standard","5":"has-post-thumbnail","7":"category-rennes","8":"tag-actu","9":"tag-actualites","10":"tag-bretagne","11":"tag-eu","12":"tag-europe","13":"tag-faits-divers-a-rennes","14":"tag-fr","15":"tag-france","16":"tag-ille-et-vilaine","17":"tag-news","18":"tag-rennes","19":"tag-republique-francaise"},"share_on_mastodon":{"url":"https:\/\/pubeurope.com\/@fr\/115651156790380897","error":""},"_links":{"self":[{"href":"https:\/\/www.europesays.com\/fr\/wp-json\/wp\/v2\/posts\/573592","targetHints":{"allow":["GET"]}}],"collection":[{"href":"https:\/\/www.europesays.com\/fr\/wp-json\/wp\/v2\/posts"}],"about":[{"href":"https:\/\/www.europesays.com\/fr\/wp-json\/wp\/v2\/types\/post"}],"author":[{"embeddable":true,"href":"https:\/\/www.europesays.com\/fr\/wp-json\/wp\/v2\/users\/2"}],"replies":[{"embeddable":true,"href":"https:\/\/www.europesays.com\/fr\/wp-json\/wp\/v2\/comments?post=573592"}],"version-history":[{"count":0,"href":"https:\/\/www.europesays.com\/fr\/wp-json\/wp\/v2\/posts\/573592\/revisions"}],"wp:featuredmedia":[{"embeddable":true,"href":"https:\/\/www.europesays.com\/fr\/wp-json\/wp\/v2\/media\/573593"}],"wp:attachment":[{"href":"https:\/\/www.europesays.com\/fr\/wp-json\/wp\/v2\/media?parent=573592"}],"wp:term":[{"taxonomy":"category","embeddable":true,"href":"https:\/\/www.europesays.com\/fr\/wp-json\/wp\/v2\/categories?post=573592"},{"taxonomy":"post_tag","embeddable":true,"href":"https:\/\/www.europesays.com\/fr\/wp-json\/wp\/v2\/tags?post=573592"}],"curies":[{"name":"wp","href":"https:\/\/api.w.org\/{rel}","templated":true}]}}