{"id":573594,"date":"2025-12-02T17:29:18","date_gmt":"2025-12-02T17:29:18","guid":{"rendered":"https:\/\/www.europesays.com\/fr\/573594\/"},"modified":"2025-12-02T17:29:18","modified_gmt":"2025-12-02T17:29:18","slug":"strasbourg-concert-aime-simone","status":"publish","type":"post","link":"https:\/\/www.europesays.com\/fr\/573594\/","title":{"rendered":"STRASBOURG > CONCERT > AIME SIMONE"},"content":{"rendered":"<p class=\"has-medium-font-size\">Aim\u00e9 Simone a illumin\u00e9 la grande sc\u00e8ne du Point d\u2019Eau \u00e0 Strasbourg, le vendredi 14 novembre 2025. Hypnotique, intense et d\u00e9bordant d\u2019\u00e9nergie, son concert a conquis les fans venus nombreux. Sur cette tourn\u00e9e d\u00e9j\u00e0 bien lanc\u00e9e, le public \u00e9tait impatient de d\u00e9couvrir en live les morceaux de son dernier album REV.<\/p>\n<p><strong>BAUM\u00c9 : UNE ENTR\u00c9E EN SC\u00c8NE MARQUANTE<\/strong><\/p>\n<p><img loading=\"lazy\" decoding=\"async\" width=\"1024\" height=\"671\" data-wp-class--hide=\"state.isContentHidden\" data-wp-class--show=\"state.isContentVisible\" data-wp-init=\"callbacks.setButtonStyles\" data-wp-on-async--click=\"actions.showLightbox\" data-wp-on-async--load=\"callbacks.setButtonStyles\" data-wp-on-async-window--resize=\"callbacks.setButtonStyles\" src=\"https:\/\/www.europesays.com\/fr\/wp-content\/uploads\/2025\/12\/image0-1-1024x671.jpeg\" alt=\"\" class=\"wp-image-1527839\"\/><\/p>\n<p>\t\t<strong>\u00a9<\/strong>Infolux, photo par L\u00e9a MICHEL<\/p>\n<p class=\"has-medium-font-size\">Baum\u00e9 a ouvert la soir\u00e9e au Point d\u2019Eau de Strasbourg, entra\u00eenant le public dans son univers d\u00e8s les premi\u00e8res notes. Pendant une vingtaine de minutes, il a su captiver l\u2019audience gr\u00e2ce \u00e0 ses titres phares et \u00e0 son \u00e9nergie communicative. Les lumi\u00e8res d\u2019ambiance ont sublim\u00e9 sa performance, et ses paroles anglophones ont s\u00e9duit les spectateurs strasbourgeois, qui n\u2019ont pas manqu\u00e9 de vibrer avec lui.  <\/p>\n<p><strong>ET LES LUMI\u00c8RES S\u2019\u00c9TEIGNENT\u2026<\/strong><\/p>\n<p><img loading=\"lazy\" decoding=\"async\" width=\"626\" height=\"1024\" data-wp-class--hide=\"state.isContentHidden\" data-wp-class--show=\"state.isContentVisible\" data-wp-init=\"callbacks.setButtonStyles\" data-wp-on-async--click=\"actions.showLightbox\" data-wp-on-async--load=\"callbacks.setButtonStyles\" data-wp-on-async-window--resize=\"callbacks.setButtonStyles\" src=\"https:\/\/www.europesays.com\/fr\/wp-content\/uploads\/2025\/12\/image2-1-626x1024.jpeg\" alt=\"\" class=\"wp-image-1527844\"\/><\/p>\n<p>\t\t<strong>\u00a9<\/strong>Infolux, photo par L\u00e9a MICHEL<\/p>\n<p class=\"has-medium-font-size\">Une fois les lumi\u00e8res de la salle \u00e9teintes, le concert d\u00e9bute par un \u00e9cran g\u00e9ant au centre de la sc\u00e9nographie. Un court extrait vid\u00e9o y d\u00e9voile l\u2019univers envo\u00fbtant et hypnotique d\u2019Aim\u00e9 Simone, inspir\u00e9 de son dernier album. Apr\u00e8s cette introduction, l\u2019artiste fait son entr\u00e9e sur sc\u00e8ne, son micro orn\u00e9 de d\u00e9corations argent\u00e9es, tout droit sorti de son monde singulier. Lumi\u00e8res rouges et blanches, plateformes sur\u00e9lev\u00e9es, miroirs refl\u00e9tant le logo de l\u2019album REV, et fum\u00e9e immersive : chaque d\u00e9tail de la sc\u00e9nographie plonge le public dans son univers. <\/p>\n<p><strong>UNE PROXIMIT\u00c9 CHALEUREUSE AVEC SON PUBLIC<\/strong><\/p>\n<p><img loading=\"lazy\" decoding=\"async\" width=\"735\" height=\"1024\" data-wp-class--hide=\"state.isContentHidden\" data-wp-class--show=\"state.isContentVisible\" data-wp-init=\"callbacks.setButtonStyles\" data-wp-on-async--click=\"actions.showLightbox\" data-wp-on-async--load=\"callbacks.setButtonStyles\" data-wp-on-async-window--resize=\"callbacks.setButtonStyles\" src=\"https:\/\/www.europesays.com\/fr\/wp-content\/uploads\/2025\/12\/image3-735x1024.jpeg\" alt=\"\" class=\"wp-image-1527846\"\/><\/p>\n<p>\t\t<strong>\u00a9<\/strong>Infolux, photo par L\u00e9a MICHEL <\/p>\n<p class=\"has-medium-font-size\">Entre quelques morceaux, Aim\u00e9 Simone prend la parole pour \u00e9changer avec le public. \u00c0 ces instants, il est seulement \u00e9clair\u00e9 par une lumi\u00e8re blanche qui frappe son dos et lui cr\u00e9e un halo presque divin : cela instaure une atmosph\u00e8re intimiste avec son public. Sur les morceaux rythm\u00e9s, il invite m\u00eame la foule \u00e0 danser, chanter et se laisser emporter par ses musiques. Malgr\u00e9 une grippe annonc\u00e9e en d\u00e9but de concert, son \u00e9nergie communicative contamine la foule.<\/p>\n<p><strong>UN CONCERT M\u00c9MORABLE <\/strong><\/p>\n<p><img loading=\"lazy\" decoding=\"async\" width=\"706\" height=\"1024\" data-wp-class--hide=\"state.isContentHidden\" data-wp-class--show=\"state.isContentVisible\" data-wp-init=\"callbacks.setButtonStyles\" data-wp-on-async--click=\"actions.showLightbox\" data-wp-on-async--load=\"callbacks.setButtonStyles\" data-wp-on-async-window--resize=\"callbacks.setButtonStyles\" src=\"https:\/\/www.europesays.com\/fr\/wp-content\/uploads\/2025\/12\/image0-2-706x1024.jpeg\" alt=\"\" class=\"wp-image-1527861\"\/><\/p>\n<p>\t\t<strong>\u00a9<\/strong>Infolux, photo par L\u00e9a MICHEL<\/p>\n<p class=\"has-medium-font-size\">Le public quitte le Point d\u2019Eau avec des \u00e9toiles plein les yeux, emportant avec lui des souvenirs m\u00e9morables du show d\u2019Aim\u00e9 Simone. Entre son style singulier, ses morceaux embl\u00e9matiques et les titres de son dernier album d\u00e9ploy\u00e9s sur sc\u00e8ne, le concert a offert une exp\u00e9rience hors du temps, qui a fait voyager le public au c\u0153ur de son univers musical. <\/p>\n<p class=\"has-medium-font-size\">Photographe : <a href=\"https:\/\/www.instagram.com\/ael.photographe\/\" target=\"_blank\" rel=\"noopener\">L\u00e9a MICHEL<\/a> <\/p>\n<p class=\"has-medium-font-size\">Journaliste : <a href=\"https:\/\/www.instagram.com\/ael.photographe\/\" target=\"_blank\" rel=\"noopener\">L\u00e9a MICHEL<\/a> <\/p>\n<p><strong>Derniers articles : <\/strong><\/p>\n<p>\t\t\t<script async src=\"\/\/www.instagram.com\/embed.js\"><\/script><\/p>\n","protected":false},"excerpt":{"rendered":"Aim\u00e9 Simone a illumin\u00e9 la grande sc\u00e8ne du Point d\u2019Eau \u00e0 Strasbourg, le vendredi 14 novembre 2025. Hypnotique,&hellip;\n","protected":false},"author":2,"featured_media":573595,"comment_status":"","ping_status":"","sticky":false,"template":"","format":"standard","meta":{"footnotes":""},"categories":[2820],"tags":[1111,11,68798,68799,1697,1777,674,1011,27,775,873,12,2189,50789,2687,25,640],"class_list":{"0":"post-573594","1":"post","2":"type-post","3":"status-publish","4":"format-standard","5":"has-post-thumbnail","7":"category-strasbourg","8":"tag-actu","9":"tag-actualites","10":"tag-aime-simone","11":"tag-baume","12":"tag-concert","13":"tag-eu","14":"tag-europe","15":"tag-fr","16":"tag-france","17":"tag-grand-est","18":"tag-musique","19":"tag-news","20":"tag-photos","21":"tag-point-deau","22":"tag-reportage","23":"tag-republique-francaise","24":"tag-strasbourg"},"share_on_mastodon":{"url":"https:\/\/pubeurope.com\/@fr\/115651162202970839","error":""},"_links":{"self":[{"href":"https:\/\/www.europesays.com\/fr\/wp-json\/wp\/v2\/posts\/573594","targetHints":{"allow":["GET"]}}],"collection":[{"href":"https:\/\/www.europesays.com\/fr\/wp-json\/wp\/v2\/posts"}],"about":[{"href":"https:\/\/www.europesays.com\/fr\/wp-json\/wp\/v2\/types\/post"}],"author":[{"embeddable":true,"href":"https:\/\/www.europesays.com\/fr\/wp-json\/wp\/v2\/users\/2"}],"replies":[{"embeddable":true,"href":"https:\/\/www.europesays.com\/fr\/wp-json\/wp\/v2\/comments?post=573594"}],"version-history":[{"count":0,"href":"https:\/\/www.europesays.com\/fr\/wp-json\/wp\/v2\/posts\/573594\/revisions"}],"wp:featuredmedia":[{"embeddable":true,"href":"https:\/\/www.europesays.com\/fr\/wp-json\/wp\/v2\/media\/573595"}],"wp:attachment":[{"href":"https:\/\/www.europesays.com\/fr\/wp-json\/wp\/v2\/media?parent=573594"}],"wp:term":[{"taxonomy":"category","embeddable":true,"href":"https:\/\/www.europesays.com\/fr\/wp-json\/wp\/v2\/categories?post=573594"},{"taxonomy":"post_tag","embeddable":true,"href":"https:\/\/www.europesays.com\/fr\/wp-json\/wp\/v2\/tags?post=573594"}],"curies":[{"name":"wp","href":"https:\/\/api.w.org\/{rel}","templated":true}]}}