{"id":573596,"date":"2025-12-02T17:30:19","date_gmt":"2025-12-02T17:30:19","guid":{"rendered":"https:\/\/www.europesays.com\/fr\/573596\/"},"modified":"2025-12-02T17:30:19","modified_gmt":"2025-12-02T17:30:19","slug":"strasbourg-la-fleur-la-plus-ecoresponsable-nest-pas-forcement-la-plus-locale","status":"publish","type":"post","link":"https:\/\/www.europesays.com\/fr\/573596\/","title":{"rendered":"Strasbourg. \u00ab\u00a0La fleur la plus \u00e9coresponsable n\u2019est pas forc\u00e9ment la plus locale\u00a0\u00bb"},"content":{"rendered":"<p>Des roses toute l\u2019ann\u00e9e, des bouquets sans odeurs ou \u00e0 prix tr\u00e8s bas\u2026\u00a0? Les habitudes de consommation des fleurs coup\u00e9es ont \u00e9volu\u00e9 ces derni\u00e8res d\u00e9cennies, mais pas dans le bon sens. L\u2019extension de l\u2019offre et les prix bas ne proviennent pas de nouveaux proc\u00e9d\u00e9s magiques, mais plut\u00f4t d\u2019une production au ras des p\u00e2querettes avec des fleurs produites dans de mauvaises conditions, \u00e0 l\u2019autre bout du monde et <a href=\"https:\/\/www.dna.fr\/economie\/2024\/10\/14\/exposes-aux-pesticides-les-fleuristes-alsaciens-pronent-une-reglementation-plus-protectrice\" target=\"_blank\" rel=\"noopener\">bourr\u00e9s de pesticides<\/a>.<\/p>\n<p>Transports, pesticides, serres \u00e9nergivores\u2026<\/p>\n<p>Aujourd\u2019hui, pr\u00e8s de 85\u00a0% des fleurs achet\u00e9es en France proviennent de l\u2019\u00e9tranger. Or, de plus en plus d\u2019\u00e9tudes sont r\u00e9alis\u00e9es sur l\u2019impact \u00e9cologique&#8230;<\/p>\n","protected":false},"excerpt":{"rendered":"Des roses toute l\u2019ann\u00e9e, des bouquets sans odeurs ou \u00e0 prix tr\u00e8s bas\u2026\u00a0? Les habitudes de consommation des&hellip;\n","protected":false},"author":2,"featured_media":573597,"comment_status":"","ping_status":"","sticky":false,"template":"","format":"standard","meta":{"footnotes":""},"categories":[2820],"tags":[1111,11,4406,33,2880,436,1777,674,107,1011,27,775,12,25,640,2879],"class_list":{"0":"post-573596","1":"post","2":"type-post","3":"status-publish","4":"format-standard","5":"has-post-thumbnail","7":"category-strasbourg","8":"tag-actu","9":"tag-actualites","10":"tag-commerce-et-services","11":"tag-economie","12":"tag-edition-strasbourg","13":"tag-environnement","14":"tag-eu","15":"tag-europe","16":"tag-fil-info","17":"tag-fr","18":"tag-france","19":"tag-grand-est","20":"tag-news","21":"tag-republique-francaise","22":"tag-strasbourg","23":"tag-strasbourg-ville"},"share_on_mastodon":{"url":"https:\/\/pubeurope.com\/@fr\/115651164495742248","error":""},"_links":{"self":[{"href":"https:\/\/www.europesays.com\/fr\/wp-json\/wp\/v2\/posts\/573596","targetHints":{"allow":["GET"]}}],"collection":[{"href":"https:\/\/www.europesays.com\/fr\/wp-json\/wp\/v2\/posts"}],"about":[{"href":"https:\/\/www.europesays.com\/fr\/wp-json\/wp\/v2\/types\/post"}],"author":[{"embeddable":true,"href":"https:\/\/www.europesays.com\/fr\/wp-json\/wp\/v2\/users\/2"}],"replies":[{"embeddable":true,"href":"https:\/\/www.europesays.com\/fr\/wp-json\/wp\/v2\/comments?post=573596"}],"version-history":[{"count":0,"href":"https:\/\/www.europesays.com\/fr\/wp-json\/wp\/v2\/posts\/573596\/revisions"}],"wp:featuredmedia":[{"embeddable":true,"href":"https:\/\/www.europesays.com\/fr\/wp-json\/wp\/v2\/media\/573597"}],"wp:attachment":[{"href":"https:\/\/www.europesays.com\/fr\/wp-json\/wp\/v2\/media?parent=573596"}],"wp:term":[{"taxonomy":"category","embeddable":true,"href":"https:\/\/www.europesays.com\/fr\/wp-json\/wp\/v2\/categories?post=573596"},{"taxonomy":"post_tag","embeddable":true,"href":"https:\/\/www.europesays.com\/fr\/wp-json\/wp\/v2\/tags?post=573596"}],"curies":[{"name":"wp","href":"https:\/\/api.w.org\/{rel}","templated":true}]}}