{"id":573598,"date":"2025-12-02T17:31:12","date_gmt":"2025-12-02T17:31:12","guid":{"rendered":"https:\/\/www.europesays.com\/fr\/573598\/"},"modified":"2025-12-02T17:31:12","modified_gmt":"2025-12-02T17:31:12","slug":"greve-des-soignants-a-nice-journee-sous-tension-aux-urgences-voici-a-quoi-sattendre","status":"publish","type":"post","link":"https:\/\/www.europesays.com\/fr\/573598\/","title":{"rendered":"Gr\u00e8ve des soignants \u00e0 Nice. Journ\u00e9e sous tension aux urgences ? Voici \u00e0 quoi s&rsquo;attendre"},"content":{"rendered":"<p>                    Par<br \/>\n        <strong><br \/>\n            <a href=\"https:\/\/actu.fr\/auteur\/arthur-frand\" title=\"Consulter tous les articles de Arthur Frand\" target=\"_blank\" rel=\"noopener\">Arthur Frand<\/a><br \/>\n                    <\/strong><\/p>\n<p>        Publi\u00e9 le<\/p>\n<p>            2 d\u00e9c. 2025 \u00e0 17h47<br \/>\n        ; mis \u00e0 jour le 2 d\u00e9c. 2025 \u00e0 17h50    <\/p>\n<p>Apr\u00e8s la gr\u00e8ve men\u00e9e par l\u2019intersyndicale ce mardi 2\u00a0d\u00e9cembre, un corps de m\u00e9tier tout entier <strong>se mobilise ce mercredi 3\u00a0d\u00e9cembre<\/strong>, \u00e0 <a href=\"https:\/\/actu.fr\/nice\/\" target=\"_blank\" rel=\"noopener\">Nice<\/a>. Des centaines de soignants (m\u00e9decins, infirmi\u00e8res, kin\u00e9sith\u00e9rapeutes lib\u00e9raux, praticiens exer\u00e7ant \u00e0 l\u2019h\u00f4pital public et dans les cliniques priv\u00e9es\u2026), des <a href=\"https:\/\/actu.fr\/provence-alpes-cote-d-azur\/alpes-maritimes_06\" target=\"_blank\" rel=\"noopener\">Alpes-Maritimes<\/a> et du Var, <strong>seront en gr\u00e8ve<\/strong>, r\u00e9pondant \u00e0 l\u2019appel d\u2019un mouvement national, initialement lanc\u00e9e par Collectif m\u00e9dical Sud-Est (CMSE).<\/p>\n<p>    <a href=\"https:\/\/www.google.com\/maps\/embed?pb=!1m18!1m12!1m3!1d2883.245816268511!2d7.277681877345728!3d43.726220071098794!2m3!1f0!2f0!3f0!3m2!1i1024!2i768!4f13.1!3m3!1m2!1s0x12cdc54685555555%3A0x83ea3072253812ae!2sH%C3%B4pital%20Pasteur%20Urgences!5e0!3m2!1sfr!2sfr!4v1764693238664!5m2!1sfr!2sfr\" title=\"Ouvrie le lien\" target=\"_blank\" rel=\"noopener\">Cliquez ici pour visualiser le contenu<\/a><\/p>\n<p class=\" wall-content\">L\u2019objectif : d\u00e9fendre leurs conditions de travail et montrer une opposition claire \u00e0 certains articles au projet de loi du budget de la S\u00e9curit\u00e9 sociale pour 2026. Plusieurs cabinets m\u00e9dicaux seront ferm\u00e9s. Au service des urgences du CHU de Nice, on s\u2019attend <strong>\u00e0 \u00ab\u2009une journ\u00e9e difficile\u2009\u00bb<\/strong>.<\/p>\n<p>Une marche blanche \u00e0 Nice<\/p>\n<p class=\" wall-content\">\u00c0 Nice, les soignants<strong> ont rendez-vous \u00e0 12h<\/strong> place Garibaldi \u00e0 Nice. Apr\u00e8s quelques prises de paroles, une marche blanche aura lieu de 13 \u00e0 14h. Au moins 500\u00a0personnes ont d\u00e9j\u00e0 r\u00e9pondu \u00e0 l\u2019appel. Le cort\u00e8ge passera par la Coul\u00e9e Verte et le quai Rauba Capeu.<\/p>\n<p>    <a href=\"https:\/\/www.google.com\/maps\/embed?pb=!1m18!1m12!1m3!1d2884.4623221904158!2d7.277525477344902!3d43.70094037109995!2m3!1f0!2f0!3f0!3m2!1i1024!2i768!4f13.1!3m3!1m2!1s0x12cddaba3883dbbf%3A0x7c3cde18da41331f!2sPl.%20Garibaldi%2C%2006300%20Nice!5e0!3m2!1sfr!2sfr!4v1764686314583!5m2!1sfr!2sfr\" title=\"Ouvrie le lien\" target=\"_blank\" rel=\"noopener\">Cliquez ici pour visualiser le contenu<\/a><\/p>\n<p>Les patients pr\u00e9venus<\/p>\n<p class=\" wall-content\">\u00c0 Nice, des centaines de soignants et praticiens seront mobilis\u00e9es pour faire entendre leur voix. Et ne seront de fait pas en poste durant la journ\u00e9e ou au moins une partie.\u00a0Au sein des cabinets, les patients r\u00e9guliers <strong>ont \u00e9t\u00e9 pr\u00e9venus<\/strong> via les logiciels m\u00e9dicaux avec un message type\u2009: \u00ab\u2009Nous tenions \u00e0 vous informer que l\u2019\u00e9tablissement sera ferm\u00e9 le mercredi 3\u00a0d\u00e9cembre 2025\u2009\u00bb, que certains patients ont re\u00e7us sur Doctolib par exemple.<\/p>\n<p class=\" wall-content\">Ce mercredi 3 d\u00e9cembre, en cas d\u2019urgence, il est recommand\u00e9 d\u2019appeler le 15 pour ne pas perdre de temps pr\u00e9cieux.<\/p>\n<p>Votre r\u00e9gion, votre actu !<\/p>\n<p>Recevez chaque jour les infos qui comptent pour vous.<\/p>\n<p>\t<a href=\"https:\/\/actu.fr\/newsletter\" class=\"ac-btn ac-btn--corner ac-btn--medium ac-btn--blue800\" target=\"_blank\" rel=\"noopener\">S&rsquo;incrire<\/a><br \/>\n\u00ab\u2009Une journ\u00e9e difficile\u2009\u00bb aux urgences<\/p>\n<p class=\" wall-content\">Au CHU de Nice, la journ\u00e9e risque d\u2019\u00eatre intense. Les urgences vont devoir absorber les patients de cliniques priv\u00e9es en gr\u00e8ve, notamment.<\/p>\n<blockquote class=\"ac-article-quote wall-content\">\n<p>On aura une activit\u00e9 plus importante chez nous. De base, on accueille 280 \u00e0 300 patients par jour. Ce mercredi, on s&rsquo;attend \u00e0 avoir une cinquantaine ou soixantaine de malades suppl\u00e9mentaires<\/p>\n<p>    <strong>Pr Julie Contenti<\/strong><br \/>\n         Responsable du d\u00e9partement Hospitalo-Universitaire de m\u00e9decine d\u2019urgence au CHU de Nice.    <\/p><\/blockquote>\n<p class=\" wall-content\">Apr\u00e8s plusieurs r\u00e9unions avec la direction et l\u2019ARS, les effectifs ont <strong>\u00e9t\u00e9 adapt\u00e9s en cons\u00e9quence<\/strong>, tant bien que mal. \u00ab\u2009Nous avons le renfort m\u00e9dical de quatre praticiens, un m\u00e9decin s\u00e9nior suppl\u00e9mentaire et trois docteurs juniors qui sont entre l\u2019interne et le docteur s\u00e9nior. Nous avons aussi fait des <strong>demandes d\u2019heures suppl\u00e9mentaires<\/strong> et d\u2019int\u00e9rims pour les infirmi\u00e8res. Une infirmi\u00e8re suppl\u00e9mentaire sera l\u00e0 jusqu\u2019\u00e0 19h et une autre jusqu\u2019\u00e0 23h. On a essay\u00e9 de faire au mieux, pour les patients, sans pour autant tuer ce mouvement qui est l\u00e9gitime\u2009\u00bb, d\u00e9taille Pr Julie Contenti \u00e0 actu Nice.<\/p>\n<p class=\" wall-content\">La maison de sant\u00e9 de Delvalle, situ\u00e9e \u00e0 c\u00f4t\u00e9 de l\u2019h\u00f4pital Pasteur, prendra aussi certains patients en charge, n\u2019ayant pas la n\u00e9cessit\u00e9 d\u2019\u00eatre aux urgences.<\/p>\n<p class=\" wall-content\">La mobilisation des soignants devrait encore prendre plus d\u2019ampleur apr\u00e8s les f\u00eates de fin d\u2019ann\u00e9e. Une gr\u00e8ve g\u00e9n\u00e9rale annonc\u00e9e comme \u00ab\u2009sans pr\u00e9c\u00e9dent\u2009\u00bb est pr\u00e9vue le 5\u00a0janvier.<\/p>\n<p class=\" wall-content\">Personnalisez votre actualit\u00e9 en ajoutant vos villes et m\u00e9dias en favori avec <a href=\"https:\/\/moncompte.actu.fr\" title=\"D\u00e9couvez Mon Actu\" rel=\"nofollow noopener\" data-trk=\"{&quot;cta&quot;:{&quot;action&quot;:&quot;https:\\\/\\\/moncompte.actu.fr&quot;,&quot;category&quot;:&quot;mon compte&quot;,&quot;from&quot;:&quot;article footer&quot;,&quot;name&quot;:&quot;Mon actu&quot;,&quot;type&quot;:&quot;cta&quot;}}\" target=\"_blank\">Mon Actu<\/a>.<\/p>\n","protected":false},"excerpt":{"rendered":"Par Arthur Frand Publi\u00e9 le 2 d\u00e9c. 2025 \u00e0 17h47 ; mis \u00e0 jour le 2 d\u00e9c. 2025&hellip;\n","protected":false},"author":2,"featured_media":115213,"comment_status":"","ping_status":"","sticky":false,"template":"","format":"standard","meta":{"footnotes":""},"categories":[2819],"tags":[1111,11,1777,674,1011,27,2673,12,2401,882,25,71,104],"class_list":{"0":"post-573598","1":"post","2":"type-post","3":"status-publish","4":"format-standard","5":"has-post-thumbnail","7":"category-nice","8":"tag-actu","9":"tag-actualites","10":"tag-eu","11":"tag-europe","12":"tag-fr","13":"tag-france","14":"tag-medecins","15":"tag-news","16":"tag-nice","17":"tag-provence-alpes-cote-dazur","18":"tag-republique-francaise","19":"tag-sante","20":"tag-societe"},"share_on_mastodon":{"url":"https:\/\/pubeurope.com\/@fr\/115651168597853408","error":""},"_links":{"self":[{"href":"https:\/\/www.europesays.com\/fr\/wp-json\/wp\/v2\/posts\/573598","targetHints":{"allow":["GET"]}}],"collection":[{"href":"https:\/\/www.europesays.com\/fr\/wp-json\/wp\/v2\/posts"}],"about":[{"href":"https:\/\/www.europesays.com\/fr\/wp-json\/wp\/v2\/types\/post"}],"author":[{"embeddable":true,"href":"https:\/\/www.europesays.com\/fr\/wp-json\/wp\/v2\/users\/2"}],"replies":[{"embeddable":true,"href":"https:\/\/www.europesays.com\/fr\/wp-json\/wp\/v2\/comments?post=573598"}],"version-history":[{"count":0,"href":"https:\/\/www.europesays.com\/fr\/wp-json\/wp\/v2\/posts\/573598\/revisions"}],"wp:featuredmedia":[{"embeddable":true,"href":"https:\/\/www.europesays.com\/fr\/wp-json\/wp\/v2\/media\/115213"}],"wp:attachment":[{"href":"https:\/\/www.europesays.com\/fr\/wp-json\/wp\/v2\/media?parent=573598"}],"wp:term":[{"taxonomy":"category","embeddable":true,"href":"https:\/\/www.europesays.com\/fr\/wp-json\/wp\/v2\/categories?post=573598"},{"taxonomy":"post_tag","embeddable":true,"href":"https:\/\/www.europesays.com\/fr\/wp-json\/wp\/v2\/tags?post=573598"}],"curies":[{"name":"wp","href":"https:\/\/api.w.org\/{rel}","templated":true}]}}