{"id":573599,"date":"2025-12-02T17:32:11","date_gmt":"2025-12-02T17:32:11","guid":{"rendered":"https:\/\/www.europesays.com\/fr\/573599\/"},"modified":"2025-12-02T17:32:11","modified_gmt":"2025-12-02T17:32:11","slug":"comment-les-ultras-sement-le-chaos","status":"publish","type":"post","link":"https:\/\/www.europesays.com\/fr\/573599\/","title":{"rendered":"comment les ultras s\u00e8ment le chaos"},"content":{"rendered":"<p>Il est de ces \u00e9v\u00e9nements que l\u2019on ne veut pas voir, qui entachent la r\u00e9putation d\u2019un club et fragilisent ce lien, organique mais parfois si fragile, entre les joueurs et leurs supporters. Ce dimanche, la soir\u00e9e cauchemardesque qui a suivi le match entre Lorient et <a href=\"https:\/\/www.lejdd.fr\/sport\/football-a-nice-octobre-rose-en-rouge-et-noir-163426\" target=\"_blank\" rel=\"noopener\">Nice<\/a> en est un triste exemple. De retour du Moustoir apr\u00e8s leur d\u00e9faite (1-3) contre les Merlus, les joueurs ni\u00e7ois ont \u00e9t\u00e9 violemment pris \u00e0 partie par un groupe de 400 supporters \u00e0 leur descente du bus. La cause de la grogne\u00a0? Les d\u00e9faites \u00e0 r\u00e9p\u00e9tition du Gym, ayant entra\u00een\u00e9 sa chute dans le ventre mou de la <a href=\"https:\/\/www.lejdd.fr\/sport\/ligue-1-le-psg-et-lom-lemportent-dans-la-douleur-et-monaco-sincline-avant-la-ligue-des-champions-163605\" target=\"_blank\" rel=\"noopener\">Ligue 1<\/a> (10e) et tout en bas du classement de la Ligue Europa.<\/p>\n<p>Des crachats et des insultes<\/p>\n<p>Il \u00e9tait 23\u00a0heures lorsque le car transportant les joueurs s\u2019est arr\u00eat\u00e9 boulevard Jean Luciano, devant le portail du centre d\u2019entra\u00eenement du club ni\u00e7ois. \u00c0 son arriv\u00e9e, quelque 400 <a href=\"https:\/\/www.lejdd.fr\/sport\/commando-ultras-84-40-ans-de-revolution-dans-les-virages-du-stade-velodrome-149534\" target=\"_blank\" rel=\"noopener\">\u00ab\u00a0Ultras\u00a0\u00bb<\/a> du groupe la Populaire Sud \u00e9taient l\u00e0. Brandissant des fumig\u00e8nes rouges, ceux-ci se sont agglutin\u00e9s autour du v\u00e9hicule, lan\u00e7ant des insultes en direction de l\u2019\u00e9quipe. Un leader du groupe a ensuite bris\u00e9 la fronti\u00e8re entre public et joueurs en s\u2019introduisant dans le car, suivi par un autre membre du collectif. Le dialogue avec les joueurs a \u00e9t\u00e9 tendu, \u00e9maill\u00e9 de noms d&rsquo;oiseaux.<\/p>\n<p>    La suite apr\u00e8s cette publicit\u00e9<\/p>\n<p>Quelques minutes plus tard, l\u2019entra\u00eeneur aiglon <a href=\"https:\/\/www.lejdd.fr\/politique\/la-magie-glucksmann-nopere-plus-la-gauche-caviar-ressurgit-au-senat-les-indiscrets-du-jdd-164541\" target=\"_blank\" rel=\"noopener\">Franck Haise<\/a> est descendu du bus, acclam\u00e9 par des supporters aux cris d&rsquo; \u00ab on vous soutient\u00a0\u00bb. Le capitaine Melvin Bard et quelques cadres de l\u2019\u00e9quipe lui ont embo\u00eet\u00e9 le pas pour tenter de parlementer avec des repr\u00e9sentants de la Populaire Sud. Lorsque le reste des joueurs est apparu, l\u2019altercation a laiss\u00e9 place au chaos. Bouscul\u00e9s par la foule, ils ont re\u00e7u des crachats et, pour certains, des coups.<\/p>\n<p>    La suite apr\u00e8s cette publicit\u00e9<\/p>\n<p>Parmi les plus cibl\u00e9s, le milieu de terrain ivoirien J\u00e9r\u00e9mie Boga et l\u2019avant-centre nig\u00e9rian Terem Moffi ont re\u00e7u une ITT \u2013 jusqu\u2019\u00e0 vendredi pour le premier et dimanche pour le second, lequel rate ainsi la r\u00e9ception d\u2019Angers \u00e0 l\u2019Allianz Riviera. Les deux joueurs ont d\u00e9pos\u00e9 plainte contre X ce lundi apr\u00e8s-midi. D\u00e9pass\u00e9s par l\u2019ampleur de l\u2019\u00e9chauffour\u00e9e, la petite dizaine de stadiers et les quelques agents de s\u00e9curit\u00e9 sont rest\u00e9s impuissants. Une enqu\u00eate a \u00e9t\u00e9 ouverte par le parquet.<\/p>\n<p>Litanie d\u2019altercations<\/p>\n<p>Dans son communiqu\u00e9 officiel publi\u00e9 ce lundi, la direction du Gym condamne\u00a0l\u2019incident\u00a0: \u00ab\u00a0Les d\u00e9bordements constat\u00e9s durant ce rassemblement sont inacceptables. Plusieurs membres du club ayant \u00e9t\u00e9 pris \u00e0 partie. L\u2019OGC Nice leur apporte tout son soutien et condamne ces actes avec la plus grande fermet\u00e9\u00a0\u00bb. Le club a toutefois assur\u00e9 comprendre \u00ab\u00a0la frustration g\u00e9n\u00e9r\u00e9e par la succession de contre-performances et de prestations \u00e9loign\u00e9es de ses valeurs\u00a0\u00bb.<\/p>\n<p>    La suite apr\u00e8s cette publicit\u00e9<\/p>\n<p>    La suite apr\u00e8s cette publicit\u00e9<\/p>\n<p>Ces sc\u00e8nes de hooligans font \u00e9cho aux altercations ayant d\u00e9j\u00e0 eu lieu au soir de la d\u00e9faite de l\u2019OGC Nice \u00e0 domicile face \u00e0 <a href=\"https:\/\/www.lejdd.fr\/sport\/marseille-et-le-peuple-du-velodrome-une-ferveur-unique-en-france-164545\" target=\"_blank\" rel=\"noopener\">l\u2019OM<\/a> (1-5), la semaine derni\u00e8re. Le milieu de terrain Salis Abdul Samed avait essuy\u00e9 des crachats provenant des Ultras de la Populaire Sud, alors que le groupe de supporters f\u00eatait ses 40\u00a0ans. Ce dimanche, les policiers de la <a href=\"https:\/\/www.lejdd.fr\/Societe\/dans-les-nuits-de-paris-avec-la-bac-immersion-au-coeur-des-missions-a-haut-risque-154295\" target=\"_blank\" rel=\"noopener\">BAC<\/a> et les nombreux agents de s\u00e9curit\u00e9 d\u00e9p\u00each\u00e9s sur place n\u2019ont pas emp\u00each\u00e9 les heurts de d\u00e9g\u00e9n\u00e9rer en affrontement. H\u00e9ritier de la Brigade Sud, dissoute en 2010, le collectif ni\u00e7ois est dans le viseur des autorit\u00e9s.<\/p>\n<p>La tension retomb\u00e9e, Franck Haise a \u00e9voqu\u00e9 la n\u00e9cessit\u00e9 de prendre une \u00ab\u00a0d\u00e9cision drastique\u00a0\u00bb. L\u2019entra\u00eeneur, dont le contrat court jusqu\u2019en 2029, restera-t-il au club\u00a0? La m\u00eame question se pose pour le directeur sportif Florian Maurice. Critiqu\u00e9 pour ses d\u00e9cisions lors du mercato de cet \u00e9t\u00e9, conspu\u00e9 par les supporters ce dimanche, il r\u00e9fl\u00e9chirait, selon plusieurs sources, \u00e0 quitter le staff de l\u2019OGC Nice.<\/p>\n","protected":false},"excerpt":{"rendered":"Il est de ces \u00e9v\u00e9nements que l\u2019on ne veut pas voir, qui entachent la r\u00e9putation d\u2019un club et&hellip;\n","protected":false},"author":2,"featured_media":573600,"comment_status":"","ping_status":"","sticky":false,"template":"","format":"standard","meta":{"footnotes":""},"categories":[2819],"tags":[1111,11,1777,674,1011,27,12,2401,882,25],"class_list":{"0":"post-573599","1":"post","2":"type-post","3":"status-publish","4":"format-standard","5":"has-post-thumbnail","7":"category-nice","8":"tag-actu","9":"tag-actualites","10":"tag-eu","11":"tag-europe","12":"tag-fr","13":"tag-france","14":"tag-news","15":"tag-nice","16":"tag-provence-alpes-cote-dazur","17":"tag-republique-francaise"},"share_on_mastodon":{"url":"https:\/\/pubeurope.com\/@fr\/115651172522434941","error":""},"_links":{"self":[{"href":"https:\/\/www.europesays.com\/fr\/wp-json\/wp\/v2\/posts\/573599","targetHints":{"allow":["GET"]}}],"collection":[{"href":"https:\/\/www.europesays.com\/fr\/wp-json\/wp\/v2\/posts"}],"about":[{"href":"https:\/\/www.europesays.com\/fr\/wp-json\/wp\/v2\/types\/post"}],"author":[{"embeddable":true,"href":"https:\/\/www.europesays.com\/fr\/wp-json\/wp\/v2\/users\/2"}],"replies":[{"embeddable":true,"href":"https:\/\/www.europesays.com\/fr\/wp-json\/wp\/v2\/comments?post=573599"}],"version-history":[{"count":0,"href":"https:\/\/www.europesays.com\/fr\/wp-json\/wp\/v2\/posts\/573599\/revisions"}],"wp:featuredmedia":[{"embeddable":true,"href":"https:\/\/www.europesays.com\/fr\/wp-json\/wp\/v2\/media\/573600"}],"wp:attachment":[{"href":"https:\/\/www.europesays.com\/fr\/wp-json\/wp\/v2\/media?parent=573599"}],"wp:term":[{"taxonomy":"category","embeddable":true,"href":"https:\/\/www.europesays.com\/fr\/wp-json\/wp\/v2\/categories?post=573599"},{"taxonomy":"post_tag","embeddable":true,"href":"https:\/\/www.europesays.com\/fr\/wp-json\/wp\/v2\/tags?post=573599"}],"curies":[{"name":"wp","href":"https:\/\/api.w.org\/{rel}","templated":true}]}}