{"id":573609,"date":"2025-12-02T17:38:13","date_gmt":"2025-12-02T17:38:13","guid":{"rendered":"https:\/\/www.europesays.com\/fr\/573609\/"},"modified":"2025-12-02T17:38:13","modified_gmt":"2025-12-02T17:38:13","slug":"entretien-municipales-2026-pourquoi-le-maire-de-lunion-compte-autant-sur-sa-victoire-que-sur-celle-de-la-gauche-a-toulouse","status":"publish","type":"post","link":"https:\/\/www.europesays.com\/fr\/573609\/","title":{"rendered":"ENTRETIEN. Municipales 2026 : pourquoi le maire de l\u2019Union compte autant sur sa victoire que sur celle de la gauche \u00e0 Toulouse"},"content":{"rendered":"<p>\n                                                                    l&rsquo;essentiel<br \/>\n                                                                \u00c9lu en 2014 maire de L\u2019Union, une ville marqu\u00e9e \u00e0 droite, Marc P\u00e9r\u00e9 n\u2019a jamais reni\u00e9 ses valeurs de gauche qu\u2019il d\u00e9fend surtout en tant qu\u2019\u00e9lu m\u00e9tropolitain. Cela ne l\u2019a pas emp\u00each\u00e9 d\u2019\u00eatre r\u00e9\u00e9lu maire en 2020 avec 75\u00a0% des voix. Ses principaux succ\u00e8s\u00a0: une vraie participation citoyenne dans les affaires municipales et la r\u00e9alisation de projets f\u00e9d\u00e9rateurs. Mais dans une ville o\u00f9 tout semble rouler, et qui ne peut se d\u00e9velopper plus, que proposer aux \u00e9lecteurs pour briguer un troisi\u00e8me mandat\u00a0? Rencontre.\n                            <\/p>\n<p class=\"txt-question\">\u200bQu\u2019est-ce qui vous motive \u00e0 briguer un 3\u1d49 mandat\u00a0?<\/p>\n<p>Depuis onze ans, nous avons contribu\u00e9 \u00e0 construire une ville s\u00fbre, apais\u00e9e et agr\u00e9able \u00e0 vivre. Dans\u200b un monde marqu\u00e9 par l\u2019instabilit\u00e9, L\u2019Union reste un lieu o\u00f9 l\u2019on vit sereinement. Ma motivation est simple\u00a0: pr\u00e9server cette qualit\u00e9 de vie et poursuivre les projets essentiels \u2014 mobilit\u00e9s, voirie, adaptation au climat.<\/p>\n<p class=\"txt-question\">Sous quelle \u00e9tiquette vous pr\u00e9sentez-vous\u00a0?<\/p>\n<p>Je ne suis membre d\u2019aucun parti mais je suis \u00e0 la t\u00eate d\u2019une liste citoyenne qui rassemble les forces et tous les partis de gauche.<\/p>\n<p class=\"txt-question\">Quelle est la r\u00e9alisation dont vous \u00eates le plus fier\u00a0?<\/p>\n<p>Il y en a plusieurs mais nous sommes tous fiers du nouveau c\u0153ur de ville avec la cr\u00e9ation d\u2019une nouvelle gendarmerie, la v\u00e9g\u00e9talisation de la place\u00a0La\u00a0place San Biagio, l\u2019ouverture de\u00a0L\u2019Estanquet de l\u2019Olivier, l\u2019ancienne mairie-\u00e9cole transform\u00e9e en caf\u00e9 culturel et citoyen\u2026 Tout cela dessine le nouveau visage de la ville.<\/p>\n<p class=\"txt-question\">Pensez-vous avoir tenu tous vos engagements\u00a0?<\/p>\n<p>Oui, l\u2019essentiel. Nous avons anim\u00e9 le centre-ville, v\u00e9g\u00e9talis\u00e9 des espaces comme San Biagio, d\u00e9velopp\u00e9 une ferme municipale bio pour les \u00e9coles, renforc\u00e9 nos \u00e9quipements avec la nouvelle gendarmerie, la r\u00e9novation des \u00e9coles et la remise \u00e0 niveau des installations sportives. Il reste des projets \u00e0 finaliser, mais notre cap n\u2019a jamais chang\u00e9.<\/p>\n<p class=\"txt-question\">Pourrez-vous \u00e9viter une hausse importante des imp\u00f4ts\u00a0?<\/p>\n<p>Oui. Depuis 2014, nous avons investi 30\u00a0M\u20ac tout en augmentant nos r\u00e9serves (de 6,7 \u00e0 7,2 M\u20ac). Notre dette par habitant est trois fois inf\u00e9rieure \u00e0 la moyenne nationale et notre fiscalit\u00e9 40\u00a0% plus basse que dans les communes comparables. Avec une situation aussi solide, aucune raison d\u2019augmenter fortement les imp\u00f4ts.<\/p>\n<p class=\"txt-question\">L\u2019Union est bien \u00e9quip\u00e9e et ne peut gu\u00e8re s\u2019\u00e9tendre. Que peut-on lui souhaiter demain\u00a0?<\/p>\n<p>L\u2019avenir repose sur la qualit\u00e9 de vie, pas sur l\u2019extension. Pr\u00e9server la tranquillit\u00e9, poursuivre la v\u00e9g\u00e9talisation, moderniser l\u2019espace public, d\u00e9velopper les mobilit\u00e9s douces, renforcer les services aux familles et aux seniors, ouvrir la maison de sant\u00e9, obtenir un r\u00e9seau de v\u00e9los en libre-service\u00a0: continuer \u00e0 am\u00e9liorer le quotidien.<\/p>\n<p class=\"txt-question\">Quel regard portez-vous sur Christine Gennaro-Saint, candidate LR, et Nicolas Costes, actuellement sans \u00e9tiquette, qui annonce partir dans la bataille\u00a0?<\/p>\n<p>Je respecte toutes les candidatures. Chacun a sa vision. Je pr\u00e9f\u00e8re me concentrer sur les r\u00e9alisations, le s\u00e9rieux du travail accompli et la coh\u00e9rence de notre projet. Je fais confiance aux Unionais pour juger.<\/p>\n<p class=\"txt-question\">Si la gauche gagne Toulouse, serez-vous candidat \u00e0 la pr\u00e9sidence de la M\u00e9tropole laquelle serait donc confi\u00e9e \u00e0 un(e) autre \u00e9lu(e) que le maire\u00a0?<\/p>\n<p>La M\u00e9tropole doit redevenir un outil au service de toutes les communes. Les enjeux que nous portons \u00e0 L\u2019Union \u2014 transports, \u00e9cologie, qualit\u00e9 de vie \u2014 sont aussi m\u00e9tropolitains. Je d\u00e9fends notamment le prolongement de la ligne B jusqu\u2019aux portes de L\u2019Union et de Launaguet. Je connais bien les dossiers et j\u2019ai l\u2019exp\u00e9rience. Si je peux \u00eatre utile, y compris \u00e0 la pr\u00e9sidence, je suis disponible.<\/p>\n<p class=\"txt-question\">Serez-vous candidat \u00e0 un autre mandat, par exemple au D\u00e9partement\u00a0?<\/p>\n<p>Le D\u00e9partement joue un r\u00f4le important, notamment pour les coll\u00e8ges et les solidarit\u00e9s. Il est trop t\u00f4t pour d\u00e9cider. Je reste toutefois attentif \u00e0 l\u2019avenir du coll\u00e8ge Chaumeton\u00a0: la baisse des effectifs \u00e0 venir impose de revoir la carte scolaire pour que les enfants de la Violette puissent y revenir. Quel que soit mon r\u00f4le, je suivrai ce dossier de tr\u00e8s pr\u00e8s.<\/p>\n","protected":false},"excerpt":{"rendered":"l&rsquo;essentiel \u00c9lu en 2014 maire de L\u2019Union, une ville marqu\u00e9e \u00e0 droite, Marc P\u00e9r\u00e9 n\u2019a jamais reni\u00e9 ses&hellip;\n","protected":false},"author":2,"featured_media":573610,"comment_status":"","ping_status":"","sticky":false,"template":"","format":"standard","meta":{"footnotes":""},"categories":[2816],"tags":[1111,11,1777,674,1011,27,329,2722,4537,3434,12,2680,316,25,2312,37919],"class_list":{"0":"post-573609","1":"post","2":"type-post","3":"status-publish","4":"format-standard","5":"has-post-thumbnail","7":"category-toulouse","8":"tag-actu","9":"tag-actualites","10":"tag-eu","11":"tag-europe","12":"tag-fr","13":"tag-france","14":"tag-france-monde","15":"tag-haute-garonne","16":"tag-lunion","17":"tag-municipales-2026","18":"tag-news","19":"tag-occitanie","20":"tag-politique","21":"tag-republique-francaise","22":"tag-toulouse","23":"tag-u00c9lections"},"share_on_mastodon":{"url":"https:\/\/pubeurope.com\/@fr\/115651196009815763","error":""},"_links":{"self":[{"href":"https:\/\/www.europesays.com\/fr\/wp-json\/wp\/v2\/posts\/573609","targetHints":{"allow":["GET"]}}],"collection":[{"href":"https:\/\/www.europesays.com\/fr\/wp-json\/wp\/v2\/posts"}],"about":[{"href":"https:\/\/www.europesays.com\/fr\/wp-json\/wp\/v2\/types\/post"}],"author":[{"embeddable":true,"href":"https:\/\/www.europesays.com\/fr\/wp-json\/wp\/v2\/users\/2"}],"replies":[{"embeddable":true,"href":"https:\/\/www.europesays.com\/fr\/wp-json\/wp\/v2\/comments?post=573609"}],"version-history":[{"count":0,"href":"https:\/\/www.europesays.com\/fr\/wp-json\/wp\/v2\/posts\/573609\/revisions"}],"wp:featuredmedia":[{"embeddable":true,"href":"https:\/\/www.europesays.com\/fr\/wp-json\/wp\/v2\/media\/573610"}],"wp:attachment":[{"href":"https:\/\/www.europesays.com\/fr\/wp-json\/wp\/v2\/media?parent=573609"}],"wp:term":[{"taxonomy":"category","embeddable":true,"href":"https:\/\/www.europesays.com\/fr\/wp-json\/wp\/v2\/categories?post=573609"},{"taxonomy":"post_tag","embeddable":true,"href":"https:\/\/www.europesays.com\/fr\/wp-json\/wp\/v2\/tags?post=573609"}],"curies":[{"name":"wp","href":"https:\/\/api.w.org\/{rel}","templated":true}]}}