{"id":573613,"date":"2025-12-02T17:40:15","date_gmt":"2025-12-02T17:40:15","guid":{"rendered":"https:\/\/www.europesays.com\/fr\/573613\/"},"modified":"2025-12-02T17:40:15","modified_gmt":"2025-12-02T17:40:15","slug":"lille-cette-ressourcerie-ferme-ses-portes-liquide-tout-et-casse-les-prix-ce-samedi","status":"publish","type":"post","link":"https:\/\/www.europesays.com\/fr\/573613\/","title":{"rendered":"Lille. Cette ressourcerie ferme ses portes, liquide tout et casse les prix ce samedi"},"content":{"rendered":"<p>                    Par<br \/>\n        <strong><br \/>\n            <a href=\"https:\/\/actu.fr\/auteur\/nicolas-demollien\" title=\"Consulter tous les articles de Nicolas Demollien\" target=\"_blank\" rel=\"noopener\">Nicolas Demollien<\/a><br \/>\n                    <\/strong><\/p>\n<p>        Publi\u00e9 le<\/p>\n<p>            2 d\u00e9c. 2025 \u00e0 18h00        <\/p>\n<p>La <b>ressourcerie Les r\u00e9coupettes<\/b> \u00e0 <a href=\"https:\/\/actu.fr\/hauts-de-france\/lille_59350\" target=\"_blank\" rel=\"noopener\">Lille<\/a> (Nord), c\u2019est fini. Une mauvaise nouvelle qui va se conclure ce <b>samedi 6\u00a0d\u00e9cembre 2025 <\/b>avec une<b> liquidation totale<\/b> sous forme de <b>braderie<\/b>. Au menu\u2009: des <b>petits prix <\/b>afin de <b>tout faire dispara\u00eetre<\/b>.<\/p>\n<p>La ressourcerie Les r\u00e9coupettes liquide ses stocks \u00e0 petits prix ce samedi<\/p>\n<p class=\" wall-content\">Lors de cette derni\u00e8re journ\u00e9e de l\u2019histoire de la structure, vous trouverez ainsi des <b>tissus<\/b>, du <b>mat\u00e9riel de mercerie<\/b> mais aussi de la <b>d\u00e9co, des machines, divers outils<\/b> et m\u00eame des <b>meubles<\/b>.<\/p>\n<p class=\" wall-content\">\u00ab\u2009C\u2019est une toute derni\u00e8re occasion d\u2019emporter un bout des r\u00e9coupettes avec vous\u2009! L\u2019argent collect\u00e9 nous permettra de payer nos charges d\u2019un mois de d\u00e9cembre sans activit\u00e9\u2009: loyers, \u00e9lectricit\u00e9, salaires\u2009\u00bb, lance la structure sur les r\u00e9seaux sociaux.<\/p>\n<p class=\" wall-content\">Autant dire que cette journ\u00e9e est importante pour les responsables des lieux.<\/p>\n<p>    <a href=\"https:\/\/www.facebook.com\/plugins\/post.php?href=https%3A%2F%2Fwww.facebook.com%2Flesrecoupettes%2Fposts%2Fpfbid037155fR8MhJFoBFvEFmPZmAwjHXN2f9KXUVTNb8xEbYe5fUKGqHwT64Ya2tf9APEGl&amp;show_text=true&amp;width=350\" title=\"Ouvrie le lien\" target=\"_blank\" rel=\"noopener\">Cliquez ici pour visualiser le contenu<\/a><\/p>\n<p class=\" wall-content\">L\u2019\u00e9v\u00e9nement se tiendra de 10\u2009h \u00e0 18\u2009h. Les locaux se situent au 64, rue Delesalle. Les tissus seront vendus au prix de 6\u00a0\u20ac le kilo, les autres objets sur le principe de la braderie avec \u00e9tiquette.<\/p>\n<p class=\" wall-content\">Personnalisez votre actualit\u00e9 en ajoutant vos villes et m\u00e9dias en favori avec <a href=\"https:\/\/moncompte.actu.fr\" title=\"D\u00e9couvez Mon Actu\" rel=\"nofollow noopener\" data-trk=\"{&quot;cta&quot;:{&quot;action&quot;:&quot;https:\\\/\\\/moncompte.actu.fr&quot;,&quot;category&quot;:&quot;mon compte&quot;,&quot;from&quot;:&quot;article footer&quot;,&quot;name&quot;:&quot;Mon actu&quot;,&quot;type&quot;:&quot;cta&quot;}}\" target=\"_blank\">Mon Actu<\/a>.<\/p>\n","protected":false},"excerpt":{"rendered":"Par Nicolas Demollien Publi\u00e9 le 2 d\u00e9c. 2025 \u00e0 18h00 La ressourcerie Les r\u00e9coupettes \u00e0 Lille (Nord), c\u2019est&hellip;\n","protected":false},"author":2,"featured_media":573614,"comment_status":"","ping_status":"","sticky":false,"template":"","format":"standard","meta":{"footnotes":""},"categories":[2815],"tags":[1111,11,6557,1777,674,1011,27,811,1307,12,25,7167,104],"class_list":{"0":"post-573613","1":"post","2":"type-post","3":"status-publish","4":"format-standard","5":"has-post-thumbnail","7":"category-lille","8":"tag-actu","9":"tag-actualites","10":"tag-bon-plan-a-lille","11":"tag-eu","12":"tag-europe","13":"tag-fr","14":"tag-france","15":"tag-hauts-de-france","16":"tag-lille","17":"tag-news","18":"tag-republique-francaise","19":"tag-seconde-main","20":"tag-societe"},"share_on_mastodon":{"url":"https:\/\/pubeurope.com\/@fr\/115651203889067773","error":""},"_links":{"self":[{"href":"https:\/\/www.europesays.com\/fr\/wp-json\/wp\/v2\/posts\/573613","targetHints":{"allow":["GET"]}}],"collection":[{"href":"https:\/\/www.europesays.com\/fr\/wp-json\/wp\/v2\/posts"}],"about":[{"href":"https:\/\/www.europesays.com\/fr\/wp-json\/wp\/v2\/types\/post"}],"author":[{"embeddable":true,"href":"https:\/\/www.europesays.com\/fr\/wp-json\/wp\/v2\/users\/2"}],"replies":[{"embeddable":true,"href":"https:\/\/www.europesays.com\/fr\/wp-json\/wp\/v2\/comments?post=573613"}],"version-history":[{"count":0,"href":"https:\/\/www.europesays.com\/fr\/wp-json\/wp\/v2\/posts\/573613\/revisions"}],"wp:featuredmedia":[{"embeddable":true,"href":"https:\/\/www.europesays.com\/fr\/wp-json\/wp\/v2\/media\/573614"}],"wp:attachment":[{"href":"https:\/\/www.europesays.com\/fr\/wp-json\/wp\/v2\/media?parent=573613"}],"wp:term":[{"taxonomy":"category","embeddable":true,"href":"https:\/\/www.europesays.com\/fr\/wp-json\/wp\/v2\/categories?post=573613"},{"taxonomy":"post_tag","embeddable":true,"href":"https:\/\/www.europesays.com\/fr\/wp-json\/wp\/v2\/tags?post=573613"}],"curies":[{"name":"wp","href":"https:\/\/api.w.org\/{rel}","templated":true}]}}