{"id":573615,"date":"2025-12-02T17:41:14","date_gmt":"2025-12-02T17:41:14","guid":{"rendered":"https:\/\/www.europesays.com\/fr\/573615\/"},"modified":"2025-12-02T17:41:14","modified_gmt":"2025-12-02T17:41:14","slug":"meteo-a-lille-previsions-du-mardi-02-decembre-2025","status":"publish","type":"post","link":"https:\/\/www.europesays.com\/fr\/573615\/","title":{"rendered":"M\u00e9t\u00e9o \u00e0 Lille : pr\u00e9visions du mardi 02 d\u00e9cembre 2025"},"content":{"rendered":"<p>\u00c0 Lille, la journ\u00e9e du mardi 02 d\u00e9cembre 2025 reste domin\u00e9e par un ciel tr\u00e8s nuageux, avec des temp\u00e9ratures fra\u00eeches autour de 5 \u00e0 8 \u00b0C et des rafales soutenues de vent. La bruine matinale laisse place \u00e0 une fin de journ\u00e9e s\u00e8che mais grise.<\/p>\n<p>    Matin : grisaille et bruine au lever du jour<\/p>\n<p>Le soleil se l\u00e8ve \u00e0 08 h 28, mais demeure cach\u00e9 derri\u00e8re un plafond tr\u00e8s nuageux au-dessus de Lille.<\/p>\n<p>\u00c0 09 h, le thermom\u00e8tre affiche <b>5 \u00b0C<\/b>, ressenti <b>1 \u00b0C<\/b>, sous un vent de sud soufflant \u00e0 24 km\/h.<\/p>\n<p>Une l\u00e9g\u00e8re bruine (<b>0,7 mm<\/b>) tombe dans une atmosph\u00e8re satur\u00e9e \u00e0 87 % d\u2019humidit\u00e9, rendant la sensation d\u2019humidit\u00e9 particuli\u00e8rement marqu\u00e9e.<\/p>\n<p>Les mod\u00e8les annoncent des rafales pouvant atteindre <b>54 km\/h<\/b> en milieu de matin\u00e9e ; il est donc conseill\u00e9 de s\u00e9curiser poussettes et parasols.<\/p>\n<p>Cons\u00e9quence directe : un temps morose pour les trajets domicile-travail, avec une visibilit\u00e9 correcte mais des chauss\u00e9es luisantes. Prudence recommand\u00e9e pour les deux-roues.<\/p>\n<ul>\n<li><b>Temp\u00e9rature minimale : 5 \u00b0C<\/b><\/li>\n<li><b>Rafales fortes : 54 km\/h<\/b><\/li>\n<li>Humidit\u00e9 \u00e9lev\u00e9e : 87 %<\/li>\n<\/ul>\n<p>Pour un suivi heure par heure, consultez <a href=\"https:\/\/www.meteocity.com\/france\/lille-v2998324\" target=\"_blank\" rel=\"noopener\">notre page Lille<\/a>.<\/p>\n<p>Apr\u00e8s-midi : nuages persistants mais douceur relative<\/p>\n<p>La pluie cesse, mais le ciel reste uniform\u00e9ment gris. Aucun rayon de soleil ne perce ce manteau nuageux.<\/p>\n<p>\u00c0 15 h, la temp\u00e9rature atteint <b>8 \u00b0C<\/b>, ressenti <b>4 \u00b0C<\/b>. L\u2019humidit\u00e9 grimpe \u00e0 91 %, renfor\u00e7ant l\u2019impression de froid.<\/p>\n<p>Le vent de sud se maintient autour de 17 km\/h, avec des rafales notables, notamment dans les quartiers expos\u00e9s comme les grands boulevards.<\/p>\n<p>La pression remonte \u00e0 1 008 hPa, signe d\u2019une atmosph\u00e8re moins instable, bien que la luminosit\u00e9 ne s\u2019am\u00e9liore pas franchement.<\/p>\n<p>Dans ces conditions, le chauffage reste conseill\u00e9 dans les logements mal isol\u00e9s, car l\u2019humidit\u00e9 accentue la sensation de fra\u00eecheur int\u00e9rieure.<\/p>\n<p>Soir : gris durable avant un cr\u00e9puscule pr\u00e9coce<\/p>\n<p>Le soleil dispara\u00eet \u00e0 16 h 45 dans une ambiance uniform\u00e9ment couverte.<\/p>\n<p>\u00c0 21 h, le mercure indique <b>7 \u00b0C<\/b>, ressenti <b>3 \u00b0C<\/b>, sous un vent de sud \u00e0 18 km\/h.<\/p>\n<p>Aucune averse significative n\u2019est attendue, mais l\u2019humidit\u00e9 reste \u00e9lev\u00e9e (92 %) ; attention au bitume qui peut devenir glissant par condensation.<\/p>\n<p>Cette pause s\u00e8che est bienvenue pour les march\u00e9s de No\u00ebl, m\u00eame si la sensation de froid humide accompagne les visiteurs entre deux chalets.<\/p>\n<p>Avant minuit, le thermom\u00e8tre redescend vers 5 \u00b0C : il est encore conseill\u00e9 de porter des v\u00eatements imperm\u00e9ables pour les derniers retours.<\/p>\n<p>Tendance g\u00e9n\u00e9rale pour demain : persistance de la couverture nuageuse<\/p>\n<p>Durant la nuit, Lille conserve un ciel tr\u00e8s nuageux ; <b>5 \u00b0C<\/b> au plus bas, ressenti <b>1 \u00b0C<\/b>, sous un vent toujours m\u00e9ridional.<\/p>\n<p>La journ\u00e9e du 3 d\u00e9cembre s\u2019annonce grise : <b>6 \u00e0 7 \u00b0C<\/b> l\u2019apr\u00e8s-midi, probabilit\u00e9 de pluie n\u00e9gligeable (<b>1 %<\/b>), mais humidit\u00e9 proche de 90 %.<\/p>\n<p>Le vent sud-sud-ouest souffle \u00e0 20 km\/h, avec des pointes possibles \u00e0 37 km\/h sur l\u2019agglom\u00e9ration.<\/p>\n<p>Aucune \u00e9claircie durable n\u2019est attendue avant le week-end : le flux oc\u00e9anique reste doux, mais charg\u00e9 de nuages.<\/p>\n<p>Pour un regard \u00e9largi sur la premi\u00e8re quinzaine de d\u00e9cembre, parcourez <a href=\"https:\/\/www.meteocity.com\/france\/lille-v2998324\/meteo-15-jours\" target=\"_blank\" rel=\"noopener\">notre bulletin longue dur\u00e9e<\/a>.<\/p>\n<p>\u00c0 retenir<\/p>\n<ul>\n<li>Ciel <b>tr\u00e8s nuageux<\/b> toute la journ\u00e9e, avec une faible bruine uniquement le matin.<\/li>\n<li>Amplitude thermique limit\u00e9e : <b>5 \u00b0C<\/b> au lever, <b>8 \u00b0C<\/b> en pointe.<\/li>\n<li>Rafales potentiellement fortes \u00e0 <b>54 km\/h<\/b> : vigilance recommand\u00e9e pour les structures l\u00e9g\u00e8res.<\/li>\n<li>Sensation de froid humide omnipr\u00e9sente : superposer les couches reste la meilleure protection.<\/li>\n<li>Aucune d\u00e9gradation majeure pr\u00e9vue demain, mais la grisaille persiste.<\/li>\n<\/ul>\n","protected":false},"excerpt":{"rendered":"\u00c0 Lille, la journ\u00e9e du mardi 02 d\u00e9cembre 2025 reste domin\u00e9e par un ciel tr\u00e8s nuageux, avec des&hellip;\n","protected":false},"author":2,"featured_media":573616,"comment_status":"","ping_status":"","sticky":false,"template":"","format":"standard","meta":{"footnotes":""},"categories":[2815],"tags":[1111,11,1777,674,1011,27,811,1307,12,25],"class_list":{"0":"post-573615","1":"post","2":"type-post","3":"status-publish","4":"format-standard","5":"has-post-thumbnail","7":"category-lille","8":"tag-actu","9":"tag-actualites","10":"tag-eu","11":"tag-europe","12":"tag-fr","13":"tag-france","14":"tag-hauts-de-france","15":"tag-lille","16":"tag-news","17":"tag-republique-francaise"},"share_on_mastodon":{"url":"https:\/\/pubeurope.com\/@fr\/115651207755243793","error":""},"_links":{"self":[{"href":"https:\/\/www.europesays.com\/fr\/wp-json\/wp\/v2\/posts\/573615","targetHints":{"allow":["GET"]}}],"collection":[{"href":"https:\/\/www.europesays.com\/fr\/wp-json\/wp\/v2\/posts"}],"about":[{"href":"https:\/\/www.europesays.com\/fr\/wp-json\/wp\/v2\/types\/post"}],"author":[{"embeddable":true,"href":"https:\/\/www.europesays.com\/fr\/wp-json\/wp\/v2\/users\/2"}],"replies":[{"embeddable":true,"href":"https:\/\/www.europesays.com\/fr\/wp-json\/wp\/v2\/comments?post=573615"}],"version-history":[{"count":0,"href":"https:\/\/www.europesays.com\/fr\/wp-json\/wp\/v2\/posts\/573615\/revisions"}],"wp:featuredmedia":[{"embeddable":true,"href":"https:\/\/www.europesays.com\/fr\/wp-json\/wp\/v2\/media\/573616"}],"wp:attachment":[{"href":"https:\/\/www.europesays.com\/fr\/wp-json\/wp\/v2\/media?parent=573615"}],"wp:term":[{"taxonomy":"category","embeddable":true,"href":"https:\/\/www.europesays.com\/fr\/wp-json\/wp\/v2\/categories?post=573615"},{"taxonomy":"post_tag","embeddable":true,"href":"https:\/\/www.europesays.com\/fr\/wp-json\/wp\/v2\/tags?post=573615"}],"curies":[{"name":"wp","href":"https:\/\/api.w.org\/{rel}","templated":true}]}}