{"id":573619,"date":"2025-12-02T17:44:18","date_gmt":"2025-12-02T17:44:18","guid":{"rendered":"https:\/\/www.europesays.com\/fr\/573619\/"},"modified":"2025-12-02T17:44:18","modified_gmt":"2025-12-02T17:44:18","slug":"les-pompiers-maintiennent-la-greve-pour-le-moment","status":"publish","type":"post","link":"https:\/\/www.europesays.com\/fr\/573619\/","title":{"rendered":"les pompiers maintiennent la gr\u00e8ve\u2026 pour le moment"},"content":{"rendered":"<p>Se fera ou se fera pas\u00a0? Apr\u00e8s avoir annonc\u00e9 mi-novembre son intention de manifester durant le plus gros \u00e9v\u00e9nement annuel lyonnais, puis d\u00e9pos\u00e9 un pr\u00e9avis de gr\u00e8ve fin novembre, le syndicat majoritaire SUD indique ce mardi 2\u00a0d\u00e9cembre maintenir la gr\u00e8ve pour la F\u00eate des Lumi\u00e8res. Reste que le mouvement prend du plomb dans l\u2019aile.<\/p>\n<p>Les trois autres organisations syndicales &#8211; CGT, Avenirs-secours et la F\u00e9d\u00e9ration autonome &#8211; ont, elles, lev\u00e9 leur pr\u00e9avis allant du<a href=\"https:\/\/www.leprogres.fr\/culture-loisirs\/2025\/12\/01\/fete-des-lumieres-le-centre-ville-et-la-tete-d-or-sous-haute-surveillance#:~:text=Chaque%20jour%2C%20550%20policiers%20nationaux,les%20Transports%20en%20commun%20lyonnais.\" target=\"_blank\" rel=\"noopener\"> 4 au 8\u00a0d\u00e9cembre<\/a>.<\/p>\n<p>  Un dernier rendez-vous ce 4\u00a0d\u00e9cembre<\/p>\n<p>Dans un communiqu\u00e9, SUD-SDMIS explique que \u00ab\u00a0malgr\u00e9 l\u2019annonce d\u2019une prime de 270\u00a0\u20ac nette vers\u00e9e en mars\u00a02026 et conditionn\u00e9e au retrait des pr\u00e9avis de gr\u00e8ve\u00a0\u00bb, le syndicat maintient l\u2019appel \u00e0 manifestation lundi prochain, le 8\u00a0d\u00e9cembre, au d\u00e9part de l\u2019\u00c9tat-Major du SDMIS.<\/p>\n<p>Le syndicat \u00e9voque \u00ab\u00a0un chiffon rouge agit\u00e9\u00a0\u00bb pour \u00ab\u00a0contraindre \u00e0 stopper toutes revendications pr\u00e9sentes ou futures\u00a0\u00bb, indiquant que \u00ab\u00a0la mesure ponctuelle de 270\u00a0\u20ac ne r\u00e9pond ni aux besoins d\u2019effectifs suffisants [\u2026] ni \u00e0 la n\u00e9cessit\u00e9 de mesures financi\u00e8res p\u00e9rennes\u00a0\u00bb. Un rendez-vous \u00ab\u00a0de derni\u00e8re chance\u00a0\u00bb selon SUD, est pr\u00e9vu \u00e0 la pr\u00e9fecture ce jeudi 4\u00a0d\u00e9cembre au matin.<\/p>\n<p>Interrog\u00e9 \u00e0 ce sujet chez nos confr\u00e8res de <a href=\"https:\/\/www.bfmtv.com\/lyon\/\" target=\"_blank\" rel=\"noopener\">BFM Lyon<\/a> lundi soir, Bruno Bernard, le pr\u00e9sident de la m\u00e9tropole \u2014 principale source de financement du SDMIS \u00e0 hauteur de 80\u00a0% &#8211; d\u00e9non\u00e7ait des \u00ab\u00a0pressions de certains syndicats\u00a0\u00bb mais assurait \u00ab\u00a0avoir toute confiance\u00a0\u00bb et \u00ab\u00a0\u00eatre plut\u00f4t optimiste\u00a0\u00bb sur une lev\u00e9e de l\u2019appel \u00e0 la gr\u00e8ve de toutes les organisations syndicales du SDMIS.<\/p>\n","protected":false},"excerpt":{"rendered":"Se fera ou se fera pas\u00a0? Apr\u00e8s avoir annonc\u00e9 mi-novembre son intention de manifester durant le plus gros&hellip;\n","protected":false},"author":2,"featured_media":573620,"comment_status":"","ping_status":"","sticky":false,"template":"","format":"standard","meta":{"footnotes":""},"categories":[1889],"tags":[1111,11,2430,9671,2757,1777,674,107,1011,27,2428,2756,12,25,2429,801,104,216],"class_list":{"0":"post-573619","1":"post","2":"type-post","3":"status-publish","4":"format-standard","5":"has-post-thumbnail","7":"category-lyon","8":"tag-actu","9":"tag-actualites","10":"tag-auvergne-rhone-alpes","11":"tag-conflit-social","12":"tag-edition-lyon-villeurbanne","13":"tag-eu","14":"tag-europe","15":"tag-fil-info","16":"tag-fr","17":"tag-france","18":"tag-lyon","19":"tag-lyon-bassin","20":"tag-news","21":"tag-republique-francaise","22":"tag-rhone","23":"tag-social","24":"tag-societe","25":"tag-vie-des-entreprises"},"share_on_mastodon":{"url":"https:\/\/pubeurope.com\/@fr\/115651219744019134","error":""},"_links":{"self":[{"href":"https:\/\/www.europesays.com\/fr\/wp-json\/wp\/v2\/posts\/573619","targetHints":{"allow":["GET"]}}],"collection":[{"href":"https:\/\/www.europesays.com\/fr\/wp-json\/wp\/v2\/posts"}],"about":[{"href":"https:\/\/www.europesays.com\/fr\/wp-json\/wp\/v2\/types\/post"}],"author":[{"embeddable":true,"href":"https:\/\/www.europesays.com\/fr\/wp-json\/wp\/v2\/users\/2"}],"replies":[{"embeddable":true,"href":"https:\/\/www.europesays.com\/fr\/wp-json\/wp\/v2\/comments?post=573619"}],"version-history":[{"count":0,"href":"https:\/\/www.europesays.com\/fr\/wp-json\/wp\/v2\/posts\/573619\/revisions"}],"wp:featuredmedia":[{"embeddable":true,"href":"https:\/\/www.europesays.com\/fr\/wp-json\/wp\/v2\/media\/573620"}],"wp:attachment":[{"href":"https:\/\/www.europesays.com\/fr\/wp-json\/wp\/v2\/media?parent=573619"}],"wp:term":[{"taxonomy":"category","embeddable":true,"href":"https:\/\/www.europesays.com\/fr\/wp-json\/wp\/v2\/categories?post=573619"},{"taxonomy":"post_tag","embeddable":true,"href":"https:\/\/www.europesays.com\/fr\/wp-json\/wp\/v2\/tags?post=573619"}],"curies":[{"name":"wp","href":"https:\/\/api.w.org\/{rel}","templated":true}]}}