{"id":573621,"date":"2025-12-02T17:45:34","date_gmt":"2025-12-02T17:45:34","guid":{"rendered":"https:\/\/www.europesays.com\/fr\/573621\/"},"modified":"2025-12-02T17:45:34","modified_gmt":"2025-12-02T17:45:34","slug":"dix-evenements-pour-celebrer-la-fete-des-lumieres-ailleurs-qua-lyon","status":"publish","type":"post","link":"https:\/\/www.europesays.com\/fr\/573621\/","title":{"rendered":"Dix \u00e9v\u00e9nements pour c\u00e9l\u00e9brer la F\u00eate des lumi\u00e8res ailleurs qu&rsquo;\u00e0 Lyon"},"content":{"rendered":"<p>Retraite aux flambeaux, d\u00e9ambulations en musique, mapping, l\u00e2cher de lanternes&#8230; La <strong>F\u00eate des lumi\u00e8res,<\/strong> <a href=\"https:\/\/mesinfos.fr\/69000-lyon\/fete-des-lumieres-2025-a-quoi-s-attendre-cette-annee-233340.html\" target=\"_blank\" rel=\"noopener\">ce n&rsquo;est pas qu&rsquo;\u00e0 Lyon<\/a>.\u00a0 <\/p>\n<p>En 2025, les illuminations s&#8217;emparent aussi de Brignais, Bron, en passant par Sainte-Foy-l\u00e8s-Lyon, Oullins-Pierre-B\u00e9nite ou encore Tassin-la-Demi-Lune. Voici notre <strong>s\u00e9lection de dix \u00e9v\u00e9nements en-dehors de Lyon <\/strong>pour c\u00e9l\u00e9brer cette tradition. <\/p>\n<p>Un voyage tout en po\u00e9sie dans le parc du ch\u00e2teau \u00e0 Saint-Priest\u00a0 <img decoding=\"async\" alt=\"\" class=\"img-align-center\" data-zoomable=\"\" loading=\"lazy\" src=\"https:\/\/www.europesays.com\/fr\/wp-content\/uploads\/2025\/12\/spectateurs-parc-du-chateau-saint-priest-fete-des-lumieres-credit-dronorama.jpg\"\/> \u00a9 Dronorama &#8211; Apr\u00e8s le spectacle de 2024, le parc du ch\u00e2teau de Saint-Priest accueille une nouvelle installation pour la F\u00eate des lumi\u00e8res 2025. <\/p>\n<p>Dans le cadre du <strong>village de No\u00ebl<\/strong>, des <strong>installations lumineuses<\/strong> jalonneront le <strong>parc du ch\u00e2teau de Saint-Priest <\/strong>entre le 6 et le 8 d\u00e9cembre 2025. Le spectacle Constellations\u00a0sera projet\u00e9 sur la fa\u00e7ade du ch\u00e2teau au pied duquel une aurore bor\u00e9ale se d\u00e9voilera. Une voie lact\u00e9e se d\u00e9posera dans son jardin. <\/p>\n<p>Le <strong>mapping <\/strong>\u00e9volutif propos\u00e9 par Electroson studio, sous la direction artistique de S\u00e9bastien Riquelme et la direction technique de Nicolas Kern, s&rsquo;\u00e9chelonnera sur<strong> trois soirs<\/strong>, samedi 6 d\u00e9cembre de 18h \u00e0 21h, dimanche 7 d\u00e9cembre de 18h \u00e0 20h et lundi 8 d\u00e9cembre de 18h \u00e0 20h. <\/p>\n<p>La F\u00eate des lumi\u00e8res se passe aussi dans les quartiers de Saint-Priest o\u00f9 diverses animations sont au programme jusqu&rsquo;au 19 d\u00e9cembre. Le quartier Plaine de Saythe\/Bel Air donnera le top d\u00e9part ce mercredi 3 d\u00e9cembre. <\/p>\n<p>A noter dans l&rsquo;agenda : <strong>le feu d\u2019artifice <\/strong>mardi 9 d\u00e9cembre \u00e0 19h dans le parc du Ch\u00e2teau. <\/p>\n<p><strong>Infos pratiques<\/strong> <\/p>\n<p>D\u00e9tails <a href=\"https:\/\/ville-saint-priest.fr\/\" rel=\"noopener\" target=\"_blank\">sur le site<\/a> de la mairie de Saint-Priest.<\/p>\n<p>  L\u00e2cher de lanternes \u00e0 Caluire-et-Cuire <img decoding=\"async\" alt=\"\" class=\"img-align-center img-size-full\" data-zoomable=\"\" loading=\"lazy\" src=\"https:\/\/www.europesays.com\/fr\/wp-content\/uploads\/2025\/12\/lanternes-caluire-et-cuire-credit-shutterstock.jpg\"\/> \u00a9 Shutterstock &#8211; Des lanternes seront l\u00e2ch\u00e9es depuis l&rsquo;esplanade de la mairie de Caluire-et-Cuire samedi 6 d\u00e9cembre. <\/p>\n<p>Samedi 6 d\u00e9cembre, l&rsquo;H\u00f4tel de Ville sur l&rsquo;esplanade Bernard Roger-Dalbert \u00e0 <strong>Caluire-et-Cuire<\/strong> sera l&rsquo;\u00e9picentre de la F\u00eate des lumi\u00e8res. Apr\u00e8s la distribution de lampions \u00e0 trois endroits de la ville (place Gutenberg, M\u00e9tropolis et place de l&rsquo;\u00e9glise), un feu d&rsquo;artifice et un<strong> l\u00e2cher de lanternes volantes<\/strong> animeront la place de la mairie d\u00e8s 17h30.\u00a0 <\/p>\n<p><strong>Infos pratiques\u00a0<\/strong> <\/p>\n<p>Animations d\u00e9taill\u00e9es <a href=\"https:\/\/www.ville-caluire.fr\/\" rel=\"noopener\" target=\"_blank\">sur le site<\/a>.\u00a0<\/p>\n<p> Brignais : la grande parade de retour en 2025 pour la F\u00eate des lumi\u00e8res <img decoding=\"async\" alt=\"\" class=\"img-align-center img-size-full\" data-zoomable=\"\" loading=\"lazy\" src=\"https:\/\/www.europesays.com\/fr\/wp-content\/uploads\/2025\/12\/fete-des-lumieres-brignais.jpg\"\/> \u00a9 Ville de Brignais (archives 2023) &#8211; La parade baroque de Brignais signe son retour en 2025. <\/p>\n<p>Une fois n&rsquo;est pas coutume. La<strong> Ville de Brignais<\/strong> propose de nouveau en 2025 sa propre version de la F\u00eate des lumi\u00e8res. Parmi les nombreuses animations pr\u00e9vues au programme du 8 d\u00e9cembre, un spectacle de lumi\u00e8res embellira la fa\u00e7ade de l&rsquo;\u00e9glise. Le<strong> p\u00e8re No\u00ebl <\/strong>sera aussi de passage sur son \u00ab\u00a0Tr\u00e9nomobile\u00a0\u00bb. La <strong>grande parade <\/strong>intitul\u00e9e cette ann\u00e9e \u00ab\u00a0Centaur\u00e9e\u00a0\u00bb est de retour cette ann\u00e9e : deux s\u00e9ances sont programm\u00e9es \u00e0 18h15 et \u00e0 20h10 lundi 8 d\u00e9cembre.\u00a0 <\/p>\n<p>Et si \u00e0 Lyon la <a href=\"https:\/\/mesinfos.fr\/69000-lyon\/la-biennale-de-la-danse-de-lyon-2025-se-termine-bientot-230036.html\" target=\"_blank\" rel=\"noopener\">Biennale de la danse<\/a> est officiellement termin\u00e9e, ce n&rsquo;est pas tout \u00e0 fait le cas \u00e0 Brignais. Un d\u00e9fil\u00e9 en pr\u00e9sence du chor\u00e9graphe Abdou N&rsquo;Gom de la compagnie Stylistik s&rsquo;\u00e9lancera \u00e0 21h10 pour parfaire les festivit\u00e9s.<\/p>\n<p>   La magie de No\u00ebl s&#8217;empare de Bron <img decoding=\"async\" alt=\"\" class=\"img-align-center\" data-zoomable=\"\" loading=\"lazy\" src=\"https:\/\/www.europesays.com\/fr\/wp-content\/uploads\/2025\/12\/marche-de-noel-bron-8-dec-2024-credit-xavier-chabert-ville-de-bron.jpg\"\/> \u00a9 Xavier Chabert &#8211; Ville de Bron &#8211; Une trentaine d&rsquo;artisans participent au march\u00e9 de No\u00ebl de Bron en 2025. <\/p>\n<p>Du 5 au 8 d\u00e9cembre 2025,<strong> Bron<\/strong> vibrera elle aussi au rythme de la F\u00eate des lumi\u00e8res. Le parvis de l&rsquo;h\u00f4tel-de-ville, <strong>place de Weingarten<\/strong>, sera au centre des festivit\u00e9s. Pr\u00e8s d&rsquo;une trentaine d&rsquo;exposants seront pr\u00e9sents pour le <strong>march\u00e9 de No\u00ebl<\/strong> install\u00e9 tout au long du week-end dans le centre-ville.\u00a0 <\/p>\n<p>Ateliers pour enfants, venue du p\u00e8re No\u00ebl, stand de maquillage, balades en cal\u00e8che\u2026 Un feu d&rsquo;artifice sera tir\u00e9 depuis la <strong>place de la Libert\u00e9 <\/strong>samedi 6 d\u00e9cembre \u00e0 partir de 19h30. Une<strong> d\u00e9ambulation<\/strong> lumineuse de la compagnie Noexus embellira la soir\u00e9e du lundi 8 d\u00e9cembre juste apr\u00e8s la boum du P\u00e8re No\u00ebl (17h-18h30). <\/p>\n<p><strong>Infos pratiques<\/strong> <\/p>\n<p>Programme complet des animations <a href=\"https:\/\/www.ville-bron.fr\/\" target=\"_blank\" rel=\"noopener\">en ligne<\/a> sur le site de la mairie de Bron.<\/p>\n<p>  Une retraite aux flambeaux et des licornes \u00e0 Oullins-Pierre-B\u00e9nite <img decoding=\"async\" alt=\"\" class=\"img-align-center img-size-limited\" data-zoomable=\"\" loading=\"lazy\" src=\"https:\/\/www.europesays.com\/fr\/wp-content\/uploads\/2025\/12\/spectacle-carrousel-de-licornes-lumineuses-fete-des-lumieres-ville-oullins-pierre-benite-credit-shut.jpeg\"\/> \u00a9 Shutterstock &#8211; Un spectacle avec des licornes lumineuses a lieu le 8 d\u00e9cembre \u00e0 Oullins-Pierre-B\u00e9nite pour les illuminations. <\/p>\n<p>De la danse, un feu d&rsquo;artifice, une retraite aux flambeaux, des<strong> lumignons<\/strong>. Voici un tout petit aper\u00e7u des festivit\u00e9s du 8 d\u00e9cembre \u00e0 <strong>Oullins-Pierre-B\u00e9nite<\/strong>. Apr\u00e8s l&rsquo;ouverture de la <strong>patinoire \u00e9ph\u00e9m\u00e8re<\/strong> de la place Jean-Jaur\u00e8s \u00e0 16h30, la procession aux flambeaux avec la compagnie les Ambianceurs partira \u00e0 17h30.<\/p>\n<p>Le feu d&rsquo;artifice sera visible d\u00e8s 18h30. Une buvette sera aussi en place. La magie des f\u00eates s&rsquo;invite \u00e9galement p<strong>lace Roger-Salengro<\/strong> avec un <strong>carrousel de licornes lumineuses<\/strong>, le\u00a0march\u00e9 de No\u00ebl, un spectacle et des d\u00e9ambulations ainsi qu&rsquo;un concert de piano. Des lumignons seront en vente d\u00e8s 16h30.\u00a0 <\/p>\n<p><strong>Infos pratiques<\/strong> <\/p>\n<p>D\u00e9tails des animations pour la F\u00eate des lumi\u00e8res 2025 <a href=\"https:\/\/www.oullinspierrebenite.fr\/\" rel=\"noopener\" target=\"_blank\">sur le site<\/a> de la mairie d&rsquo;Oullins-Pierre-B\u00e9nite.<\/p>\n<p>  Un d\u00e9fil\u00e9 aux lanternes \u00e0 Saint-Romain-au-Mont-d&rsquo;Or <\/p>\n<p>L&rsquo;association des parents d&rsquo;\u00e9l\u00e8ves et le comit\u00e9 des f\u00eates du village de <strong>Saint-Romain-au-Mont-d&rsquo;Or <\/strong>se mobilisent pour le 8 d\u00e9cembre. Un d\u00e9fil\u00e9 de <strong>lanternes <\/strong>partira \u00e0 18h. Le rendez-vous est donn\u00e9 place de la biblioth\u00e8que. La soir\u00e9e se prolongera autour de <strong>marrons grill\u00e9s<\/strong>, de friandises et boissons chaudes pour se r\u00e9chauffer et passer un moment convivial. <\/p>\n<p><strong>Infos pratiques\u00a0<\/strong> <\/p>\n<p>Plus de pr\u00e9cisions sur l&rsquo;\u00e9v\u00e9nement\u00a0\u00e0 retrouver <a href=\"https:\/\/saintromainaumontdor.fr\/\" rel=\"noopener\" target=\"_blank\">en ligne<\/a>.\u00a0<\/p>\n<p> Un concours photos, des lampions et des sapins \u00e0 Tassin-la-Demi-Lune <\/p>\n<blockquote class=\"instagram-media\" data-instgrm-captioned=\"\" data-instgrm-permalink=\"https:\/\/www.instagram.com\/p\/DRuhmB_jkoZ\/?utm_source=ig_embed&amp;utm_campaign=loading\" data-instgrm-version=\"14\" data-uniformized=\"true\" style=\"background:#fff;border:0;border-radius:3px;box-shadow:0 0 1px 0 rgba(0,0,0,.5),0 1px 10px 0 rgba(0,0,0,.15);margin:1px;max-width:540px;min-width:326px;padding:0;width:calc(100% - 2px)\"><\/blockquote>\n<p><strong>Tassin-la-Demi-Lune <\/strong>prendra des airs de f\u00eate entre le 6 et le 8 d\u00e9cembre 2025. Des artisans locaux animeront le march\u00e9 de No\u00ebl d\u00e8s samedi \u00e0 10h et pour trois jours, <strong>place Hippolyte-P\u00e9ragut<\/strong>. Pour prolonger ce week-end d&rsquo;animations, la F\u00eate des lumi\u00e8res \u00e9gaiera le <strong>centre-ville<\/strong> \u00e0 compter de 17h, lundi 8 d\u00e9cembre.<\/p>\n<p>Une centaine de lumignons illuminera la<strong> fa\u00e7ade de la mairie <\/strong>de Tassin-la-Demi-Lune. Des <strong>sapins<\/strong> d\u00e9cor\u00e9s par les \u00e9l\u00e8ves des \u00e9coles d\u00e9coreront plusieurs lieux de la ville. Deux d\u00e9ambulations dont l&rsquo;une avec la compagnie Elixir sont pr\u00e9vues dans la soir\u00e9e. <\/p>\n<p>Elle s&rsquo;ach\u00e8vera par un <strong>spectacle son et lumi\u00e8re <\/strong>pr\u00e9vu de 19h30 \u00e0 20h devant l&rsquo;H\u00f4tel de Ville. Les habitants sont invit\u00e9s \u00e0 venir chercher leurs lampions d\u00e8s 16h30. Ces derniers sont invit\u00e9s \u00e0 illuminer leurs fen\u00eatres et \u00e0 <strong>partager leurs plus beaux clich\u00e9s <\/strong>sur les r\u00e9seaux sociaux sous les mots-cl\u00e9s #tellementproche et @villetassinlademilune. La Ville fera une s\u00e9lection des plus belles photos pour l&rsquo;occasion. <\/p>\n<p><strong>Infos pratiques<\/strong> <\/p>\n<p>D\u00e9tails complets des animations <a href=\"https:\/\/www.tassinlademilune.fr\/\" rel=\"noopener\" target=\"_blank\">en ligne<\/a> sur le site Internet de la mairie de Tassin-la-Demi-Lune.<\/p>\n<p> Mornant : des chars, un feu d&rsquo;artifice et des chants <img decoding=\"async\" alt=\"\" class=\"img-align-center img-size-limited\" data-zoomable=\"\" loading=\"lazy\" src=\"https:\/\/www.europesays.com\/fr\/wp-content\/uploads\/2025\/12\/illuminations-8-decembre-mornant.jpg\"\/> \u00a9 Mairie de Mornant &#8211; L&rsquo;association de commer\u00e7ants est impliqu\u00e9e dans l&rsquo;organisation du 8 d\u00e9cembre. <\/p>\n<p>La commune de<strong> Mornant<\/strong> et l&rsquo;association de commer\u00e7ants ont concoct\u00e9 un programme lumineux en 2025. Les festivit\u00e9s du 8 d\u00e9cembre sont r\u00e9parties en<strong> cinq temps forts<\/strong> de 18h \u00e0 20h. Un feu d&rsquo;artifice succ\u00e9dera \u00e0 l&rsquo;arriv\u00e9e du p\u00e8re No\u00ebl, \u00e0 la procession depuis la paroisse de Saint-Thomas d&rsquo;Aquin, et \u00e0 l&rsquo;animation <strong>chorale \u00e0 l&rsquo;\u00e9glise<\/strong>, de 19h \u00e0 19h45. La parade de <strong>chars des agriculteurs<\/strong> du pays de Mornant sera le point d&rsquo;orgue de la soir\u00e9e.\u00a0<\/p>\n<p><strong>Infos pratiques<\/strong> <\/p>\n<p>Compl\u00e9ments d&rsquo;informations <a href=\"https:\/\/www.ville-mornant.fr\/\" rel=\"noopener\" target=\"_blank\">en ligne<\/a>.\u00a0<\/p>\n<p> Sainte-Foy-l\u00e8s-Lyon en \u00e9bullition pour la F\u00eate des lumi\u00e8res <img decoding=\"async\" alt=\"\" class=\"img-align-center img-size-full\" data-zoomable=\"\" loading=\"lazy\" src=\"https:\/\/www.europesays.com\/fr\/wp-content\/uploads\/2025\/12\/marrons-fete-des-lumieres-sainte-foy-les-lyon-credit-shutterstock.jpg\"\/> \u00a9 Shutterstock &#8211; Des marrons grill\u00e9s, du vin chaud et autres gourmandises seront propos\u00e9s dans le quartier de la Plaine \u00e0 Sainte-Foy-l\u00e8s-Lyon. <\/p>\n<p>A quelques semaines de No\u00ebl, <strong>Sainte-Foy-l\u00e8s-Lyon <\/strong>sera en f\u00eate le 8 d\u00e9cembre 2025. Le bourg et les quartiers Provinces-Chavril et la Plaine seront au centre de l&rsquo;attention. Une <strong>parade aux flambeaux<\/strong> partira \u00e0 18h du centre-bourg. Une fanfare accompagnera tout le parcours de\u00a0la salle Michel Barlet \u00e0 la place Xavier Ricard pour revenir jusqu\u2019\u00e0 la place Fran\u00e7ois Millou par la Grande rue. <\/p>\n<p>Les plus gourmands pourront ensuite d\u00e9guster les<strong> hu\u00eetres<\/strong> mises en vente par les pompiers place Millou. Du c\u00f4t\u00e9 du quartier Provinces-Chavril, place \u00e0 la <strong>solidarit\u00e9<\/strong>. Les b\u00e9n\u00e9fices de la vente de lumignons, place Soubeirat, seront remis aux banques alimentaires de Sainte-Foy-l\u00e8s-Lyon. <\/p>\n<p>Les commer\u00e7ants du quartier de la Plaine seront aussi mobilis\u00e9s. A l&rsquo;angle du <strong>chemin des Fonts et de la rue Charcot<\/strong>, le public pourra profiter d&rsquo;animations lumineuses et festives en se r\u00e9galant de marrons grill\u00e9s ou en sirotant du vin chaud. <\/p>\n<p><strong>Infos pratiques\u00a0<\/strong> <\/p>\n<p>Programme complet <a href=\"https:\/\/www.saintefoyleslyon.fr\/\" rel=\"noopener\" target=\"_blank\">en ligne<\/a>. <\/p>\n<p> Une f\u00e9e, de la musique et le p\u00e8re No\u00ebl \u00e0 Saint-Didier-au-Mont-d&rsquo;Or\u00a0 <\/p>\n<p>\u00a0 <\/p>\n<\/p>\n<p>Apr\u00e8s le <strong>T\u00e9l\u00e9thon<\/strong> samedi 6 d\u00e9cembre, place \u00e0 la f\u00eate pour le 8 d\u00e9cembre \u00e0 Saint-Didier-au-Mont d&rsquo;Or. Le<strong> parc Pierre Tr\u00e9voux <\/strong>sera le th\u00e9\u00e2tre des illuminations o\u00f9 la<strong> fanfar<\/strong>e de No\u00ebl d\u00e9ambulera dans les ann\u00e9es. Le p\u00e8re No\u00ebl sera aussi de la partie. Il fera \u00e9tape \u00e0 Saint-Didier pour rencontrer les enfants et distribuer quelques <strong>papillotes<\/strong>. <\/p>\n<p>Une danseuse de ballet<strong>\u00a0f\u00e9\u00e9rique<\/strong>, sous une bulle enneig\u00e9e, \u00e9merveillera petits et grands. Le quartier de Saint-Fortunat c\u00e9l\u00e9brera aussi la F\u00eate des lumi\u00e8res gr\u00e2ce \u00e0 la descente aux flambeaux des enfants, rue Victor-Hugo.\u00a0 <\/p>\n<p><script async src=\"\/\/www.instagram.com\/embed.js\"><\/script><\/p>\n","protected":false},"excerpt":{"rendered":"Retraite aux flambeaux, d\u00e9ambulations en musique, mapping, l\u00e2cher de lanternes&#8230; La F\u00eate des lumi\u00e8res, ce n&rsquo;est pas qu&rsquo;\u00e0&hellip;\n","protected":false},"author":2,"featured_media":573622,"comment_status":"","ping_status":"","sticky":false,"template":"","format":"standard","meta":{"footnotes":""},"categories":[1889],"tags":[1111,11,2430,1777,674,1011,27,68801,11431,2428,12,64981,25],"class_list":{"0":"post-573621","1":"post","2":"type-post","3":"status-publish","4":"format-standard","5":"has-post-thumbnail","7":"category-lyon","8":"tag-actu","9":"tag-actualites","10":"tag-auvergne-rhone-alpes","11":"tag-eu","12":"tag-europe","13":"tag-fr","14":"tag-france","15":"tag-fu00eate-des-lumiu00e8res","16":"tag-idu00e9es-de-sorties","17":"tag-lyon","18":"tag-news","19":"tag-nou00ebl","20":"tag-republique-francaise"},"share_on_mastodon":{"url":"https:\/\/pubeurope.com\/@fr\/115651224561458256","error":""},"_links":{"self":[{"href":"https:\/\/www.europesays.com\/fr\/wp-json\/wp\/v2\/posts\/573621","targetHints":{"allow":["GET"]}}],"collection":[{"href":"https:\/\/www.europesays.com\/fr\/wp-json\/wp\/v2\/posts"}],"about":[{"href":"https:\/\/www.europesays.com\/fr\/wp-json\/wp\/v2\/types\/post"}],"author":[{"embeddable":true,"href":"https:\/\/www.europesays.com\/fr\/wp-json\/wp\/v2\/users\/2"}],"replies":[{"embeddable":true,"href":"https:\/\/www.europesays.com\/fr\/wp-json\/wp\/v2\/comments?post=573621"}],"version-history":[{"count":0,"href":"https:\/\/www.europesays.com\/fr\/wp-json\/wp\/v2\/posts\/573621\/revisions"}],"wp:featuredmedia":[{"embeddable":true,"href":"https:\/\/www.europesays.com\/fr\/wp-json\/wp\/v2\/media\/573622"}],"wp:attachment":[{"href":"https:\/\/www.europesays.com\/fr\/wp-json\/wp\/v2\/media?parent=573621"}],"wp:term":[{"taxonomy":"category","embeddable":true,"href":"https:\/\/www.europesays.com\/fr\/wp-json\/wp\/v2\/categories?post=573621"},{"taxonomy":"post_tag","embeddable":true,"href":"https:\/\/www.europesays.com\/fr\/wp-json\/wp\/v2\/tags?post=573621"}],"curies":[{"name":"wp","href":"https:\/\/api.w.org\/{rel}","templated":true}]}}