{"id":573625,"date":"2025-12-02T17:48:11","date_gmt":"2025-12-02T17:48:11","guid":{"rendered":"https:\/\/www.europesays.com\/fr\/573625\/"},"modified":"2025-12-02T17:48:11","modified_gmt":"2025-12-02T17:48:11","slug":"les-deux-pompiers-de-paris-qui-ont-participe-a-une-soiree-ku-klux-klan-suspendus-apres-une-enquete-interne","status":"publish","type":"post","link":"https:\/\/www.europesays.com\/fr\/573625\/","title":{"rendered":"Les deux pompiers de Paris qui ont particip\u00e9 \u00e0 une \u00ab\u00a0soir\u00e9e Ku Klux Klan\u00a0\u00bb suspendus apr\u00e8s une enqu\u00eate interne"},"content":{"rendered":"<p>                    Par<br \/>\n        <strong><br \/>\n            <a href=\"https:\/\/actu.fr\/auteur\/thomas-rideau\" title=\"Consulter tous les articles de Thomas Rideau\" target=\"_blank\" rel=\"noopener\">Thomas Rideau<\/a><br \/>\n                    <\/strong><\/p>\n<p>        Publi\u00e9 le<\/p>\n<p>            2 d\u00e9c. 2025 \u00e0 18h39        <\/p>\n<p>Neuf pr\u00e9venus \u00e2g\u00e9s de 21 \u00e0 56\u00a0ans sont jug\u00e9s \u00e0 partir de ce mardi 2\u00a0d\u00e9cembre 2025, \u00e0 Troyes (Aube) pour avoir particip\u00e9 en octobre \u00e0 <a href=\"https:\/\/actu.fr\/ile-de-france\/paris_75056\/blackfaces-et-deguisements-du-ku-klux-klan-deux-pompiers-de-paris-mis-en-cause-apres-une-soiree-ignoble_63340175.html\" target=\"_blank\" rel=\"noopener\">une soir\u00e9e dans laquelle cinq d\u2019entre eux \u00e9taient d\u00e9guis\u00e9<\/a>s en membres du <strong>Ku Klux Klan<\/strong> et trois autres \u00e9taient grim\u00e9s en noir. Parmi les participants se trouvaient deux militaires de <strong>la Brigade<\/strong> des sapeurs-pompiers de <a href=\"https:\/\/actu.fr\/ile-de-france\/paris_75056\" target=\"_blank\" rel=\"noopener\">Paris<\/a> (BSPP). Le neuvi\u00e8me, <strong>le plus \u00e2g\u00e9<\/strong> d\u2019entre eux, avait film\u00e9 des images qui ont \u00e9t\u00e9 ensuite diffus\u00e9es sur les r\u00e9seaux sociaux. Tous sont poursuivis pour \u00ab\u2009provocation publique \u00e0 la haine ou \u00e0 la violence en raison de l\u2019origine, l\u2019ethnie, la nation, la race ou la religion\u2009\u00bb.<\/p>\n<p>\u00ab\u2009Juste un jeu entre amis\u2009\u00bb<\/p>\n<p class=\" wall-content\">Organis\u00e9e dans un club de parachutisme \u00e0 l\u2019a\u00e9rodrome de Brienne-le-Ch\u00e2teau (Aube), la soir\u00e9e avait indign\u00e9 jusqu\u2019au ministre de l\u2019Int\u00e9rieur, <a href=\"https:\/\/actu.fr\/tag\/laurent-nunez\" target=\"_blank\" rel=\"noopener\">Laurent Nu\u00f1ez<\/a>, notamment parce qu\u2019elle impliquait deux militaires de la <a href=\"https:\/\/actu.fr\/tag\/brigade-de-sapeurs-pompiers-de-paris\" target=\"_blank\" rel=\"noopener\">Brigade des sapeurs-pompiers de Paris (BSPP)<\/a>.<\/p>\n<p class=\" wall-content\">Des images de la soir\u00e9e costum\u00e9e qui avait pour th\u00e8me <strong>\u00ab\u2009Super-h\u00e9ros, super-vilains\u2009\u00bb<\/strong> ont \u00e9t\u00e9 diffus\u00e9es mardi au tribunal, montrant cinq personnes dans des tenues blanches cagoul\u00e9es caract\u00e9ristiques du Ku Klux Klan posant pr\u00e8s d\u2019un feu de palettes <strong>en faisant semblant d\u2019\u00e9trangler trois personnes<\/strong> maquill\u00e9es en noir. \u00ab\u2009Avec des mimiques en train d\u2019agoniser\u2009\u00bb, a relev\u00e9 la procureure avec d\u00e9go\u00fbt.<\/p>\n<p class=\" wall-content\">\u00c0 la barre, l\u2019un des pr\u00e9venus a affirm\u00e9 qu\u2019<strong>il ignorait<\/strong> auparavant ce qu\u2019\u00e9tait le Ku Klux Klan\u2009: \u00ab\u2009Pour moi, c\u2019\u00e9tait juste une secte [\u2026]. En cherchant sur Google Images il n\u2019y avait aucun caract\u00e8re raciste visible.\u2009\u00bb \u00ab\u2009Je ne me rendais pas compte, \u00e7a n\u2019aurait pas d\u00fb arriver\u2009\u00bb, a-t-il ajout\u00e9.<\/p>\n<p>\u00ab\u2009Juste un jeu entre amis\u2009\u00bb<\/p>\n<p class=\" wall-content\">C\u2019\u00e9tait \u00ab\u2009juste un jeu entre amis\u2009\u00bb, a abond\u00e9 un autre pr\u00e9venu, adoptant comme les autres la m\u00eame ligne de d\u00e9fense bas\u00e9e sur l\u2019ignorance.<strong> Les deux sapeurs-pompiers<\/strong> ont \u00e9t\u00e9 en parall\u00e8le suspendus \u00e0 titre conservatoire apr\u00e8s une enqu\u00eate interne de la BSPP.<\/p>\n<p class=\" wall-content\">Huit des pr\u00e9venus, parmi lesquels figurent deux jeunes femmes, ont par ailleurs \u00e9t\u00e9 convoqu\u00e9s vendredi dernier devant la commission de discipline de la F\u00e9d\u00e9ration fran\u00e7aise de parachutisme (FFP), qui avait alert\u00e9 sur la soir\u00e9e et qui \u00e9tait partie civile au proc\u00e8s, comme <strong>SOS Racisme et la Ligue internationale<\/strong> contre le racisme et l\u2019antis\u00e9mitisme (Licra).<\/p>\n<p class=\" wall-content\">Le Ku Klux Klan, organisation supr\u00e9maciste blanche, a terroris\u00e9, tortur\u00e9 et tu\u00e9 de nombreux Afro-Am\u00e9ricains dans le sud des \u00c9tats-Unis \u00e0 partir de la fin du XIXe\u00a0si\u00e8cle.<br \/>Le Blackface \u00e9voque les \u00ab\u2009minstrel shows\u2009\u00bb n\u00e9s dans la premi\u00e8re partie du XIXe\u00a0si\u00e8cle aux \u00c9tats-Unis, des spectacles pendant lesquels des blancs se noircissaient le visage pour se moquer des noirs.<\/p>\n<p>Votre r\u00e9gion, votre actu !<\/p>\n<p>Recevez chaque jour les infos qui comptent pour vous.<\/p>\n<p>\t<a href=\"https:\/\/actu.fr\/newsletter\" class=\"ac-btn ac-btn--corner ac-btn--medium ac-btn--blue800\" target=\"_blank\" rel=\"noopener\">S&rsquo;incrire<\/a><\/p>\n<p>Avec AFP<\/p>\n<p class=\" wall-content\">Personnalisez votre actualit\u00e9 en ajoutant vos villes et m\u00e9dias en favori avec <a href=\"https:\/\/moncompte.actu.fr\" title=\"D\u00e9couvez Mon Actu\" rel=\"nofollow noopener\" data-trk=\"{&quot;cta&quot;:{&quot;action&quot;:&quot;https:\\\/\\\/moncompte.actu.fr&quot;,&quot;category&quot;:&quot;mon compte&quot;,&quot;from&quot;:&quot;article footer&quot;,&quot;name&quot;:&quot;Mon actu&quot;,&quot;type&quot;:&quot;cta&quot;}}\" target=\"_blank\">Mon Actu<\/a>.<\/p>\n","protected":false},"excerpt":{"rendered":"Par Thomas Rideau Publi\u00e9 le 2 d\u00e9c. 2025 \u00e0 18h39 Neuf pr\u00e9venus \u00e2g\u00e9s de 21 \u00e0 56\u00a0ans sont&hellip;\n","protected":false},"author":2,"featured_media":153853,"comment_status":"","ping_status":"","sticky":false,"template":"","format":"standard","meta":{"footnotes":""},"categories":[1888],"tags":[1111,1928,11,1927,3056,1777,674,1011,27,303,5454,12,1926,626,1925,25,104],"class_list":{"0":"post-573625","1":"post","2":"type-post","3":"status-publish","4":"format-standard","5":"has-post-thumbnail","7":"category-paris","8":"tag-actu","9":"tag-actu-paris","10":"tag-actualites","11":"tag-actualites-paris","12":"tag-brigade-de-sapeurs-pompiers-de-paris","13":"tag-eu","14":"tag-europe","15":"tag-fr","16":"tag-france","17":"tag-justice","18":"tag-laurent-nunez","19":"tag-news","20":"tag-news-paris","21":"tag-paris","22":"tag-paris-news","23":"tag-republique-francaise","24":"tag-societe"},"share_on_mastodon":{"url":"https:\/\/pubeurope.com\/@fr\/115651235359889294","error":""},"_links":{"self":[{"href":"https:\/\/www.europesays.com\/fr\/wp-json\/wp\/v2\/posts\/573625","targetHints":{"allow":["GET"]}}],"collection":[{"href":"https:\/\/www.europesays.com\/fr\/wp-json\/wp\/v2\/posts"}],"about":[{"href":"https:\/\/www.europesays.com\/fr\/wp-json\/wp\/v2\/types\/post"}],"author":[{"embeddable":true,"href":"https:\/\/www.europesays.com\/fr\/wp-json\/wp\/v2\/users\/2"}],"replies":[{"embeddable":true,"href":"https:\/\/www.europesays.com\/fr\/wp-json\/wp\/v2\/comments?post=573625"}],"version-history":[{"count":0,"href":"https:\/\/www.europesays.com\/fr\/wp-json\/wp\/v2\/posts\/573625\/revisions"}],"wp:featuredmedia":[{"embeddable":true,"href":"https:\/\/www.europesays.com\/fr\/wp-json\/wp\/v2\/media\/153853"}],"wp:attachment":[{"href":"https:\/\/www.europesays.com\/fr\/wp-json\/wp\/v2\/media?parent=573625"}],"wp:term":[{"taxonomy":"category","embeddable":true,"href":"https:\/\/www.europesays.com\/fr\/wp-json\/wp\/v2\/categories?post=573625"},{"taxonomy":"post_tag","embeddable":true,"href":"https:\/\/www.europesays.com\/fr\/wp-json\/wp\/v2\/tags?post=573625"}],"curies":[{"name":"wp","href":"https:\/\/api.w.org\/{rel}","templated":true}]}}