{"id":573626,"date":"2025-12-02T17:49:15","date_gmt":"2025-12-02T17:49:15","guid":{"rendered":"https:\/\/www.europesays.com\/fr\/573626\/"},"modified":"2025-12-02T17:49:15","modified_gmt":"2025-12-02T17:49:15","slug":"%f0%9f%8e%99%ef%b8%8fnews-pros-paris-passions-entourage-warren-zaire-emery-en-toute-intimite-athletica-magazine","status":"publish","type":"post","link":"https:\/\/www.europesays.com\/fr\/573626\/","title":{"rendered":"\ud83c\udf99\ufe0f[News-Pros] Paris, passions, entourage&#8230; Warren Za\u00efre-Emery en toute intimit\u00e9 (Athletica Magazine)"},"content":{"rendered":"<p class=\"date\">\n\t\t\t\t\t\t\t\tPubli\u00e9 le 2 d\u00e9cembre 2025\t\t\t\t\t\t\t\t<\/p>\n<p>\t\t\t\t\t\t\t\t\t\t\t\t\t\t\t\t\t<img decoding=\"async\" class=\"img-responsive img-thumbnail\" src=\"https:\/\/www.europesays.com\/fr\/wp-content\/uploads\/2025\/12\/Breaking-News-2025-12-02T180637.014-1024x576.png\" alt=\"\"\/><\/p>\n<p id=\"block-3a3fa11c-d926-4594-a006-9a86f8fb8ad1\">Le Titi d\u2019Or 2022\u00a0<strong>Warren Za\u00efre-Emery<\/strong>\u00a0s\u2019est livr\u00e9 comme rarement pour\u00a0<a href=\"https:\/\/athletica.media\/#more\" target=\"_blank\" rel=\"noopener\">Athletica Mag<\/a>, sur son lien avec Paris, sa passion pour le football, mais \u00e9galement sur son entourage et ses activit\u00e9s en dehors du terrain ! Morceaux choisis.<\/p>\n<p id=\"block-73a837be-0dd2-4fd5-965a-1ed4fd58f87d\">\u00ab\u00a0Je suis n\u00e9 \u00e0 Paris, j\u2019y ai toujours v\u00e9cu, c\u2019est l\u00e0 que j\u2019ai construit ma vie avec ma famille, avec mes fr\u00e8res, Paris, c\u2019est ma ville. C\u2019est mon p\u00e8re (ancien aspirant pro du Red Star), qui m\u2019a transmis la passion du foot, mais surtout des valeurs: le travail, le respect, la discipline, l\u2019id\u00e9e que le talent ne suffit pas\u00a0\u00bb.<\/p>\n<p id=\"block-72b86602-85cc-4660-a067-29c83e0a7e6f\">\u00ab\u00a0Ma grand-m\u00e8re, Ghislaine \u00ab\u00a0Mamie Gigi\u00a0\u00bb (chauffeur attitr\u00e9 du petit Warren) a toujours cru en moi. Elle m\u2019encourageait tout le temps. C\u2019est quelqu\u2019un de tr\u00e8s important, une vraie source de motivation\u00a0\u00bb.<\/p>\n<p><img decoding=\"async\" src=\"https:\/\/www.europesays.com\/fr\/wp-content\/uploads\/2025\/12\/COVERWEB9.jpg\" alt=\"ATHLETICA N\u00b016\"\/><\/p>\n<p id=\"block-dd6ec583-46f1-4a62-8fe9-746c2a6214eb\">\u00ab\u00a0\u00c0 19 ans. Profite-t-on vraiment de son adolescence dans ces conditions ? C\u2019est diff\u00e9rent, forc\u00e9ment ! Mais j\u2019ai la chance d\u2019\u00eatre bien entour\u00e9 et de pouvoir profiter des moments simples avec mes proches. J\u2019essaie de garder un \u00e9quilibre entre ma vie de joueur et ma vie de jeune\u00a0\u00bb.<\/p>\n<p id=\"block-c5594235-71c5-4763-9919-bbe381db0856\">\u00ab\u00a0Une \u00e9quipe charg\u00e9e de cr\u00e9er du contenu pour les r\u00e9seaux sociaux ? Ils occupent une place mod\u00e9r\u00e9e dans ma vie. C\u2019est un bon moyen de partager avec les supporters, mais il faut savoir garder une part de discr\u00e9tion\u00a0\u00bb.<\/p>\n<p id=\"block-536261e7-a561-44dc-8e90-b4b08d29d1bf\">\u00ab\u00a0La collaboration avec Louis Vuitton ? Louis Vuitton repr\u00e9sente l\u2019\u00e9l\u00e9gance et le savoir-faire fran\u00e7ais (il scrute de pr\u00e8s tous les d\u00e9fil\u00e9s et s\u2019int\u00e9resse aux collections). La mode, c\u2019est aussi une forme de libert\u00e9\u00a0\u00bb.<\/p>\n<p id=\"block-83ced88b-b8e8-4e19-82cc-8d41c507c0fe\">\u00ab\u00a0Ma s\u00e9rie culte ? Prison Break ! Ma passion ? Cuisiner ! Mon g\u00e2teau pr\u00e9f\u00e9r\u00e9 ? Le fraisier !\u00a0\u00bb<\/p>\n<blockquote class=\"instagram-media\" data-instgrm-captioned=\"\" data-instgrm-permalink=\"https:\/\/www.instagram.com\/reel\/DRxMg7_ApJa\/?utm_source=ig_embed&amp;utm_campaign=loading\" data-instgrm-version=\"14\" style=\" background:#FFF; border:0; border-radius:3px; box-shadow:0 0 1px 0 rgba(0,0,0,0.5),0 1px 10px 0 rgba(0,0,0,0.15); margin: 1px; max-width:540px; min-width:326px; padding:0; width:99.375%; width:-webkit-calc(100% - 2px); width:calc(100% - 2px);\"\/>\n<p class=\"content-etiquette\">\n\t\t\t\t\t\t\t\t\t<a href=\"https:\/\/www.lestitisdupsg.fr\/tag\/warren-zaire-emery\/\" rel=\"tag noopener\" target=\"_blank\">warren zaire-emery<\/a>\t\t\t\t\t\t\t\t<\/p>\n<p>\t\t\t\t\t\t\t<script async src=\"\/\/www.instagram.com\/embed.js\"><\/script><\/p>\n","protected":false},"excerpt":{"rendered":"Publi\u00e9 le 2 d\u00e9cembre 2025 Le Titi d\u2019Or 2022\u00a0Warren Za\u00efre-Emery\u00a0s\u2019est livr\u00e9 comme rarement pour\u00a0Athletica Mag, sur son lien&hellip;\n","protected":false},"author":2,"featured_media":573627,"comment_status":"","ping_status":"","sticky":false,"template":"","format":"standard","meta":{"footnotes":""},"categories":[1888],"tags":[1111,1928,11,1927,1777,674,1011,27,12,1926,626,1925,25],"class_list":{"0":"post-573626","1":"post","2":"type-post","3":"status-publish","4":"format-standard","5":"has-post-thumbnail","7":"category-paris","8":"tag-actu","9":"tag-actu-paris","10":"tag-actualites","11":"tag-actualites-paris","12":"tag-eu","13":"tag-europe","14":"tag-fr","15":"tag-france","16":"tag-news","17":"tag-news-paris","18":"tag-paris","19":"tag-paris-news","20":"tag-republique-francaise"},"share_on_mastodon":{"url":"https:\/\/pubeurope.com\/@fr\/115651240501752608","error":""},"_links":{"self":[{"href":"https:\/\/www.europesays.com\/fr\/wp-json\/wp\/v2\/posts\/573626","targetHints":{"allow":["GET"]}}],"collection":[{"href":"https:\/\/www.europesays.com\/fr\/wp-json\/wp\/v2\/posts"}],"about":[{"href":"https:\/\/www.europesays.com\/fr\/wp-json\/wp\/v2\/types\/post"}],"author":[{"embeddable":true,"href":"https:\/\/www.europesays.com\/fr\/wp-json\/wp\/v2\/users\/2"}],"replies":[{"embeddable":true,"href":"https:\/\/www.europesays.com\/fr\/wp-json\/wp\/v2\/comments?post=573626"}],"version-history":[{"count":0,"href":"https:\/\/www.europesays.com\/fr\/wp-json\/wp\/v2\/posts\/573626\/revisions"}],"wp:featuredmedia":[{"embeddable":true,"href":"https:\/\/www.europesays.com\/fr\/wp-json\/wp\/v2\/media\/573627"}],"wp:attachment":[{"href":"https:\/\/www.europesays.com\/fr\/wp-json\/wp\/v2\/media?parent=573626"}],"wp:term":[{"taxonomy":"category","embeddable":true,"href":"https:\/\/www.europesays.com\/fr\/wp-json\/wp\/v2\/categories?post=573626"},{"taxonomy":"post_tag","embeddable":true,"href":"https:\/\/www.europesays.com\/fr\/wp-json\/wp\/v2\/tags?post=573626"}],"curies":[{"name":"wp","href":"https:\/\/api.w.org\/{rel}","templated":true}]}}