{"id":573630,"date":"2025-12-02T17:51:15","date_gmt":"2025-12-02T17:51:15","guid":{"rendered":"https:\/\/www.europesays.com\/fr\/573630\/"},"modified":"2025-12-02T17:51:15","modified_gmt":"2025-12-02T17:51:15","slug":"un-depart-detape-a-barbentane-sur-paris-nice-en-2026","status":"publish","type":"post","link":"https:\/\/www.europesays.com\/fr\/573630\/","title":{"rendered":"un d\u00e9part d&rsquo;\u00e9tape \u00e0 Barbentane sur Paris-Nice en 2026"},"content":{"rendered":"<p>Selon nos informations, ce sera cette fois le d\u00e9part de l&rsquo;ant\u00e9p\u00e9nulti\u00e8me \u00e9tape, le vendredi 13 mars, qui sera donn\u00e9, ce qui devrait animer le village proven\u00e7al une bonne partie de la matin\u00e9e. La ville d&rsquo;arriv\u00e9e n&rsquo;est pas encore connue, mais le peloton prendra la direction du sud-est, puisque traditionnellement sur Paris-Nice, l&rsquo;\u00e9tape du samedi se termine \u00e0 Nice, avant une derni\u00e8re \u00e9tape autour de la cit\u00e9 des Anges le dimanche.<\/p>\n<p>Les r\u00e9ponses arriveront rapidement, puisque la r\u00e9v\u00e9lation du parcours de l&rsquo;\u00e9preuve est programm\u00e9e mercredi 17 d\u00e9cembre \u00e0 Versailles. Sur la carte de Paris-Nice 2026, alors, pourra s&rsquo;afficher officiellement Barbentane.<\/p>\n","protected":false},"excerpt":{"rendered":"Selon nos informations, ce sera cette fois le d\u00e9part de l&rsquo;ant\u00e9p\u00e9nulti\u00e8me \u00e9tape, le vendredi 13 mars, qui sera&hellip;\n","protected":false},"author":2,"featured_media":573631,"comment_status":"","ping_status":"","sticky":false,"template":"","format":"standard","meta":{"footnotes":""},"categories":[1888],"tags":[17,5734,11,68803,207,68802,3985,1777,674,1011,27,12,626,24772,25,60,3356],"class_list":{"0":"post-573630","1":"post","2":"type-post","3":"status-publish","4":"format-standard","5":"has-post-thumbnail","7":"category-paris","8":"tag-17","9":"tag-5734","10":"tag-actualites","11":"tag-barbentane","12":"tag-cyclisme","13":"tag-detape","14":"tag-depart","15":"tag-eu","16":"tag-europe","17":"tag-fr","18":"tag-france","19":"tag-news","20":"tag-paris","21":"tag-paris-nice","22":"tag-republique-francaise","23":"tag-sports","24":"tag-sur"},"share_on_mastodon":{"url":"https:\/\/pubeurope.com\/@fr\/115651247291036176","error":""},"_links":{"self":[{"href":"https:\/\/www.europesays.com\/fr\/wp-json\/wp\/v2\/posts\/573630","targetHints":{"allow":["GET"]}}],"collection":[{"href":"https:\/\/www.europesays.com\/fr\/wp-json\/wp\/v2\/posts"}],"about":[{"href":"https:\/\/www.europesays.com\/fr\/wp-json\/wp\/v2\/types\/post"}],"author":[{"embeddable":true,"href":"https:\/\/www.europesays.com\/fr\/wp-json\/wp\/v2\/users\/2"}],"replies":[{"embeddable":true,"href":"https:\/\/www.europesays.com\/fr\/wp-json\/wp\/v2\/comments?post=573630"}],"version-history":[{"count":0,"href":"https:\/\/www.europesays.com\/fr\/wp-json\/wp\/v2\/posts\/573630\/revisions"}],"wp:featuredmedia":[{"embeddable":true,"href":"https:\/\/www.europesays.com\/fr\/wp-json\/wp\/v2\/media\/573631"}],"wp:attachment":[{"href":"https:\/\/www.europesays.com\/fr\/wp-json\/wp\/v2\/media?parent=573630"}],"wp:term":[{"taxonomy":"category","embeddable":true,"href":"https:\/\/www.europesays.com\/fr\/wp-json\/wp\/v2\/categories?post=573630"},{"taxonomy":"post_tag","embeddable":true,"href":"https:\/\/www.europesays.com\/fr\/wp-json\/wp\/v2\/tags?post=573630"}],"curies":[{"name":"wp","href":"https:\/\/api.w.org\/{rel}","templated":true}]}}