{"id":573633,"date":"2025-12-02T17:53:12","date_gmt":"2025-12-02T17:53:12","guid":{"rendered":"https:\/\/www.europesays.com\/fr\/573633\/"},"modified":"2025-12-02T17:53:12","modified_gmt":"2025-12-02T17:53:12","slug":"ukraine-guerre-commerciale-et-pandas-au-menu-de-la-visite-de-macron-en-chine","status":"publish","type":"post","link":"https:\/\/www.europesays.com\/fr\/573633\/","title":{"rendered":"Ukraine, guerre commerciale et pandas au menu de la visite de Macron en Chine"},"content":{"rendered":"\n<p>\u201cLe pr\u00e9sident fran\u00e7ais s\u2019envole pour sa quatri\u00e8me visite officielle en Chine\u201d, <a href=\"https:\/\/www.bloomberg.com\/news\/newsletters\/2025-12-02\/eu-strives-to-keep-up-in-global-race-for-critical-raw-materials\" target=\"_blank\" rel=\"noopener\">annon\u00e7ait, mardi 2\u00a0d\u00e9cembre, le m\u00e9dia financier am\u00e9ricain <strong>Bloomberg<\/strong><\/a><strong>.<\/strong> Le chef de l\u2019\u00c9tat se rendra dans un premier temps \u00e0 P\u00e9kin, o\u00f9 il s\u2019entretiendra avec son homologue, Xi Jinping, \u201cpour un \u00e9change de points de vue sur les grands enjeux r\u00e9gionaux et internationaux\u201d, <a href=\"https:\/\/www.chinadaily.com.cn\/a\/202512\/02\/WS692e254ba310d6866eb2c5be.html\" target=\"_blank\" rel=\"noopener\">rapporte <strong>China Daily<\/strong><\/a><strong>,<\/strong> un quotidien anglophone align\u00e9 sur le discours officiel des autorit\u00e9s chinoises. Il rejoindra ensuite la ville de Chengdu, dans la province du Sichuan, dans le centre-ouest du pays, o\u00f9 se trouve le centre de conservation o\u00f9 vient d\u2019\u00eatre rapatri\u00e9 le couple de <a href=\"https:\/\/www.courrierinternational.com\/article\/vu-de-chine-les-bebes-pandas-illuminent-de-joie-la-france\" target=\"_blank\" rel=\"noopener\">pandas g\u00e9ants qui \u00e9taient h\u00e9berg\u00e9s au zoo de Beauval<\/a>.<\/p>\n<p>Cette visite de trois jours \u201cpermettra de poursuivre le d\u00e9veloppement de la relation franco-chinoise\u201d, expliquait l\u2019\u00c9lys\u00e9e dans un communiqu\u00e9, mercredi 26\u00a0novembre. L\u2019an dernier, le pr\u00e9sident chinois \u00e9tait venu en France pour le \u201csoixanti\u00e8me anniversaire de l\u2019instauration des relations diplomatiques\u201d entre les deux pays, rappelle China Daily.<\/p>\n<p>Le d\u00e9placement d\u2019Emmanuel Macron intervient alors que l\u2019Europe \u201cs\u2019efforce d\u2019\u00e9laborer rapidement une r\u00e9ponse au plan de paix pour l\u2019Ukraine de Donald Trump\u201d, <a class=\"ithalc\" data-ithal=\"lien_externe\" data-ithalc=\"[nav_article]\" target=\"_blank\" href=\"https:\/\/www.scmp.com\/news\/china\/diplomacy\/article\/3334285\/frances-emmanuel-macron-meet-xi-jinping-during-china-trip-next-week\" rel=\"noopener\">relate le <strong>South China Morning Post<\/strong><\/a><strong>, <\/strong>qui explique que \u201cla position de P\u00e9kin dans ce conflit d\u00e9range Paris et Bruxelles\u201d. Ils accusent en effet la Chine \u201cde soutenir la machine de guerre russe\u201d. La France \u201ca exprim\u00e9 son souhait de voir P\u00e9kin r\u00e9ussir \u00e0 persuader Moscou de respecter les r\u00e8gles de l\u2019ONU en sa qualit\u00e9 de membre permanent du Conseil de s\u00e9curit\u00e9\u201d, pr\u00e9cise le quotidien.<\/p>\n<p>                    Une \u201cd\u00e9pendance aux produits chinois\u201d       <\/p>\n<p>Si le South China Morning Post estime que les relations sont globalement bonnes entre les deux pays, China Daily va jusqu\u2019\u00e0 affirmer que P\u00e9kin voit en Paris \u201cun partenaire indispensable\u201d avec qui il peut \u201cmaintenir un vrai multilat\u00e9ralisme\u201d. \u201cEn tant que fondateurs de l\u2019ordre international post-Seconde Guerre mondiale\u201d et \u201cgrandes puissances\u201d, les deux pays \u201cpartagent une m\u00eame responsabilit\u00e9\u00a0: celle de r\u00e9sister aux conflits entre blocs\u201d et \u201cd\u2019emp\u00eacher le monde de sombrer dans des batailles de tyrans\u201d, ajoute le m\u00e9dia chinois.<\/p>\n<p>Une autre dominante de la rencontre concernera les \u201ctensions commerciales croissantes\u201d entre la Chine et l\u2019Europe, explique le South China Morning Post. Selon Bloomberg, le chef de l\u2019\u00c9tat, qui sera accompagn\u00e9 de plusieurs ministres et chefs d\u2019entreprise, souhaite \u201capaiser les relations entre l\u2019UE et P\u00e9kin, tendues depuis quelques mois \u00e0 la suite de la d\u00e9cision chinoise de limiter l\u2019exportation de terres rares\u201d.<\/p>\n<p>Emmanuel Macron d\u00e9fend notamment \u201cdes politiques commerciales plus protectionnistes au niveau europ\u00e9en, et milite pour la hausse des droits de douane sur les v\u00e9hicules \u00e9lectriques et l\u2019acier chinois\u201d, rappelle le South China Morning Post. \u201cLes entreprises europ\u00e9ennes ont mis trop longtemps \u00e0 comprendre l\u2019ampleur de leur d\u00e9pendance aux produits chinois, et il est indispensable de rattraper le temps perdu\u201d, conclut Bloomberg.<\/p>\n","protected":false},"excerpt":{"rendered":"\u201cLe pr\u00e9sident fran\u00e7ais s\u2019envole pour sa quatri\u00e8me visite officielle en Chine\u201d, annon\u00e7ait, mardi 2\u00a0d\u00e9cembre, le m\u00e9dia financier am\u00e9ricain&hellip;\n","protected":false},"author":2,"featured_media":573634,"comment_status":"","ping_status":"","sticky":false,"template":"","format":"standard","meta":{"footnotes":""},"categories":[1590],"tags":[11,6060,309,1073,1777,674,27,3821,12,220],"class_list":{"0":"post-573633","1":"post","2":"type-post","3":"status-publish","4":"format-standard","5":"has-post-thumbnail","7":"category-ukraine","8":"tag-actualites","9":"tag-asie","10":"tag-chine","11":"tag-emmanuel-macron","12":"tag-eu","13":"tag-europe","14":"tag-france","15":"tag-la-france-vue-de-lu2019u00e9tranger","16":"tag-news","17":"tag-ukraine"},"share_on_mastodon":{"url":"https:\/\/pubeurope.com\/@fr\/115651255049996062","error":""},"_links":{"self":[{"href":"https:\/\/www.europesays.com\/fr\/wp-json\/wp\/v2\/posts\/573633","targetHints":{"allow":["GET"]}}],"collection":[{"href":"https:\/\/www.europesays.com\/fr\/wp-json\/wp\/v2\/posts"}],"about":[{"href":"https:\/\/www.europesays.com\/fr\/wp-json\/wp\/v2\/types\/post"}],"author":[{"embeddable":true,"href":"https:\/\/www.europesays.com\/fr\/wp-json\/wp\/v2\/users\/2"}],"replies":[{"embeddable":true,"href":"https:\/\/www.europesays.com\/fr\/wp-json\/wp\/v2\/comments?post=573633"}],"version-history":[{"count":0,"href":"https:\/\/www.europesays.com\/fr\/wp-json\/wp\/v2\/posts\/573633\/revisions"}],"wp:featuredmedia":[{"embeddable":true,"href":"https:\/\/www.europesays.com\/fr\/wp-json\/wp\/v2\/media\/573634"}],"wp:attachment":[{"href":"https:\/\/www.europesays.com\/fr\/wp-json\/wp\/v2\/media?parent=573633"}],"wp:term":[{"taxonomy":"category","embeddable":true,"href":"https:\/\/www.europesays.com\/fr\/wp-json\/wp\/v2\/categories?post=573633"},{"taxonomy":"post_tag","embeddable":true,"href":"https:\/\/www.europesays.com\/fr\/wp-json\/wp\/v2\/tags?post=573633"}],"curies":[{"name":"wp","href":"https:\/\/api.w.org\/{rel}","templated":true}]}}